{"id":1034,"date":"2016-08-03T13:34:35","date_gmt":"2016-08-03T11:34:35","guid":{"rendered":"http:\/\/test.galeriehannabekkervomrath.de\/?p=1034"},"modified":"2024-03-19T15:36:13","modified_gmt":"2024-03-19T14:36:13","slug":"florian-koehler","status":"publish","type":"post","link":"https:\/\/www.galeriehannabekkervomrath.de\/en\/florian-koehler\/","title":{"rendered":"Florian K\u00f6hler"},"content":{"rendered":"<div class=\"wpb-content-wrapper\"><div class=\"vc_row wpb_row vc_row-fluid dt-default\" style=\"margin-top: 0px;margin-bottom: 0px\"><div class=\"wpb_column vc_column_container vc_col-sm-12\"><div class=\"vc_column-inner\"><div class=\"wpb_wrapper\"><div class=\"vc_tta-container\" data-vc-action=\"collapse\"><h2>Florian K\u00f6hler<\/h2><div class=\"vc_general vc_tta vc_tta-tabs vc_tta-color-white vc_tta-style-flat vc_tta-shape-square vc_tta-spacing-1 vc_tta-o-no-fill vc_tta-tabs-position-top vc_tta-controls-align-left vc_custom_1549608457812\"><div class=\"vc_tta-tabs-container\"><ul class=\"vc_tta-tabs-list\" role=\"tablist\"><li class=\"vc_tta-tab vc_active\" data-vc-tab role=\"presentation\"><a href=\"#1543913696353-02356048-572431f1-42b3\" data-vc-tabs data-vc-container=\".vc_tta\" role=\"tab\" aria-selected=\"false\" id=\"tab-1543913696353-02356048-572431f1-42b3\"><span class=\"vc_tta-title-text\">works<\/span><\/a><\/li><li class=\"vc_tta-tab\" data-vc-tab role=\"presentation\"><a href=\"#1543913696482-38b43962-0ba731f1-42b3\" data-vc-tabs data-vc-container=\".vc_tta\" role=\"tab\" aria-selected=\"false\" id=\"tab-1543913696482-38b43962-0ba731f1-42b3\"><span class=\"vc_tta-title-text\">biography<\/span><\/a><\/li><\/ul><\/div><div class=\"vc_tta-panels-container\"><div class=\"vc_tta-panels\"><div class=\"vc_tta-panel vc_active\" id=\"1543913696353-02356048-572431f1-42b3\" data-vc-content=\".vc_tta-panel-body\"><div class=\"vc_tta-panel-heading\"><h4 class=\"vc_tta-panel-title\"><a href=\"#1543913696353-02356048-572431f1-42b3\" data-vc-accordion data-vc-container=\".vc_tta-container\"><span class=\"vc_tta-title-text\">works<\/span><\/a><\/h4><\/div><div class=\"vc_tta-panel-body\"><div class=\"vc_row wpb_row vc_inner vc_row-fluid\"><div class=\"wpb_column vc_column_container vc_col-sm-6\"><div class=\"vc_column-inner\"><div class=\"wpb_wrapper\">\n\t<div  class=\"wpb_single_image wpb_content_element vc_align_left\">\n\t\t\n\t\t<figure class=\"wpb_wrapper vc_figure\">\n\t\t\t<a href=\"https:\/\/www.galeriehannabekkervomrath.de\/wp-content\/uploads\/FlorianK\u00f6hler-1935-2013-OHNE-TITEL-Frauenportrait-auf-gestreiftem-Sessel-1972-Acryl-auf-Leinwand-105x81cm-EURO-6000-scaled.jpg\" target=\"_self\" data-large_image_width=\"1200\" data-large_image_height=\"1565\"  class=\"vc_single_image-wrapper   vc_box_border_grey dt-pswp-item rollover rollover-zoom\"   ><img loading=\"lazy\" decoding=\"async\" width=\"307\" height=\"400\" src=\"https:\/\/www.galeriehannabekkervomrath.de\/wp-content\/uploads\/FlorianK\u00f6hler-1935-2013-OHNE-TITEL-Frauenportrait-auf-gestreiftem-Sessel-1972-Acryl-auf-Leinwand-105x81cm-EURO-6000-307x400.jpg\" class=\"vc_single_image-img attachment-medium\" alt=\"\" title=\"Florian K\u00f6hler\" srcset=\"https:\/\/www.galeriehannabekkervomrath.de\/wp-content\/uploads\/FlorianK\u00f6hler-1935-2013-OHNE-TITEL-Frauenportrait-auf-gestreiftem-Sessel-1972-Acryl-auf-Leinwand-105x81cm-EURO-6000-307x400.jpg 307w, https:\/\/www.galeriehannabekkervomrath.de\/wp-content\/uploads\/FlorianK\u00f6hler-1935-2013-OHNE-TITEL-Frauenportrait-auf-gestreiftem-Sessel-1972-Acryl-auf-Leinwand-105x81cm-EURO-6000-844x1100.jpg 844w, https:\/\/www.galeriehannabekkervomrath.de\/wp-content\/uploads\/FlorianK\u00f6hler-1935-2013-OHNE-TITEL-Frauenportrait-auf-gestreiftem-Sessel-1972-Acryl-auf-Leinwand-105x81cm-EURO-6000-768x1001.jpg 768w, https:\/\/www.galeriehannabekkervomrath.de\/wp-content\/uploads\/FlorianK\u00f6hler-1935-2013-OHNE-TITEL-Frauenportrait-auf-gestreiftem-Sessel-1972-Acryl-auf-Leinwand-105x81cm-EURO-6000-600x782.jpg 600w, https:\/\/www.galeriehannabekkervomrath.de\/wp-content\/uploads\/FlorianK\u00f6hler-1935-2013-OHNE-TITEL-Frauenportrait-auf-gestreiftem-Sessel-1972-Acryl-auf-Leinwand-105x81cm-EURO-6000-1178x1536.jpg 1178w, https:\/\/www.galeriehannabekkervomrath.de\/wp-content\/uploads\/FlorianK\u00f6hler-1935-2013-OHNE-TITEL-Frauenportrait-auf-gestreiftem-Sessel-1972-Acryl-auf-Leinwand-105x81cm-EURO-6000-1571x2048.jpg 1571w, https:\/\/www.galeriehannabekkervomrath.de\/wp-content\/uploads\/FlorianK\u00f6hler-1935-2013-OHNE-TITEL-Frauenportrait-auf-gestreiftem-Sessel-1972-Acryl-auf-Leinwand-105x81cm-EURO-6000-scaled.jpg 1200w\" sizes=\"auto, (max-width: 307px) 100vw, 307px\"  data-dt-location=\"https:\/\/www.galeriehannabekkervomrath.de\/en\/floriankoehler-1935-2013-ohne-titel-frauenportrait-auf-gestreiftem-sessel-1972-acryl-auf-leinwand-105x81cm-euro-6000\/\" \/><\/a><figcaption class=\"vc_figure-caption\">Untitled (Portrait of a woman on a striped armchair), 1972, acrylic on canvas, 105 x 81 cm <\/figcaption>\n\t\t<\/figure>\n\t<\/div>\n\n\t<div  class=\"wpb_single_image wpb_content_element vc_align_left\">\n\t\t\n\t\t<figure class=\"wpb_wrapper vc_figure\">\n\t\t\t<a href=\"https:\/\/www.galeriehannabekkervomrath.de\/wp-content\/uploads\/IMG_0150.jpg\" target=\"_self\" data-large_image_width=\"1435\" data-large_image_height=\"1200\"  class=\"vc_single_image-wrapper   vc_box_border_grey dt-pswp-item rollover rollover-zoom\"   ><img loading=\"lazy\" decoding=\"async\" width=\"400\" height=\"335\" src=\"https:\/\/www.galeriehannabekkervomrath.de\/wp-content\/uploads\/IMG_0150-400x335.jpg\" class=\"vc_single_image-img attachment-medium\" alt=\"\" title=\"Florian K\u00f6hler\" srcset=\"https:\/\/www.galeriehannabekkervomrath.de\/wp-content\/uploads\/IMG_0150-400x335.jpg 400w, https:\/\/www.galeriehannabekkervomrath.de\/wp-content\/uploads\/IMG_0150-1100x920.jpg 1100w, https:\/\/www.galeriehannabekkervomrath.de\/wp-content\/uploads\/IMG_0150-768x642.jpg 768w, https:\/\/www.galeriehannabekkervomrath.de\/wp-content\/uploads\/IMG_0150-600x502.jpg 600w, https:\/\/www.galeriehannabekkervomrath.de\/wp-content\/uploads\/IMG_0150-1536x1285.jpg 1536w, https:\/\/www.galeriehannabekkervomrath.de\/wp-content\/uploads\/IMG_0150-2048x1713.jpg 2048w, https:\/\/www.galeriehannabekkervomrath.de\/wp-content\/uploads\/IMG_0150.jpg 1435w\" sizes=\"auto, (max-width: 400px) 100vw, 400px\"  data-dt-location=\"https:\/\/www.galeriehannabekkervomrath.de\/en\/img_0150\/\" \/><\/a><figcaption class=\"vc_figure-caption\">Acrylic on canvas, 50 x 60 cm<\/figcaption>\n\t\t<\/figure>\n\t<\/div>\n\n\t<div  class=\"wpb_single_image wpb_content_element vc_align_left\">\n\t\t\n\t\t<figure class=\"wpb_wrapper vc_figure\">\n\t\t\t<a href=\"https:\/\/www.galeriehannabekkervomrath.de\/wp-content\/uploads\/IMG_0151.jpg\" target=\"_self\" data-large_image_width=\"1448\" data-large_image_height=\"1200\"  class=\"vc_single_image-wrapper   vc_box_border_grey dt-pswp-item rollover rollover-zoom\"   ><img loading=\"lazy\" decoding=\"async\" width=\"400\" height=\"332\" src=\"https:\/\/www.galeriehannabekkervomrath.de\/wp-content\/uploads\/IMG_0151-400x332.jpg\" class=\"vc_single_image-img attachment-medium\" alt=\"\" title=\"Florian K\u00f6hler\" srcset=\"https:\/\/www.galeriehannabekkervomrath.de\/wp-content\/uploads\/IMG_0151-400x332.jpg 400w, https:\/\/www.galeriehannabekkervomrath.de\/wp-content\/uploads\/IMG_0151-1100x912.jpg 1100w, https:\/\/www.galeriehannabekkervomrath.de\/wp-content\/uploads\/IMG_0151-768x637.jpg 768w, https:\/\/www.galeriehannabekkervomrath.de\/wp-content\/uploads\/IMG_0151-600x497.jpg 600w, https:\/\/www.galeriehannabekkervomrath.de\/wp-content\/uploads\/IMG_0151-1536x1273.jpg 1536w, https:\/\/www.galeriehannabekkervomrath.de\/wp-content\/uploads\/IMG_0151-2048x1697.jpg 2048w, https:\/\/www.galeriehannabekkervomrath.de\/wp-content\/uploads\/IMG_0151.jpg 1448w\" sizes=\"auto, (max-width: 400px) 100vw, 400px\"  data-dt-location=\"https:\/\/www.galeriehannabekkervomrath.de\/en\/img_0151\/\" \/><\/a><figcaption class=\"vc_figure-caption\">Acrylic on canvas, 50 x 60 cm<\/figcaption>\n\t\t<\/figure>\n\t<\/div>\n<\/div><\/div><\/div><div class=\"wpb_column vc_column_container vc_col-sm-6\"><div class=\"vc_column-inner\"><div class=\"wpb_wrapper\">\n\t<div  class=\"wpb_single_image wpb_content_element vc_align_left\">\n\t\t\n\t\t<figure class=\"wpb_wrapper vc_figure\">\n\t\t\t<a href=\"https:\/\/www.galeriehannabekkervomrath.de\/wp-content\/uploads\/Koehler_Interieur1968-1280x1214.jpg\" target=\"_self\" data-large_image_width=\"1280\" data-large_image_height=\"1214\"  class=\"vc_single_image-wrapper   vc_box_border_grey dt-pswp-item rollover rollover-zoom\"   ><img loading=\"lazy\" decoding=\"async\" width=\"400\" height=\"379\" src=\"https:\/\/www.galeriehannabekkervomrath.de\/wp-content\/uploads\/Koehler_Interieur1968-1280x1214-400x379.jpg\" class=\"vc_single_image-img attachment-medium\" alt=\"\" title=\"Florian K\u00f6hler\" srcset=\"https:\/\/www.galeriehannabekkervomrath.de\/wp-content\/uploads\/Koehler_Interieur1968-1280x1214-400x379.jpg 400w, https:\/\/www.galeriehannabekkervomrath.de\/wp-content\/uploads\/Koehler_Interieur1968-1280x1214-768x728.jpg 768w, https:\/\/www.galeriehannabekkervomrath.de\/wp-content\/uploads\/Koehler_Interieur1968-1280x1214-1100x1043.jpg 1100w, https:\/\/www.galeriehannabekkervomrath.de\/wp-content\/uploads\/Koehler_Interieur1968-1280x1214-600x569.jpg 600w, https:\/\/www.galeriehannabekkervomrath.de\/wp-content\/uploads\/Koehler_Interieur1968-1280x1214.jpg 1280w\" sizes=\"auto, (max-width: 400px) 100vw, 400px\"  data-dt-location=\"https:\/\/www.galeriehannabekkervomrath.de\/en\/florian-koehler\/koehler_interieur1968-1280x1214\/\" \/><\/a><figcaption class=\"vc_figure-caption\">Interior, 1968, dispersion, acrylic on canvas, 95 x 100 cm<\/figcaption>\n\t\t<\/figure>\n\t<\/div>\n\n\t<div  class=\"wpb_single_image wpb_content_element vc_align_left\">\n\t\t\n\t\t<figure class=\"wpb_wrapper vc_figure\">\n\t\t\t<a href=\"https:\/\/www.galeriehannabekkervomrath.de\/wp-content\/uploads\/IMG_0149.jpg\" target=\"_self\" data-large_image_width=\"1452\" data-large_image_height=\"1200\"  class=\"vc_single_image-wrapper   vc_box_border_grey dt-pswp-item rollover rollover-zoom\"   ><img loading=\"lazy\" decoding=\"async\" width=\"400\" height=\"331\" src=\"https:\/\/www.galeriehannabekkervomrath.de\/wp-content\/uploads\/IMG_0149-400x331.jpg\" class=\"vc_single_image-img attachment-medium\" alt=\"\" title=\"Florian K\u00f6hler\" srcset=\"https:\/\/www.galeriehannabekkervomrath.de\/wp-content\/uploads\/IMG_0149-400x331.jpg 400w, https:\/\/www.galeriehannabekkervomrath.de\/wp-content\/uploads\/IMG_0149-1100x909.jpg 1100w, https:\/\/www.galeriehannabekkervomrath.de\/wp-content\/uploads\/IMG_0149-768x635.jpg 768w, https:\/\/www.galeriehannabekkervomrath.de\/wp-content\/uploads\/IMG_0149-600x496.jpg 600w, https:\/\/www.galeriehannabekkervomrath.de\/wp-content\/uploads\/IMG_0149-1536x1270.jpg 1536w, https:\/\/www.galeriehannabekkervomrath.de\/wp-content\/uploads\/IMG_0149-2048x1693.jpg 2048w, https:\/\/www.galeriehannabekkervomrath.de\/wp-content\/uploads\/IMG_0149.jpg 1452w\" sizes=\"auto, (max-width: 400px) 100vw, 400px\"  data-dt-location=\"https:\/\/www.galeriehannabekkervomrath.de\/en\/img_0149\/\" \/><\/a><figcaption class=\"vc_figure-caption\">Acrylic on canvas, 50 x 60 cm<\/figcaption>\n\t\t<\/figure>\n\t<\/div>\n\n\t<div  class=\"wpb_single_image wpb_content_element vc_align_left\">\n\t\t\n\t\t<figure class=\"wpb_wrapper vc_figure\">\n\t\t\t<a href=\"https:\/\/www.galeriehannabekkervomrath.de\/wp-content\/uploads\/IMG_0153.jpg\" target=\"_self\" data-large_image_width=\"1446\" data-large_image_height=\"1200\"  class=\"vc_single_image-wrapper   vc_box_border_grey dt-pswp-item rollover rollover-zoom\"   ><img loading=\"lazy\" decoding=\"async\" width=\"400\" height=\"332\" src=\"https:\/\/www.galeriehannabekkervomrath.de\/wp-content\/uploads\/IMG_0153-400x332.jpg\" class=\"vc_single_image-img attachment-medium\" alt=\"\" title=\"Florian K\u00f6hler\" srcset=\"https:\/\/www.galeriehannabekkervomrath.de\/wp-content\/uploads\/IMG_0153-400x332.jpg 400w, https:\/\/www.galeriehannabekkervomrath.de\/wp-content\/uploads\/IMG_0153-1100x913.jpg 1100w, https:\/\/www.galeriehannabekkervomrath.de\/wp-content\/uploads\/IMG_0153-768x637.jpg 768w, https:\/\/www.galeriehannabekkervomrath.de\/wp-content\/uploads\/IMG_0153-600x498.jpg 600w, https:\/\/www.galeriehannabekkervomrath.de\/wp-content\/uploads\/IMG_0153-1536x1274.jpg 1536w, https:\/\/www.galeriehannabekkervomrath.de\/wp-content\/uploads\/IMG_0153-2048x1699.jpg 2048w, https:\/\/www.galeriehannabekkervomrath.de\/wp-content\/uploads\/IMG_0153.jpg 1446w\" sizes=\"auto, (max-width: 400px) 100vw, 400px\"  data-dt-location=\"https:\/\/www.galeriehannabekkervomrath.de\/en\/img_0153\/\" \/><\/a><figcaption class=\"vc_figure-caption\">Acrylic on canvas, 50 x 60 cm<\/figcaption>\n\t\t<\/figure>\n\t<\/div>\n\n\t<div  class=\"wpb_single_image wpb_content_element vc_align_left\">\n\t\t\n\t\t<figure class=\"wpb_wrapper vc_figure\">\n\t\t\t<a href=\"https:\/\/www.galeriehannabekkervomrath.de\/wp-content\/uploads\/IMG_0145-scaled.jpg\" target=\"_self\" data-large_image_width=\"1491\" data-large_image_height=\"1200\"  class=\"vc_single_image-wrapper   vc_box_border_grey dt-pswp-item rollover rollover-zoom\"   ><img loading=\"lazy\" decoding=\"async\" width=\"400\" height=\"322\" src=\"https:\/\/www.galeriehannabekkervomrath.de\/wp-content\/uploads\/IMG_0145-400x322.jpg\" class=\"vc_single_image-img attachment-medium\" alt=\"\" title=\"Florian K\u00f6hler\" srcset=\"https:\/\/www.galeriehannabekkervomrath.de\/wp-content\/uploads\/IMG_0145-400x322.jpg 400w, https:\/\/www.galeriehannabekkervomrath.de\/wp-content\/uploads\/IMG_0145-1100x885.jpg 1100w, https:\/\/www.galeriehannabekkervomrath.de\/wp-content\/uploads\/IMG_0145-768x618.jpg 768w, https:\/\/www.galeriehannabekkervomrath.de\/wp-content\/uploads\/IMG_0145-600x483.jpg 600w, https:\/\/www.galeriehannabekkervomrath.de\/wp-content\/uploads\/IMG_0145-1536x1236.jpg 1536w, https:\/\/www.galeriehannabekkervomrath.de\/wp-content\/uploads\/IMG_0145-2048x1648.jpg 2048w, https:\/\/www.galeriehannabekkervomrath.de\/wp-content\/uploads\/IMG_0145-scaled.jpg 1491w\" sizes=\"auto, (max-width: 400px) 100vw, 400px\"  data-dt-location=\"https:\/\/www.galeriehannabekkervomrath.de\/en\/img_0145\/\" \/><\/a><figcaption class=\"vc_figure-caption\">Acrylic on canvas, 50 x 60 cm<\/figcaption>\n\t\t<\/figure>\n\t<\/div>\n<\/div><\/div><\/div><div class=\"wpb_column vc_column_container vc_col-sm-4\"><div class=\"vc_column-inner\"><div class=\"wpb_wrapper\">\n\t<div  class=\"wpb_single_image wpb_content_element vc_align_left\">\n\t\t\n\t\t<figure class=\"wpb_wrapper vc_figure\">\n\t\t\t<a href=\"https:\/\/www.galeriehannabekkervomrath.de\/wp-content\/uploads\/3-K\u00f6hler-1967-1181x915.jpg\" target=\"_self\" data-large_image_width=\"1181\" data-large_image_height=\"915\"  class=\"vc_single_image-wrapper   vc_box_border_grey dt-pswp-item rollover rollover-zoom\"   ><img loading=\"lazy\" decoding=\"async\" width=\"400\" height=\"310\" src=\"https:\/\/www.galeriehannabekkervomrath.de\/wp-content\/uploads\/3-K\u00f6hler-1967-1181x915-400x310.jpg\" class=\"vc_single_image-img attachment-medium\" alt=\"\" title=\"Florian K\u00f6hler\" srcset=\"https:\/\/www.galeriehannabekkervomrath.de\/wp-content\/uploads\/3-K\u00f6hler-1967-1181x915-400x310.jpg 400w, https:\/\/www.galeriehannabekkervomrath.de\/wp-content\/uploads\/3-K\u00f6hler-1967-1181x915-768x595.jpg 768w, https:\/\/www.galeriehannabekkervomrath.de\/wp-content\/uploads\/3-K\u00f6hler-1967-1181x915-1100x852.jpg 1100w, https:\/\/www.galeriehannabekkervomrath.de\/wp-content\/uploads\/3-K\u00f6hler-1967-1181x915-600x465.jpg 600w, https:\/\/www.galeriehannabekkervomrath.de\/wp-content\/uploads\/3-K\u00f6hler-1967-1181x915.jpg 1181w\" sizes=\"auto, (max-width: 400px) 100vw, 400px\"  data-dt-location=\"https:\/\/www.galeriehannabekkervomrath.de\/en\/3-koehler-1967-1181x915\/\" \/><\/a>\n\t\t<\/figure>\n\t<\/div>\n\n\t<div  class=\"wpb_single_image wpb_content_element vc_align_left\">\n\t\t\n\t\t<figure class=\"wpb_wrapper vc_figure\">\n\t\t\t<a href=\"https:\/\/www.galeriehannabekkervomrath.de\/wp-content\/uploads\/Ol\u00e9ronII.jpeg\" target=\"_self\" data-large_image_width=\"647\" data-large_image_height=\"795\"  class=\"vc_single_image-wrapper   vc_box_border_grey dt-pswp-item rollover rollover-zoom\"   ><img loading=\"lazy\" decoding=\"async\" width=\"326\" height=\"400\" src=\"https:\/\/www.galeriehannabekkervomrath.de\/wp-content\/uploads\/Ol\u00e9ronII-326x400.jpeg\" class=\"vc_single_image-img attachment-medium\" alt=\"\" title=\"Florian K\u00f6hler\" srcset=\"https:\/\/www.galeriehannabekkervomrath.de\/wp-content\/uploads\/Ol\u00e9ronII-326x400.jpeg 326w, https:\/\/www.galeriehannabekkervomrath.de\/wp-content\/uploads\/Ol\u00e9ronII-600x737.jpeg 600w, https:\/\/www.galeriehannabekkervomrath.de\/wp-content\/uploads\/Ol\u00e9ronII.jpeg 647w\" sizes=\"auto, (max-width: 326px) 100vw, 326px\"  data-dt-location=\"https:\/\/www.galeriehannabekkervomrath.de\/en\/oleronii-2\/\" \/><\/a><figcaption class=\"vc_figure-caption\">Untitled (Ol\u00e9ron II), 1998, gouache on paper, 32.5 x 25 cm, estate stamp on the reverse<\/figcaption>\n\t\t<\/figure>\n\t<\/div>\n<\/div><\/div><\/div><div class=\"wpb_column vc_column_container vc_col-sm-4\"><div class=\"vc_column-inner\"><div class=\"wpb_wrapper\">\n\t<div  class=\"wpb_single_image wpb_content_element vc_align_left\">\n\t\t\n\t\t<figure class=\"wpb_wrapper vc_figure\">\n\t\t\t<a href=\"https:\/\/www.galeriehannabekkervomrath.de\/wp-content\/uploads\/Ol\u00e9ronIV.jpeg\" target=\"_self\" data-large_image_width=\"923\" data-large_image_height=\"680\"  class=\"vc_single_image-wrapper   vc_box_border_grey dt-pswp-item rollover rollover-zoom\"   ><img loading=\"lazy\" decoding=\"async\" width=\"400\" height=\"295\" src=\"https:\/\/www.galeriehannabekkervomrath.de\/wp-content\/uploads\/Ol\u00e9ronIV-400x295.jpeg\" class=\"vc_single_image-img attachment-medium\" alt=\"\" title=\"Florian K\u00f6hler\" srcset=\"https:\/\/www.galeriehannabekkervomrath.de\/wp-content\/uploads\/Ol\u00e9ronIV-400x295.jpeg 400w, https:\/\/www.galeriehannabekkervomrath.de\/wp-content\/uploads\/Ol\u00e9ronIV-768x566.jpeg 768w, https:\/\/www.galeriehannabekkervomrath.de\/wp-content\/uploads\/Ol\u00e9ronIV-600x442.jpeg 600w, https:\/\/www.galeriehannabekkervomrath.de\/wp-content\/uploads\/Ol\u00e9ronIV.jpeg 923w\" sizes=\"auto, (max-width: 400px) 100vw, 400px\"  data-dt-location=\"https:\/\/www.galeriehannabekkervomrath.de\/en\/oleroniv-2\/\" \/><\/a><figcaption class=\"vc_figure-caption\">Untitled (Ol\u00e9ron IV), 1998, gouache on paper, 25 x 32.5 cm, estate stamp on the reverse\n<\/figcaption>\n\t\t<\/figure>\n\t<\/div>\n<\/div><\/div><\/div><div class=\"wpb_column vc_column_container vc_col-sm-4\"><div class=\"vc_column-inner\"><div class=\"wpb_wrapper\">\n\t<div  class=\"wpb_single_image wpb_content_element vc_align_left\">\n\t\t\n\t\t<figure class=\"wpb_wrapper vc_figure\">\n\t\t\t<a href=\"https:\/\/www.galeriehannabekkervomrath.de\/wp-content\/uploads\/IMG_0209.jpg\" target=\"_self\" data-large_image_width=\"1373\" data-large_image_height=\"1036\"  class=\"vc_single_image-wrapper   vc_box_border_grey dt-pswp-item rollover rollover-zoom\"   ><img loading=\"lazy\" decoding=\"async\" width=\"400\" height=\"302\" src=\"https:\/\/www.galeriehannabekkervomrath.de\/wp-content\/uploads\/IMG_0209-400x302.jpg\" class=\"vc_single_image-img attachment-medium\" alt=\"\" title=\"Florian K\u00f6hler\" srcset=\"https:\/\/www.galeriehannabekkervomrath.de\/wp-content\/uploads\/IMG_0209-400x302.jpg 400w, https:\/\/www.galeriehannabekkervomrath.de\/wp-content\/uploads\/IMG_0209-1100x830.jpg 1100w, https:\/\/www.galeriehannabekkervomrath.de\/wp-content\/uploads\/IMG_0209-200x150.jpg 200w, https:\/\/www.galeriehannabekkervomrath.de\/wp-content\/uploads\/IMG_0209-768x579.jpg 768w, https:\/\/www.galeriehannabekkervomrath.de\/wp-content\/uploads\/IMG_0209-600x453.jpg 600w, https:\/\/www.galeriehannabekkervomrath.de\/wp-content\/uploads\/IMG_0209.jpg 1373w\" sizes=\"auto, (max-width: 400px) 100vw, 400px\"  data-dt-location=\"https:\/\/www.galeriehannabekkervomrath.de\/en\/img_0209\/\" \/><\/a><figcaption class=\"vc_figure-caption\">Gouache on paper, 25 x 32.5 cm<\/figcaption>\n\t\t<\/figure>\n\t<\/div>\n\n\t<div  class=\"wpb_single_image wpb_content_element vc_align_left\">\n\t\t\n\t\t<figure class=\"wpb_wrapper vc_figure\">\n\t\t\t<a href=\"https:\/\/www.galeriehannabekkervomrath.de\/wp-content\/uploads\/Ol\u00e9ronIII.jpeg\" target=\"_self\" data-large_image_width=\"887\" data-large_image_height=\"680\"  class=\"vc_single_image-wrapper   vc_box_border_grey dt-pswp-item rollover rollover-zoom\"   ><img loading=\"lazy\" decoding=\"async\" width=\"400\" height=\"307\" src=\"https:\/\/www.galeriehannabekkervomrath.de\/wp-content\/uploads\/Ol\u00e9ronIII-400x307.jpeg\" class=\"vc_single_image-img attachment-medium\" alt=\"\" title=\"Florian K\u00f6hler\" srcset=\"https:\/\/www.galeriehannabekkervomrath.de\/wp-content\/uploads\/Ol\u00e9ronIII-400x307.jpeg 400w, https:\/\/www.galeriehannabekkervomrath.de\/wp-content\/uploads\/Ol\u00e9ronIII-768x589.jpeg 768w, https:\/\/www.galeriehannabekkervomrath.de\/wp-content\/uploads\/Ol\u00e9ronIII-600x460.jpeg 600w, https:\/\/www.galeriehannabekkervomrath.de\/wp-content\/uploads\/Ol\u00e9ronIII.jpeg 887w\" sizes=\"auto, (max-width: 400px) 100vw, 400px\"  data-dt-location=\"https:\/\/www.galeriehannabekkervomrath.de\/en\/oleroniii-2\/\" \/><\/a><figcaption class=\"vc_figure-caption\">Untitled (Ol\u00e9ron III), 1998, gouache on paper, 25 x 32.5 cm, estate stamp on the reverse<\/figcaption>\n\t\t<\/figure>\n\t<\/div>\n<\/div><\/div><\/div><\/div><\/div><\/div><div class=\"vc_tta-panel\" id=\"1543913696482-38b43962-0ba731f1-42b3\" data-vc-content=\".vc_tta-panel-body\"><div class=\"vc_tta-panel-heading\"><h4 class=\"vc_tta-panel-title\"><a href=\"#1543913696482-38b43962-0ba731f1-42b3\" data-vc-accordion data-vc-container=\".vc_tta-container\"><span class=\"vc_tta-title-text\">biography<\/span><\/a><\/h4><\/div><div class=\"vc_tta-panel-body\">\n\t<div class=\"wpb_text_column wpb_content_element\" >\n\t\t<div class=\"wpb_wrapper\">\n\t\t\t<p><img loading=\"lazy\" decoding=\"async\" class=\"alignnone size-medium wp-image-2507\" src=\"https:\/\/www.galeriehannabekkervomrath.de\/wp-content\/uploads\/78706202_1280x720-400x225.jpg\" alt=\"\" width=\"400\" height=\"225\" srcset=\"https:\/\/www.galeriehannabekkervomrath.de\/wp-content\/uploads\/78706202_1280x720-400x225.jpg 400w, https:\/\/www.galeriehannabekkervomrath.de\/wp-content\/uploads\/78706202_1280x720-768x432.jpg 768w, https:\/\/www.galeriehannabekkervomrath.de\/wp-content\/uploads\/78706202_1280x720-1100x619.jpg 1100w, https:\/\/www.galeriehannabekkervomrath.de\/wp-content\/uploads\/78706202_1280x720-600x338.jpg 600w, https:\/\/www.galeriehannabekkervomrath.de\/wp-content\/uploads\/78706202_1280x720.jpg 1280w\" sizes=\"auto, (max-width: 400px) 100vw, 400px\" \/><\/p>\n<p>1935<br \/>\nBorn on January 28 in Frankfurt am Main<\/p>\n<p>1954<br \/>\nTrip to Madrid, Toledo, Spain and Portugal<\/p>\n<p>1955\/56<br \/>\nStudent of Prof. Theo Garve, evening school of the St\u00e4del, Frankfurt am Main;<br \/>\nTraineeship at the Klingspor type foundry, Offenbach am Main<\/p>\n<p>1956 - 1957<br \/>\nStudied under Prof. Heinz Battke and others at the St\u00e4delschule Frankfurt am Main<\/p>\n<p>1957 - 1963<br \/>\nStudied under Prof. Erich Glette and others at the Munich Art Academy<\/p>\n<p>1958<br \/>\nStudy visit to the island of Giglio, Italy (with Max Ackermann, Menke, Heino Naujoks and others)<\/p>\n<p>1959<br \/>\nFounding of the WIR group with Helmut Rieger and Heino Naujoks, Munich<br \/>\nWith Heino Naujoks participation in the \"School of Seeing\" by Oskar Kokoschka<br \/>\nTrip to Vienna with Kokoschka and the students<br \/>\nEstablishes close contacts in the Munich art scene, including Otto van de Loo and Hans Platschek<br \/>\nDiscussion of the publication by Platschek: \"Neue Figuration\", Munich 1959 (Piper)<br \/>\nIn the 1970s, K\u00f6hler met Platschek again in Hamburg; in the 1980s, he maintained close friendly contact (via Studio Galerie, Galerie von Loeper)<\/p>\n<p>1964 - 1965<br \/>\nCooperation between the SPUR and WIR groups, Munich<br \/>\nPublication of the magazine SPUR-WIR, Munich (K\u00f6hler)<br \/>\nJourney with Heino Naujoks through Spain and Portugal in a Fiat 500<br \/>\nAugust 1965 SPUR\/WIR travels to Basel in August to meet the Malanggans from Northern Ireland at the Ethnographic Museum there<\/p>\n<p>1966<br \/>\nMerger of the WIR and SPUR groups to form the GEFLECHT group, Munich<br \/>\nPublication of the magazine GEFLECHT, Munich (K\u00f6hler)<br \/>\nGEFLECHT trip to Berlin in September for the exhibition \"Labyrinthe\", Akademie der K\u00fcnste. Literature read and discussed in the groups, according to Anne K\u00f6hler: Mitscherlich (inhospitality of cities), Platschek (new figuration), Wilhelm Reich (sexual liberation), Jakob Levy Moreno (group dynamics, psychodrama).<\/p>\n<p>1967<br \/>\nIn January, GEFLECHT travels to Paris, visit from Jaqueline de Jong<br \/>\nGEFLECHT travels to Freiburg in May<\/p>\n<p>1968<br \/>\nTrip from GEFLECHT to the art market in Cologne.<br \/>\nGroup trip to documenta IV. Anne reports that Pop Art was of particular interest, Warhol, Wesselmann, Oldenburg. Intense discussions about the production of pictures and screen prints, Bachmayer against, K\u00f6hler and Naujoks in favor.<br \/>\nOpening exhibition of the group GEFLECHT at the Forum Galerie Van de Loo, Munich<br \/>\nDissolution of the GEFLECHT group<\/p>\n<p>1969<br \/>\nMoves to Hamburg together with Anne K\u00f6hler. Started work at the beginning of October in the shared apartment at Dorotheenstr. 143.<\/p>\n<p>1970<br \/>\nWinner of the \"Young Art in Hesse\" prize.<br \/>\nMarriage to Anne K\u00f6hler<\/p>\n<p>Early\/mid 1970s: member of the \"Gruppe Montag\" with address in the (Adam Jankowski, Tomislav Laux, Florian K\u00f6hler, Dieter R\u00fchmann, from this period a letter \"RE-AKTION\" to the director of dokumenta V, Harald Szeemann, possession as offset print in the Albertina, Vienna, INV.Nr.: DG2004\/8747, ill.). Close working contacts with the Hamburg \"Gruppe Werkstatt\" (especially Christoph Kr\u00e4mer, J\u00fcrgen Hockauf) and with students of the Institute of Art History at the University of Hamburg, seminars by Klaus Herding (especially Martin Deppner, Waltraud Brodersen, Klaus Haubner, Rosi Huhn, Claus Mewes).<br \/>\nCommitted to the anti-nuclear movement (Brokdorf)<\/p>\n<p>1974 - 2013<br \/>\nMember of the Professional Association of Visual Artists Hamburg.<\/p>\n<p>1990<br \/>\nFirst longer trip to the Ile d'Ol\u00e9ron, southwest France, since then numerous stays in the rental studio there in La Chefmali\u00e8re, C\u00f4te Sauvage.<\/p>\n<p>1996<br \/>\nVisiting professor at the University of Applied Sciences in Hamburg, Pentiment (painting)<\/p>\n<p>2013<br \/>\nDied on August 7 in Hamburg<\/p>\n\n\t\t<\/div>\n\t<\/div>\n<\/div><\/div><\/div><\/div><\/div><\/div><\/div><\/div><\/div><\/div>\n<\/div>","protected":false},"excerpt":{"rendered":"<p>Florian K\u00f6hlerWorksBiographyWorks Untitled (Portrait of a woman on a striped armchair), 1972, Acrylic on canvas, 105 x 81 cm Acrylic on canvas, 50 x 60 cm Acrylic on canvas, 50 x 60 cm Interior, 1968, Dispersion, Acrylic on canvas, 95 x 100 cm Acrylic on canvas, 50 x 60 cm Acrylic on canvas, 50 x 60 cm Acrylic...<\/p>","protected":false},"author":2,"featured_media":1461,"comment_status":"closed","ping_status":"open","sticky":false,"template":"","format":"standard","meta":{"footnotes":""},"categories":[22],"tags":[223,217,221,219,199],"class_list":["post-1034","post","type-post","status-publish","format-standard","has-post-thumbnail","hentry","category-kuenstler","tag-geflecht","tag-gruppe-spur","tag-gruppe-wir","tag-heinz-battke","tag-staedelschule","category-22","description-off"],"yoast_head":"<!-- This site is optimized with the Yoast SEO plugin v27.5 - https:\/\/yoast.com\/product\/yoast-seo-wordpress\/ -->\n<title>Florian K\u00f6hler - Galerie Hanna Bekker vom Rath<\/title>\n<meta name=\"description\" content=\"GALERIE HANNA BEKKER VOM RATH, Braubachstra\u00dfe 12, Frankfurt am Main. Die Galerie zeigt neben klassischer Moderne in der Tradition Hanna Bekker vom Raths auch immer wieder Werke aus interessanten Nachl\u00e4ssen von K\u00fcnstlern.\" \/>\n<meta name=\"robots\" content=\"index, follow, max-snippet:-1, max-image-preview:large, max-video-preview:-1\" \/>\n<link rel=\"canonical\" href=\"https:\/\/www.galeriehannabekkervomrath.de\/en\/florian-koehler\/\" \/>\n<meta property=\"og:locale\" content=\"en_US\" \/>\n<meta property=\"og:type\" content=\"article\" \/>\n<meta property=\"og:title\" content=\"Florian K\u00f6hler - Galerie Hanna Bekker vom Rath\" \/>\n<meta property=\"og:description\" content=\"GALERIE HANNA BEKKER VOM RATH, Braubachstra\u00dfe 12, Frankfurt am Main. Die Galerie zeigt neben klassischer Moderne in der Tradition Hanna Bekker vom Raths auch immer wieder Werke aus interessanten Nachl\u00e4ssen von K\u00fcnstlern.\" \/>\n<meta property=\"og:url\" content=\"https:\/\/www.galeriehannabekkervomrath.de\/en\/florian-koehler\/\" \/>\n<meta property=\"og:site_name\" content=\"Galerie Hanna Bekker vom Rath\" \/>\n<meta property=\"article:publisher\" content=\"https:\/\/www.facebook.com\/galeriehannabekkervomrath\/\" \/>\n<meta property=\"article:published_time\" content=\"2016-08-03T11:34:35+00:00\" \/>\n<meta property=\"article:modified_time\" content=\"2024-03-19T14:36:13+00:00\" \/>\n<meta property=\"og:image\" content=\"https:\/\/www.galeriehannabekkervomrath.de\/wp-content\/uploads\/Koehler_Interieur1968_gross1-600x569.jpg\" \/>\n\t<meta property=\"og:image:width\" content=\"600\" \/>\n\t<meta property=\"og:image:height\" content=\"569\" \/>\n\t<meta property=\"og:image:type\" content=\"image\/jpeg\" \/>\n<meta name=\"author\" content=\"Veit\" \/>\n<meta name=\"twitter:card\" content=\"summary_large_image\" \/>\n<meta name=\"twitter:label1\" content=\"Written by\" \/>\n\t<meta name=\"twitter:data1\" content=\"Veit\" \/>\n\t<meta name=\"twitter:label2\" content=\"Est. reading time\" \/>\n\t<meta name=\"twitter:data2\" content=\"6 minutes\" \/>\n<script type=\"application\/ld+json\" class=\"yoast-schema-graph\">{\"@context\":\"https:\\\/\\\/schema.org\",\"@graph\":[{\"@type\":\"WebPage\",\"@id\":\"https:\\\/\\\/www.galeriehannabekkervomrath.de\\\/florian-koehler\\\/\",\"url\":\"https:\\\/\\\/www.galeriehannabekkervomrath.de\\\/florian-koehler\\\/\",\"name\":\"Florian K\u00f6hler - Galerie Hanna Bekker vom Rath\",\"isPartOf\":{\"@id\":\"https:\\\/\\\/www.galeriehannabekkervomrath.de\\\/#website\"},\"primaryImageOfPage\":{\"@id\":\"https:\\\/\\\/www.galeriehannabekkervomrath.de\\\/florian-koehler\\\/#primaryimage\"},\"image\":{\"@id\":\"https:\\\/\\\/www.galeriehannabekkervomrath.de\\\/florian-koehler\\\/#primaryimage\"},\"thumbnailUrl\":\"https:\\\/\\\/www.galeriehannabekkervomrath.de\\\/wp-content\\\/uploads\\\/Koehler_Interieur1968_gross1-600x569.jpg\",\"datePublished\":\"2016-08-03T11:34:35+00:00\",\"dateModified\":\"2024-03-19T14:36:13+00:00\",\"description\":\"GALERIE HANNA BEKKER VOM RATH, Braubachstra\u00dfe 12, Frankfurt am Main. Die Galerie zeigt neben klassischer Moderne in der Tradition Hanna Bekker vom Raths auch immer wieder Werke aus interessanten Nachl\u00e4ssen von K\u00fcnstlern.\",\"breadcrumb\":{\"@id\":\"https:\\\/\\\/www.galeriehannabekkervomrath.de\\\/florian-koehler\\\/#breadcrumb\"},\"inLanguage\":\"en-US\",\"potentialAction\":[{\"@type\":\"ReadAction\",\"target\":[\"https:\\\/\\\/www.galeriehannabekkervomrath.de\\\/florian-koehler\\\/\"]}]},{\"@type\":\"ImageObject\",\"inLanguage\":\"en-US\",\"@id\":\"https:\\\/\\\/www.galeriehannabekkervomrath.de\\\/florian-koehler\\\/#primaryimage\",\"url\":\"https:\\\/\\\/www.galeriehannabekkervomrath.de\\\/wp-content\\\/uploads\\\/Koehler_Interieur1968_gross1-600x569.jpg\",\"contentUrl\":\"https:\\\/\\\/www.galeriehannabekkervomrath.de\\\/wp-content\\\/uploads\\\/Koehler_Interieur1968_gross1-600x569.jpg\",\"width\":600,\"height\":569},{\"@type\":\"BreadcrumbList\",\"@id\":\"https:\\\/\\\/www.galeriehannabekkervomrath.de\\\/florian-koehler\\\/#breadcrumb\",\"itemListElement\":[{\"@type\":\"ListItem\",\"position\":1,\"name\":\"Startseite\",\"item\":\"https:\\\/\\\/www.galeriehannabekkervomrath.de\\\/\"},{\"@type\":\"ListItem\",\"position\":2,\"name\":\"Florian K\u00f6hler\"}]},{\"@type\":\"WebSite\",\"@id\":\"https:\\\/\\\/www.galeriehannabekkervomrath.de\\\/#website\",\"url\":\"https:\\\/\\\/www.galeriehannabekkervomrath.de\\\/\",\"name\":\"Galerie Hanna Bekker vom Rath\",\"description\":\"Frankfurt am Main\",\"publisher\":{\"@id\":\"https:\\\/\\\/www.galeriehannabekkervomrath.de\\\/#organization\"},\"potentialAction\":[{\"@type\":\"SearchAction\",\"target\":{\"@type\":\"EntryPoint\",\"urlTemplate\":\"https:\\\/\\\/www.galeriehannabekkervomrath.de\\\/?s={search_term_string}\"},\"query-input\":{\"@type\":\"PropertyValueSpecification\",\"valueRequired\":true,\"valueName\":\"search_term_string\"}}],\"inLanguage\":\"en-US\"},{\"@type\":\"Organization\",\"@id\":\"https:\\\/\\\/www.galeriehannabekkervomrath.de\\\/#organization\",\"name\":\"Galerie Hanna Bekker vom Rath\",\"url\":\"https:\\\/\\\/www.galeriehannabekkervomrath.de\\\/\",\"logo\":{\"@type\":\"ImageObject\",\"inLanguage\":\"en-US\",\"@id\":\"https:\\\/\\\/www.galeriehannabekkervomrath.de\\\/#\\\/schema\\\/logo\\\/image\\\/\",\"url\":\"https:\\\/\\\/www.galeriehannabekkervomrath.de\\\/wp-content\\\/uploads\\\/ghbvr_icon.jpg\",\"contentUrl\":\"https:\\\/\\\/www.galeriehannabekkervomrath.de\\\/wp-content\\\/uploads\\\/ghbvr_icon.jpg\",\"width\":512,\"height\":512,\"caption\":\"Galerie Hanna Bekker vom Rath\"},\"image\":{\"@id\":\"https:\\\/\\\/www.galeriehannabekkervomrath.de\\\/#\\\/schema\\\/logo\\\/image\\\/\"},\"sameAs\":[\"https:\\\/\\\/www.facebook.com\\\/galeriehannabekkervomrath\\\/\",\"https:\\\/\\\/www.instagram.com\\\/galeriehbvr\\\/\"]}]}<\/script>\n<!-- \/ Yoast SEO plugin. -->","yoast_head_json":{"title":"Florian K\u00f6hler - Gallery Hanna Bekker vom Rath","description":"GALERIE HANNA BEKKER VOM RATH, Braubachstra\u00dfe 12, Frankfurt am Main. In addition to classic modern art in the tradition of Hanna Bekker vom Rath, the gallery also regularly shows works from interesting artists' estates.","robots":{"index":"index","follow":"follow","max-snippet":"max-snippet:-1","max-image-preview":"max-image-preview:large","max-video-preview":"max-video-preview:-1"},"canonical":"https:\/\/www.galeriehannabekkervomrath.de\/en\/florian-koehler\/","og_locale":"en_US","og_type":"article","og_title":"Florian K\u00f6hler - Galerie Hanna Bekker vom Rath","og_description":"GALERIE HANNA BEKKER VOM RATH, Braubachstra\u00dfe 12, Frankfurt am Main. Die Galerie zeigt neben klassischer Moderne in der Tradition Hanna Bekker vom Raths auch immer wieder Werke aus interessanten Nachl\u00e4ssen von K\u00fcnstlern.","og_url":"https:\/\/www.galeriehannabekkervomrath.de\/en\/florian-koehler\/","og_site_name":"Galerie Hanna Bekker vom Rath","article_publisher":"https:\/\/www.facebook.com\/galeriehannabekkervomrath\/","article_published_time":"2016-08-03T11:34:35+00:00","article_modified_time":"2024-03-19T14:36:13+00:00","og_image":[{"width":600,"height":569,"url":"https:\/\/www.galeriehannabekkervomrath.de\/wp-content\/uploads\/Koehler_Interieur1968_gross1-600x569.jpg","type":"image\/jpeg"}],"author":"Veit","twitter_card":"summary_large_image","twitter_misc":{"Written by":"Veit","Est. reading time":"6 minutes"},"schema":{"@context":"https:\/\/schema.org","@graph":[{"@type":"WebPage","@id":"https:\/\/www.galeriehannabekkervomrath.de\/florian-koehler\/","url":"https:\/\/www.galeriehannabekkervomrath.de\/florian-koehler\/","name":"Florian K\u00f6hler - Gallery Hanna Bekker vom Rath","isPartOf":{"@id":"https:\/\/www.galeriehannabekkervomrath.de\/#website"},"primaryImageOfPage":{"@id":"https:\/\/www.galeriehannabekkervomrath.de\/florian-koehler\/#primaryimage"},"image":{"@id":"https:\/\/www.galeriehannabekkervomrath.de\/florian-koehler\/#primaryimage"},"thumbnailUrl":"https:\/\/www.galeriehannabekkervomrath.de\/wp-content\/uploads\/Koehler_Interieur1968_gross1-600x569.jpg","datePublished":"2016-08-03T11:34:35+00:00","dateModified":"2024-03-19T14:36:13+00:00","description":"GALERIE HANNA BEKKER VOM RATH, Braubachstra\u00dfe 12, Frankfurt am Main. In addition to classic modern art in the tradition of Hanna Bekker vom Rath, the gallery also regularly shows works from interesting artists' estates.","breadcrumb":{"@id":"https:\/\/www.galeriehannabekkervomrath.de\/florian-koehler\/#breadcrumb"},"inLanguage":"en-US","potentialAction":[{"@type":"ReadAction","target":["https:\/\/www.galeriehannabekkervomrath.de\/florian-koehler\/"]}]},{"@type":"ImageObject","inLanguage":"en-US","@id":"https:\/\/www.galeriehannabekkervomrath.de\/florian-koehler\/#primaryimage","url":"https:\/\/www.galeriehannabekkervomrath.de\/wp-content\/uploads\/Koehler_Interieur1968_gross1-600x569.jpg","contentUrl":"https:\/\/www.galeriehannabekkervomrath.de\/wp-content\/uploads\/Koehler_Interieur1968_gross1-600x569.jpg","width":600,"height":569},{"@type":"BreadcrumbList","@id":"https:\/\/www.galeriehannabekkervomrath.de\/florian-koehler\/#breadcrumb","itemListElement":[{"@type":"ListItem","position":1,"name":"Startseite","item":"https:\/\/www.galeriehannabekkervomrath.de\/"},{"@type":"ListItem","position":2,"name":"Florian K\u00f6hler"}]},{"@type":"WebSite","@id":"https:\/\/www.galeriehannabekkervomrath.de\/#website","url":"https:\/\/www.galeriehannabekkervomrath.de\/","name":"Gallery Hanna Bekker vom Rath","description":"Frankfurt am Main","publisher":{"@id":"https:\/\/www.galeriehannabekkervomrath.de\/#organization"},"potentialAction":[{"@type":"SearchAction","target":{"@type":"EntryPoint","urlTemplate":"https:\/\/www.galeriehannabekkervomrath.de\/?s={search_term_string}"},"query-input":{"@type":"PropertyValueSpecification","valueRequired":true,"valueName":"search_term_string"}}],"inLanguage":"en-US"},{"@type":"Organization","@id":"https:\/\/www.galeriehannabekkervomrath.de\/#organization","name":"Gallery Hanna Bekker vom Rath","url":"https:\/\/www.galeriehannabekkervomrath.de\/","logo":{"@type":"ImageObject","inLanguage":"en-US","@id":"https:\/\/www.galeriehannabekkervomrath.de\/#\/schema\/logo\/image\/","url":"https:\/\/www.galeriehannabekkervomrath.de\/wp-content\/uploads\/ghbvr_icon.jpg","contentUrl":"https:\/\/www.galeriehannabekkervomrath.de\/wp-content\/uploads\/ghbvr_icon.jpg","width":512,"height":512,"caption":"Galerie Hanna Bekker vom Rath"},"image":{"@id":"https:\/\/www.galeriehannabekkervomrath.de\/#\/schema\/logo\/image\/"},"sameAs":["https:\/\/www.facebook.com\/galeriehannabekkervomrath\/","https:\/\/www.instagram.com\/galeriehbvr\/"]}]}},"_links":{"self":[{"href":"https:\/\/www.galeriehannabekkervomrath.de\/en\/wp-json\/wp\/v2\/posts\/1034","targetHints":{"allow":["GET"]}}],"collection":[{"href":"https:\/\/www.galeriehannabekkervomrath.de\/en\/wp-json\/wp\/v2\/posts"}],"about":[{"href":"https:\/\/www.galeriehannabekkervomrath.de\/en\/wp-json\/wp\/v2\/types\/post"}],"author":[{"embeddable":true,"href":"https:\/\/www.galeriehannabekkervomrath.de\/en\/wp-json\/wp\/v2\/users\/2"}],"replies":[{"embeddable":true,"href":"https:\/\/www.galeriehannabekkervomrath.de\/en\/wp-json\/wp\/v2\/comments?post=1034"}],"version-history":[{"count":4,"href":"https:\/\/www.galeriehannabekkervomrath.de\/en\/wp-json\/wp\/v2\/posts\/1034\/revisions"}],"predecessor-version":[{"id":6226,"href":"https:\/\/www.galeriehannabekkervomrath.de\/en\/wp-json\/wp\/v2\/posts\/1034\/revisions\/6226"}],"wp:featuredmedia":[{"embeddable":true,"href":"https:\/\/www.galeriehannabekkervomrath.de\/en\/wp-json\/wp\/v2\/media\/1461"}],"wp:attachment":[{"href":"https:\/\/www.galeriehannabekkervomrath.de\/en\/wp-json\/wp\/v2\/media?parent=1034"}],"wp:term":[{"taxonomy":"category","embeddable":true,"href":"https:\/\/www.galeriehannabekkervomrath.de\/en\/wp-json\/wp\/v2\/categories?post=1034"},{"taxonomy":"post_tag","embeddable":true,"href":"https:\/\/www.galeriehannabekkervomrath.de\/en\/wp-json\/wp\/v2\/tags?post=1034"}],"curies":[{"name":"wp","href":"https:\/\/api.w.org\/{rel}","templated":true}]}}