{"id":1198,"date":"2017-03-08T11:24:09","date_gmt":"2017-03-08T10:24:09","guid":{"rendered":"http:\/\/test.galeriehannabekkervomrath.de\/?p=1198"},"modified":"2023-09-12T14:31:47","modified_gmt":"2023-09-12T12:31:47","slug":"winand-victor","status":"publish","type":"post","link":"https:\/\/www.galeriehannabekkervomrath.de\/en\/winand-victor\/","title":{"rendered":"Winand Victor"},"content":{"rendered":"<div class=\"wpb-content-wrapper\"><div class=\"vc_row wpb_row vc_row-fluid dt-default\" style=\"margin-top: 0px;margin-bottom: 0px\"><div class=\"wpb_column vc_column_container vc_col-sm-12\"><div class=\"vc_column-inner\"><div class=\"wpb_wrapper\"><div class=\"vc_tta-container\" data-vc-action=\"collapse\"><h2>WINAND VICTOR<\/h2><div class=\"vc_general vc_tta vc_tta-tabs vc_tta-color-white vc_tta-style-flat vc_tta-shape-square vc_tta-spacing-1 vc_tta-o-no-fill vc_tta-tabs-position-top vc_tta-controls-align-left vc_custom_1549612676421\"><div class=\"vc_tta-tabs-container\"><ul class=\"vc_tta-tabs-list\" role=\"tablist\"><li class=\"vc_tta-tab vc_active\" data-vc-tab role=\"presentation\"><a href=\"#1543913696353-02356048-5724cd67-ab9b\" data-vc-tabs data-vc-container=\".vc_tta\" role=\"tab\" aria-selected=\"false\" id=\"tab-1543913696353-02356048-5724cd67-ab9b\"><span class=\"vc_tta-title-text\">works<\/span><\/a><\/li><li class=\"vc_tta-tab\" data-vc-tab role=\"presentation\"><a href=\"#1543913696482-38b43962-0ba7cd67-ab9b\" data-vc-tabs data-vc-container=\".vc_tta\" role=\"tab\" aria-selected=\"false\" id=\"tab-1543913696482-38b43962-0ba7cd67-ab9b\"><span class=\"vc_tta-title-text\">biography<\/span><\/a><\/li><li class=\"vc_tta-tab\" data-vc-tab role=\"presentation\"><a href=\"#1543913696555-d48f078b-1ce7cd67-ab9b\" data-vc-tabs data-vc-container=\".vc_tta\" role=\"tab\" aria-selected=\"false\" id=\"tab-1543913696555-d48f078b-1ce7cd67-ab9b\"><span class=\"vc_tta-title-text\">exhibitions and collections<\/span><\/a><\/li><\/ul><\/div><div class=\"vc_tta-panels-container\"><div class=\"vc_tta-panels\"><div class=\"vc_tta-panel vc_active\" id=\"1543913696353-02356048-5724cd67-ab9b\" data-vc-content=\".vc_tta-panel-body\"><div class=\"vc_tta-panel-heading\"><h4 class=\"vc_tta-panel-title\"><a href=\"#1543913696353-02356048-5724cd67-ab9b\" data-vc-accordion data-vc-container=\".vc_tta-container\"><span class=\"vc_tta-title-text\">works<\/span><\/a><\/h4><\/div><div class=\"vc_tta-panel-body\"><div class=\"vc_row wpb_row vc_inner vc_row-fluid\"><div class=\"wpb_column vc_column_container vc_col-sm-4\"><div class=\"vc_column-inner\"><div class=\"wpb_wrapper\">\n\t<div  class=\"wpb_single_image wpb_content_element vc_align_left\">\n\t\t\n\t\t<figure class=\"wpb_wrapper vc_figure\">\n\t\t\t<a href=\"https:\/\/www.galeriehannabekkervomrath.de\/wp-content\/uploads\/Roter_Mantel-3.jpg\" target=\"_self\" data-large_image_width=\"1334\" data-large_image_height=\"1931\"  class=\"vc_single_image-wrapper   vc_box_border_grey dt-pswp-item rollover rollover-zoom\"   ><img loading=\"lazy\" decoding=\"async\" width=\"276\" height=\"400\" src=\"https:\/\/www.galeriehannabekkervomrath.de\/wp-content\/uploads\/Roter_Mantel-3-276x400.jpg\" class=\"vc_single_image-img attachment-medium\" alt=\"\" title=\"Winand Victor\" srcset=\"https:\/\/www.galeriehannabekkervomrath.de\/wp-content\/uploads\/Roter_Mantel-3-276x400.jpg 276w, https:\/\/www.galeriehannabekkervomrath.de\/wp-content\/uploads\/Roter_Mantel-3-768x1112.jpg 768w, https:\/\/www.galeriehannabekkervomrath.de\/wp-content\/uploads\/Roter_Mantel-3-760x1100.jpg 760w, https:\/\/www.galeriehannabekkervomrath.de\/wp-content\/uploads\/Roter_Mantel-3-600x869.jpg 600w, https:\/\/www.galeriehannabekkervomrath.de\/wp-content\/uploads\/Roter_Mantel-3.jpg 1334w\" sizes=\"auto, (max-width: 276px) 100vw, 276px\"  data-dt-location=\"https:\/\/www.galeriehannabekkervomrath.de\/en\/winand-victor\/roter_mantel-4\/\" \/><\/a><figcaption class=\"vc_figure-caption\">Der Rote Mantel I, 1994, acrylic on canvas on wood, 98 x 72.5 cm<\/figcaption>\n\t\t<\/figure>\n\t<\/div>\n\n\t<div  class=\"wpb_single_image wpb_content_element vc_align_left\">\n\t\t\n\t\t<figure class=\"wpb_wrapper vc_figure\">\n\t\t\t<a href=\"https:\/\/www.galeriehannabekkervomrath.de\/wp-content\/uploads\/IMG_9867-scaled.jpg\" target=\"_self\" data-large_image_width=\"1200\" data-large_image_height=\"1724\"  class=\"vc_single_image-wrapper   vc_box_border_grey dt-pswp-item rollover rollover-zoom\"   ><img loading=\"lazy\" decoding=\"async\" width=\"278\" height=\"400\" src=\"https:\/\/www.galeriehannabekkervomrath.de\/wp-content\/uploads\/IMG_9867-278x400.jpg\" class=\"vc_single_image-img attachment-medium\" alt=\"\" title=\"Winand Victor\" srcset=\"https:\/\/www.galeriehannabekkervomrath.de\/wp-content\/uploads\/IMG_9867-278x400.jpg 278w, https:\/\/www.galeriehannabekkervomrath.de\/wp-content\/uploads\/IMG_9867-766x1100.jpg 766w, https:\/\/www.galeriehannabekkervomrath.de\/wp-content\/uploads\/IMG_9867-768x1103.jpg 768w, https:\/\/www.galeriehannabekkervomrath.de\/wp-content\/uploads\/IMG_9867-600x862.jpg 600w, https:\/\/www.galeriehannabekkervomrath.de\/wp-content\/uploads\/IMG_9867-1069x1536.jpg 1069w, https:\/\/www.galeriehannabekkervomrath.de\/wp-content\/uploads\/IMG_9867-1425x2048.jpg 1425w, https:\/\/www.galeriehannabekkervomrath.de\/wp-content\/uploads\/IMG_9867-scaled.jpg 1200w\" sizes=\"auto, (max-width: 278px) 100vw, 278px\"  data-dt-location=\"https:\/\/www.galeriehannabekkervomrath.de\/en\/img_9867\/\" \/><\/a><figcaption class=\"vc_figure-caption\">The Incorruptible, 1988, 28 x 21 cm, 16\/130<\/figcaption>\n\t\t<\/figure>\n\t<\/div>\n\n\t<div  class=\"wpb_single_image wpb_content_element vc_align_left\">\n\t\t\n\t\t<figure class=\"wpb_wrapper vc_figure\">\n\t\t\t<a href=\"https:\/\/www.galeriehannabekkervomrath.de\/wp-content\/uploads\/IMG_9870-scaled.jpg\" target=\"_self\" data-large_image_width=\"1695\" data-large_image_height=\"1200\"  class=\"vc_single_image-wrapper   vc_box_border_grey dt-pswp-item rollover rollover-zoom\"   ><img loading=\"lazy\" decoding=\"async\" width=\"400\" height=\"283\" src=\"https:\/\/www.galeriehannabekkervomrath.de\/wp-content\/uploads\/IMG_9870-400x283.jpg\" class=\"vc_single_image-img attachment-medium\" alt=\"\" title=\"Winand Victor\" srcset=\"https:\/\/www.galeriehannabekkervomrath.de\/wp-content\/uploads\/IMG_9870-400x283.jpg 400w, https:\/\/www.galeriehannabekkervomrath.de\/wp-content\/uploads\/IMG_9870-1100x779.jpg 1100w, https:\/\/www.galeriehannabekkervomrath.de\/wp-content\/uploads\/IMG_9870-768x544.jpg 768w, https:\/\/www.galeriehannabekkervomrath.de\/wp-content\/uploads\/IMG_9870-600x425.jpg 600w, https:\/\/www.galeriehannabekkervomrath.de\/wp-content\/uploads\/IMG_9870-1536x1087.jpg 1536w, https:\/\/www.galeriehannabekkervomrath.de\/wp-content\/uploads\/IMG_9870-2048x1450.jpg 2048w, https:\/\/www.galeriehannabekkervomrath.de\/wp-content\/uploads\/IMG_9870-scaled.jpg 1695w\" sizes=\"auto, (max-width: 400px) 100vw, 400px\"  data-dt-location=\"https:\/\/www.galeriehannabekkervomrath.de\/en\/img_9870\/\" \/><\/a><figcaption class=\"vc_figure-caption\">Waiting at the traffic light, 1980, watercolor sketch, 21 x 28 cm<\/figcaption>\n\t\t<\/figure>\n\t<\/div>\n\n\t<div  class=\"wpb_single_image wpb_content_element vc_align_left\">\n\t\t\n\t\t<figure class=\"wpb_wrapper vc_figure\">\n\t\t\t<a href=\"https:\/\/www.galeriehannabekkervomrath.de\/wp-content\/uploads\/IMG_9869-scaled.jpg\" target=\"_self\" data-large_image_width=\"1200\" data-large_image_height=\"1665\"  class=\"vc_single_image-wrapper   vc_box_border_grey dt-pswp-item rollover rollover-zoom\"   ><img loading=\"lazy\" decoding=\"async\" width=\"288\" height=\"400\" src=\"https:\/\/www.galeriehannabekkervomrath.de\/wp-content\/uploads\/IMG_9869-288x400.jpg\" class=\"vc_single_image-img attachment-medium\" alt=\"\" title=\"Winand Victor\" srcset=\"https:\/\/www.galeriehannabekkervomrath.de\/wp-content\/uploads\/IMG_9869-288x400.jpg 288w, https:\/\/www.galeriehannabekkervomrath.de\/wp-content\/uploads\/IMG_9869-793x1100.jpg 793w, https:\/\/www.galeriehannabekkervomrath.de\/wp-content\/uploads\/IMG_9869-768x1065.jpg 768w, https:\/\/www.galeriehannabekkervomrath.de\/wp-content\/uploads\/IMG_9869-600x832.jpg 600w, https:\/\/www.galeriehannabekkervomrath.de\/wp-content\/uploads\/IMG_9869-1107x1536.jpg 1107w, https:\/\/www.galeriehannabekkervomrath.de\/wp-content\/uploads\/IMG_9869-1476x2048.jpg 1476w, https:\/\/www.galeriehannabekkervomrath.de\/wp-content\/uploads\/IMG_9869-scaled.jpg 1200w\" sizes=\"auto, (max-width: 288px) 100vw, 288px\"  data-dt-location=\"https:\/\/www.galeriehannabekkervomrath.de\/en\/img_9869\/\" \/><\/a><figcaption class=\"vc_figure-caption\">Untitled, 27 x 20 cm, 6\/35<\/figcaption>\n\t\t<\/figure>\n\t<\/div>\n\n\t<div  class=\"wpb_single_image wpb_content_element vc_align_left\">\n\t\t\n\t\t<figure class=\"wpb_wrapper vc_figure\">\n\t\t\t<a href=\"https:\/\/www.galeriehannabekkervomrath.de\/wp-content\/uploads\/IMG_9872-scaled.jpg\" target=\"_self\" data-large_image_width=\"1200\" data-large_image_height=\"1825\"  class=\"vc_single_image-wrapper   vc_box_border_grey dt-pswp-item rollover rollover-zoom\"   ><img loading=\"lazy\" decoding=\"async\" width=\"263\" height=\"400\" src=\"https:\/\/www.galeriehannabekkervomrath.de\/wp-content\/uploads\/IMG_9872-263x400.jpg\" class=\"vc_single_image-img attachment-medium\" alt=\"\" title=\"Winand Victor\" srcset=\"https:\/\/www.galeriehannabekkervomrath.de\/wp-content\/uploads\/IMG_9872-263x400.jpg 263w, https:\/\/www.galeriehannabekkervomrath.de\/wp-content\/uploads\/IMG_9872-723x1100.jpg 723w, https:\/\/www.galeriehannabekkervomrath.de\/wp-content\/uploads\/IMG_9872-768x1168.jpg 768w, https:\/\/www.galeriehannabekkervomrath.de\/wp-content\/uploads\/IMG_9872-600x913.jpg 600w, https:\/\/www.galeriehannabekkervomrath.de\/wp-content\/uploads\/IMG_9872-1010x1536.jpg 1010w, https:\/\/www.galeriehannabekkervomrath.de\/wp-content\/uploads\/IMG_9872-1346x2048.jpg 1346w, https:\/\/www.galeriehannabekkervomrath.de\/wp-content\/uploads\/IMG_9872-scaled.jpg 1200w\" sizes=\"auto, (max-width: 263px) 100vw, 263px\"  data-dt-location=\"https:\/\/www.galeriehannabekkervomrath.de\/en\/img_9872\/\" \/><\/a><figcaption class=\"vc_figure-caption\">Study for the portfolio \"Spiegelungen\", 1987, 48 x 32 cm<\/figcaption>\n\t\t<\/figure>\n\t<\/div>\n<\/div><\/div><\/div><div class=\"wpb_column vc_column_container vc_col-sm-4\"><div class=\"vc_column-inner\"><div class=\"wpb_wrapper\">\n\t<div  class=\"wpb_single_image wpb_content_element vc_align_left\">\n\t\t\n\t\t<figure class=\"wpb_wrapper vc_figure\">\n\t\t\t<a href=\"https:\/\/www.galeriehannabekkervomrath.de\/wp-content\/uploads\/F\u00fcr-HBvR.jpg\" target=\"_self\" data-large_image_width=\"1395\" data-large_image_height=\"1200\"  class=\"vc_single_image-wrapper   vc_box_border_grey dt-pswp-item rollover rollover-zoom\"   ><img loading=\"lazy\" decoding=\"async\" width=\"400\" height=\"344\" src=\"https:\/\/www.galeriehannabekkervomrath.de\/wp-content\/uploads\/F\u00fcr-HBvR-400x344.jpg\" class=\"vc_single_image-img attachment-medium\" alt=\"\" title=\"Winand Victor\" srcset=\"https:\/\/www.galeriehannabekkervomrath.de\/wp-content\/uploads\/F\u00fcr-HBvR-400x344.jpg 400w, https:\/\/www.galeriehannabekkervomrath.de\/wp-content\/uploads\/F\u00fcr-HBvR-1100x946.jpg 1100w, https:\/\/www.galeriehannabekkervomrath.de\/wp-content\/uploads\/F\u00fcr-HBvR-768x660.jpg 768w, https:\/\/www.galeriehannabekkervomrath.de\/wp-content\/uploads\/F\u00fcr-HBvR-600x516.jpg 600w, https:\/\/www.galeriehannabekkervomrath.de\/wp-content\/uploads\/F\u00fcr-HBvR.jpg 1395w\" sizes=\"auto, (max-width: 400px) 100vw, 400px\"  data-dt-location=\"https:\/\/www.galeriehannabekkervomrath.de\/en\/fuer-hbvr\/\" \/><\/a><figcaption class=\"vc_figure-caption\">Threatening, 1977, acrylic on laid paper, 49 x 57 (80 x 96 cm), signed, dated\n<\/figcaption>\n\t\t<\/figure>\n\t<\/div>\n\n\t<div  class=\"wpb_single_image wpb_content_element vc_align_left\">\n\t\t\n\t\t<figure class=\"wpb_wrapper vc_figure\">\n\t\t\t<a href=\"https:\/\/www.galeriehannabekkervomrath.de\/wp-content\/uploads\/Victor_Winand_Herbst-1989-1-2-1-e1554213684374.jpg\" target=\"_self\" data-large_image_width=\"1200\" data-large_image_height=\"1686\"  class=\"vc_single_image-wrapper   vc_box_border_grey dt-pswp-item rollover rollover-zoom\"   ><img loading=\"lazy\" decoding=\"async\" width=\"285\" height=\"400\" src=\"https:\/\/www.galeriehannabekkervomrath.de\/wp-content\/uploads\/Victor_Winand_Herbst-1989-1-2-1-e1554213684374-285x400.jpg\" class=\"vc_single_image-img attachment-medium\" alt=\"\" title=\"Winand Victor\" srcset=\"https:\/\/www.galeriehannabekkervomrath.de\/wp-content\/uploads\/Victor_Winand_Herbst-1989-1-2-1-e1554213684374-285x400.jpg 285w, https:\/\/www.galeriehannabekkervomrath.de\/wp-content\/uploads\/Victor_Winand_Herbst-1989-1-2-1-e1554213684374-768x1079.jpg 768w, https:\/\/www.galeriehannabekkervomrath.de\/wp-content\/uploads\/Victor_Winand_Herbst-1989-1-2-1-e1554213684374-783x1100.jpg 783w, https:\/\/www.galeriehannabekkervomrath.de\/wp-content\/uploads\/Victor_Winand_Herbst-1989-1-2-1-e1554213684374-600x843.jpg 600w, https:\/\/www.galeriehannabekkervomrath.de\/wp-content\/uploads\/Victor_Winand_Herbst-1989-1-2-1-e1554213684374.jpg 1200w\" sizes=\"auto, (max-width: 285px) 100vw, 285px\"  data-dt-location=\"https:\/\/www.galeriehannabekkervomrath.de\/en\/victor_winand_herbst-1989-1-2-2\/\" \/><\/a><figcaption class=\"vc_figure-caption\">Autumn, 1989<\/figcaption>\n\t\t<\/figure>\n\t<\/div>\n\n\t<div  class=\"wpb_single_image wpb_content_element vc_align_left\">\n\t\t\n\t\t<figure class=\"wpb_wrapper vc_figure\">\n\t\t\t<a href=\"https:\/\/www.galeriehannabekkervomrath.de\/wp-content\/uploads\/IMG_9866-scaled.jpg\" target=\"_self\" data-large_image_width=\"1200\" data-large_image_height=\"1629\"  class=\"vc_single_image-wrapper   vc_box_border_grey dt-pswp-item rollover rollover-zoom\"   ><img loading=\"lazy\" decoding=\"async\" width=\"295\" height=\"400\" src=\"https:\/\/www.galeriehannabekkervomrath.de\/wp-content\/uploads\/IMG_9866-295x400.jpg\" class=\"vc_single_image-img attachment-medium\" alt=\"\" title=\"Winand Victor\" srcset=\"https:\/\/www.galeriehannabekkervomrath.de\/wp-content\/uploads\/IMG_9866-295x400.jpg 295w, https:\/\/www.galeriehannabekkervomrath.de\/wp-content\/uploads\/IMG_9866-810x1100.jpg 810w, https:\/\/www.galeriehannabekkervomrath.de\/wp-content\/uploads\/IMG_9866-768x1043.jpg 768w, https:\/\/www.galeriehannabekkervomrath.de\/wp-content\/uploads\/IMG_9866-600x815.jpg 600w, https:\/\/www.galeriehannabekkervomrath.de\/wp-content\/uploads\/IMG_9866-1131x1536.jpg 1131w, https:\/\/www.galeriehannabekkervomrath.de\/wp-content\/uploads\/IMG_9866-1509x2048.jpg 1509w, https:\/\/www.galeriehannabekkervomrath.de\/wp-content\/uploads\/IMG_9866-scaled.jpg 1200w\" sizes=\"auto, (max-width: 295px) 100vw, 295px\"  data-dt-location=\"https:\/\/www.galeriehannabekkervomrath.de\/en\/img_9866\/\" \/><\/a><figcaption class=\"vc_figure-caption\">Winter in the city, 194, Pastel on paper, 42 x 32 cm<\/figcaption>\n\t\t<\/figure>\n\t<\/div>\n\n\t<div  class=\"wpb_single_image wpb_content_element vc_align_left\">\n\t\t\n\t\t<figure class=\"wpb_wrapper vc_figure\">\n\t\t\t<a href=\"https:\/\/www.galeriehannabekkervomrath.de\/wp-content\/uploads\/IMG_9868-scaled.jpg\" target=\"_self\" data-large_image_width=\"1200\" data-large_image_height=\"1756\"  class=\"vc_single_image-wrapper   vc_box_border_grey dt-pswp-item rollover rollover-zoom\"   ><img loading=\"lazy\" decoding=\"async\" width=\"273\" height=\"400\" src=\"https:\/\/www.galeriehannabekkervomrath.de\/wp-content\/uploads\/IMG_9868-273x400.jpg\" class=\"vc_single_image-img attachment-medium\" alt=\"\" title=\"Winand Victor\" srcset=\"https:\/\/www.galeriehannabekkervomrath.de\/wp-content\/uploads\/IMG_9868-273x400.jpg 273w, https:\/\/www.galeriehannabekkervomrath.de\/wp-content\/uploads\/IMG_9868-752x1100.jpg 752w, https:\/\/www.galeriehannabekkervomrath.de\/wp-content\/uploads\/IMG_9868-768x1124.jpg 768w, https:\/\/www.galeriehannabekkervomrath.de\/wp-content\/uploads\/IMG_9868-600x878.jpg 600w, https:\/\/www.galeriehannabekkervomrath.de\/wp-content\/uploads\/IMG_9868-1050x1536.jpg 1050w, https:\/\/www.galeriehannabekkervomrath.de\/wp-content\/uploads\/IMG_9868-1399x2048.jpg 1399w, https:\/\/www.galeriehannabekkervomrath.de\/wp-content\/uploads\/IMG_9868-scaled.jpg 1200w\" sizes=\"auto, (max-width: 273px) 100vw, 273px\"  data-dt-location=\"https:\/\/www.galeriehannabekkervomrath.de\/en\/img_9868\/\" \/><\/a><figcaption class=\"vc_figure-caption\">Pedestrian I, 1982, 27 x 20 cm 2\/35<\/figcaption>\n\t\t<\/figure>\n\t<\/div>\n<\/div><\/div><\/div><div class=\"wpb_column vc_column_container vc_col-sm-4\"><div class=\"vc_column-inner\"><div class=\"wpb_wrapper\">\n\t<div  class=\"wpb_single_image wpb_content_element vc_align_left\">\n\t\t\n\t\t<figure class=\"wpb_wrapper vc_figure\">\n\t\t\t<a href=\"https:\/\/www.galeriehannabekkervomrath.de\/wp-content\/uploads\/Dreht\u00fcr.jpg\" target=\"_self\" data-large_image_width=\"380\" data-large_image_height=\"492\"  class=\"vc_single_image-wrapper   vc_box_border_grey dt-pswp-item rollover rollover-zoom\"   ><img loading=\"lazy\" decoding=\"async\" width=\"309\" height=\"400\" src=\"https:\/\/www.galeriehannabekkervomrath.de\/wp-content\/uploads\/Dreht\u00fcr-309x400.jpg\" class=\"vc_single_image-img attachment-medium\" alt=\"\" title=\"Winand Victor\" srcset=\"https:\/\/www.galeriehannabekkervomrath.de\/wp-content\/uploads\/Dreht\u00fcr-309x400.jpg 309w, https:\/\/www.galeriehannabekkervomrath.de\/wp-content\/uploads\/Dreht\u00fcr.jpg 380w\" sizes=\"auto, (max-width: 309px) 100vw, 309px\"  data-dt-location=\"https:\/\/www.galeriehannabekkervomrath.de\/en\/drehtuer\/\" \/><\/a><figcaption class=\"vc_figure-caption\">Revolving door with shadow, 1994, acrylic on canvas, 130 x 100 cm<\/figcaption>\n\t\t<\/figure>\n\t<\/div>\n\n\t<div  class=\"wpb_single_image wpb_content_element vc_align_left\">\n\t\t\n\t\t<figure class=\"wpb_wrapper vc_figure\">\n\t\t\t<a href=\"https:\/\/www.galeriehannabekkervomrath.de\/wp-content\/uploads\/Licht_diagonal.jpg\" target=\"_self\" data-large_image_width=\"367\" data-large_image_height=\"553\"  class=\"vc_single_image-wrapper   vc_box_border_grey dt-pswp-item rollover rollover-zoom\"   ><img loading=\"lazy\" decoding=\"async\" width=\"265\" height=\"400\" src=\"https:\/\/www.galeriehannabekkervomrath.de\/wp-content\/uploads\/Licht_diagonal-265x400.jpg\" class=\"vc_single_image-img attachment-medium\" alt=\"\" title=\"Winand Victor\" srcset=\"https:\/\/www.galeriehannabekkervomrath.de\/wp-content\/uploads\/Licht_diagonal-265x400.jpg 265w, https:\/\/www.galeriehannabekkervomrath.de\/wp-content\/uploads\/Licht_diagonal.jpg 367w\" sizes=\"auto, (max-width: 265px) 100vw, 265px\"  data-dt-location=\"https:\/\/www.galeriehannabekkervomrath.de\/en\/licht_diagonal\/\" \/><\/a><figcaption class=\"vc_figure-caption\">Light, 1994, acrylic on canvas, 150 x 100 cm<\/figcaption>\n\t\t<\/figure>\n\t<\/div>\n\n\t<div  class=\"wpb_single_image wpb_content_element vc_align_left\">\n\t\t\n\t\t<figure class=\"wpb_wrapper vc_figure\">\n\t\t\t<a href=\"https:\/\/www.galeriehannabekkervomrath.de\/wp-content\/uploads\/IMG_9865.jpg\" target=\"_self\" data-large_image_width=\"1386\" data-large_image_height=\"1200\"  class=\"vc_single_image-wrapper   vc_box_border_grey dt-pswp-item rollover rollover-zoom\"   ><img loading=\"lazy\" decoding=\"async\" width=\"400\" height=\"346\" src=\"https:\/\/www.galeriehannabekkervomrath.de\/wp-content\/uploads\/IMG_9865-400x346.jpg\" class=\"vc_single_image-img attachment-medium\" alt=\"\" title=\"Winand Victor\" srcset=\"https:\/\/www.galeriehannabekkervomrath.de\/wp-content\/uploads\/IMG_9865-400x346.jpg 400w, https:\/\/www.galeriehannabekkervomrath.de\/wp-content\/uploads\/IMG_9865-1100x952.jpg 1100w, https:\/\/www.galeriehannabekkervomrath.de\/wp-content\/uploads\/IMG_9865-768x665.jpg 768w, https:\/\/www.galeriehannabekkervomrath.de\/wp-content\/uploads\/IMG_9865-600x519.jpg 600w, https:\/\/www.galeriehannabekkervomrath.de\/wp-content\/uploads\/IMG_9865-1536x1330.jpg 1536w, https:\/\/www.galeriehannabekkervomrath.de\/wp-content\/uploads\/IMG_9865-2048x1773.jpg 2048w, https:\/\/www.galeriehannabekkervomrath.de\/wp-content\/uploads\/IMG_9865.jpg 1386w\" sizes=\"auto, (max-width: 400px) 100vw, 400px\"  data-dt-location=\"https:\/\/www.galeriehannabekkervomrath.de\/en\/img_9865\/\" \/><\/a><figcaption class=\"vc_figure-caption\">Woman with bag, 1995, colored pencil on paper, 25 x 28.5 cm<\/figcaption>\n\t\t<\/figure>\n\t<\/div>\n\n\t<div  class=\"wpb_single_image wpb_content_element vc_align_left\">\n\t\t\n\t\t<figure class=\"wpb_wrapper vc_figure\">\n\t\t\t<a href=\"https:\/\/www.galeriehannabekkervomrath.de\/wp-content\/uploads\/IMG_9871-scaled.jpg\" target=\"_self\" data-large_image_width=\"1200\" data-large_image_height=\"1810\"  class=\"vc_single_image-wrapper   vc_box_border_grey dt-pswp-item rollover rollover-zoom\"   ><img loading=\"lazy\" decoding=\"async\" width=\"265\" height=\"400\" src=\"https:\/\/www.galeriehannabekkervomrath.de\/wp-content\/uploads\/IMG_9871-265x400.jpg\" class=\"vc_single_image-img attachment-medium\" alt=\"\" title=\"Winand Victor\" srcset=\"https:\/\/www.galeriehannabekkervomrath.de\/wp-content\/uploads\/IMG_9871-265x400.jpg 265w, https:\/\/www.galeriehannabekkervomrath.de\/wp-content\/uploads\/IMG_9871-729x1100.jpg 729w, https:\/\/www.galeriehannabekkervomrath.de\/wp-content\/uploads\/IMG_9871-768x1159.jpg 768w, https:\/\/www.galeriehannabekkervomrath.de\/wp-content\/uploads\/IMG_9871-600x905.jpg 600w, https:\/\/www.galeriehannabekkervomrath.de\/wp-content\/uploads\/IMG_9871-1018x1536.jpg 1018w, https:\/\/www.galeriehannabekkervomrath.de\/wp-content\/uploads\/IMG_9871-1358x2048.jpg 1358w, https:\/\/www.galeriehannabekkervomrath.de\/wp-content\/uploads\/IMG_9871-scaled.jpg 1200w\" sizes=\"auto, (max-width: 265px) 100vw, 265px\"  data-dt-location=\"https:\/\/www.galeriehannabekkervomrath.de\/en\/img_9871\/\" \/><\/a><figcaption class=\"vc_figure-caption\">Study for the portfolio \"Spiegelungen\", 1987, 48 x 32 cm<\/figcaption>\n\t\t<\/figure>\n\t<\/div>\n\n\t<div  class=\"wpb_single_image wpb_content_element vc_align_left\">\n\t\t\n\t\t<figure class=\"wpb_wrapper vc_figure\">\n\t\t\t<a href=\"https:\/\/www.galeriehannabekkervomrath.de\/wp-content\/uploads\/IMG_9873.jpg\" target=\"_self\" data-large_image_width=\"1200\" data-large_image_height=\"1856\"  class=\"vc_single_image-wrapper   vc_box_border_grey dt-pswp-item rollover rollover-zoom\"   ><img loading=\"lazy\" decoding=\"async\" width=\"259\" height=\"400\" src=\"https:\/\/www.galeriehannabekkervomrath.de\/wp-content\/uploads\/IMG_9873-259x400.jpg\" class=\"vc_single_image-img attachment-medium\" alt=\"\" title=\"Winand Victor\" srcset=\"https:\/\/www.galeriehannabekkervomrath.de\/wp-content\/uploads\/IMG_9873-259x400.jpg 259w, https:\/\/www.galeriehannabekkervomrath.de\/wp-content\/uploads\/IMG_9873-711x1100.jpg 711w, https:\/\/www.galeriehannabekkervomrath.de\/wp-content\/uploads\/IMG_9873-768x1188.jpg 768w, https:\/\/www.galeriehannabekkervomrath.de\/wp-content\/uploads\/IMG_9873-600x928.jpg 600w, https:\/\/www.galeriehannabekkervomrath.de\/wp-content\/uploads\/IMG_9873-993x1536.jpg 993w, https:\/\/www.galeriehannabekkervomrath.de\/wp-content\/uploads\/IMG_9873-1324x2048.jpg 1324w, https:\/\/www.galeriehannabekkervomrath.de\/wp-content\/uploads\/IMG_9873.jpg 1200w\" sizes=\"auto, (max-width: 259px) 100vw, 259px\"  data-dt-location=\"https:\/\/www.galeriehannabekkervomrath.de\/en\/img_9873\/\" \/><\/a><figcaption class=\"vc_figure-caption\">Study for the portfolio \"Spiegelungen\", 1987, 48 x 32 cm<\/figcaption>\n\t\t<\/figure>\n\t<\/div>\n<\/div><\/div><\/div><\/div><\/div><\/div><div class=\"vc_tta-panel\" id=\"1543913696482-38b43962-0ba7cd67-ab9b\" data-vc-content=\".vc_tta-panel-body\"><div class=\"vc_tta-panel-heading\"><h4 class=\"vc_tta-panel-title\"><a href=\"#1543913696482-38b43962-0ba7cd67-ab9b\" data-vc-accordion data-vc-container=\".vc_tta-container\"><span class=\"vc_tta-title-text\">biography<\/span><\/a><\/h4><\/div><div class=\"vc_tta-panel-body\">\n\t<div class=\"wpb_text_column wpb_content_element\" >\n\t\t<div class=\"wpb_wrapper\">\n\t\t\t<p><strong><img loading=\"lazy\" decoding=\"async\" class=\"alignnone size-medium wp-image-2590\" src=\"https:\/\/www.galeriehannabekkervomrath.de\/wp-content\/uploads\/2974673_1_lightbox_winand-victor-400x300.jpg\" alt=\"\" width=\"400\" height=\"300\" srcset=\"https:\/\/www.galeriehannabekkervomrath.de\/wp-content\/uploads\/2974673_1_lightbox_winand-victor-400x300.jpg 400w, https:\/\/www.galeriehannabekkervomrath.de\/wp-content\/uploads\/2974673_1_lightbox_winand-victor-200x150.jpg 200w, https:\/\/www.galeriehannabekkervomrath.de\/wp-content\/uploads\/2974673_1_lightbox_winand-victor-768x576.jpg 768w, https:\/\/www.galeriehannabekkervomrath.de\/wp-content\/uploads\/2974673_1_lightbox_winand-victor-600x450.jpg 600w, https:\/\/www.galeriehannabekkervomrath.de\/wp-content\/uploads\/2974673_1_lightbox_winand-victor.jpg 1000w\" sizes=\"auto, (max-width: 400px) 100vw, 400px\" \/><\/strong><\/p>\n<p>Courtesy of the Reutlinger General-Anzeiger, photographer: Trinkhaus<\/p>\n<p>&nbsp;<\/p>\n<p><strong>Winand Anton Maria Victor<\/strong>in short:\u00a0<strong>Winand Victor<\/strong>\u00a0(* 13 January 1918 in Schaesberg near Aachen in the Netherlands - 27 April 2014 in Reutlingen) was a German painter and graphic artist who also created colored glass concrete windows and designs for tapestries in the post-war years. The transition from representational to more abstract painting is fluid in his work. His materials and techniques are diverse.<\/p>\n<div id=\"content\" class=\"content\" role=\"main\">\n<article id=\"post-1198\" class=\"post-1198 post type-post status-publish format-standard has-post-thumbnail category-kuenstler tag-staedelschule category-22 description-off\">\n<div class=\"entry-content\">\n<p>The gallery is showing cityscapes by Winand Victor, which he began at the end of the 1970s, with several examples also created in Frankfurt. Consumer coldness and anonymity are the motifs here, fa\u00e7ade reflections and views through glass fa\u00e7ades form a complex spatial architecture. Victor studied at the Staatliche Kunstakademie D\u00fcsseldorf from 1937 until he had to go to war. After returning from Russian captivity as a prisoner of war, he worked as a freelance artist. In 1948, he joined the artists' community in the former Bernstein monastery, where Grieshaber also taught. Victor lived and worked in Reutlingen until his death.<\/p>\n<\/div>\n<\/article>\n<\/div>\n\n\t\t<\/div>\n\t<\/div>\n<\/div><\/div><div class=\"vc_tta-panel\" id=\"1543913696555-d48f078b-1ce7cd67-ab9b\" data-vc-content=\".vc_tta-panel-body\"><div class=\"vc_tta-panel-heading\"><h4 class=\"vc_tta-panel-title\"><a href=\"#1543913696555-d48f078b-1ce7cd67-ab9b\" data-vc-accordion data-vc-container=\".vc_tta-container\"><span class=\"vc_tta-title-text\">exhibitions and collections<\/span><\/a><\/h4><\/div><div class=\"vc_tta-panel-body\">\n\t<div class=\"wpb_text_column wpb_content_element  vc_custom_1549612955624\" >\n\t\t<div class=\"wpb_wrapper\">\n\t\t\t<h3><span id=\"Werke_in_\u00f6ffentlichen_Sammlungen_und_Geb\u00e4uden\" class=\"mw-headline\">Works in public collections and buildings<\/span><\/h3>\n<p>Albstadt Art Museum<br \/>\nGlatt, Glatt Castle Culture and Museum Center<br \/>\nReutlingen (art museum, city library, district administration office, clinic)<br \/>\nStuttgart State Gallery<br \/>\nStuttgart Art Museum<br \/>\nBerlin Museum of Prints and Drawings<br \/>\nAlbertina Vienna<br \/>\nAlbrecht D\u00fcrer House, Nuremberg<br \/>\nG\u00f6ttweig Monastery<\/p>\n<p>Victor had his first solo exhibition in Reutlingen in 1951 and his second in 1956; further exhibitions followed, most recently sales exhibitions in the gallery of Reinhold Maas, who had paintings by the artist on commission.<\/p>\n<h3>Solo exhibitions abroad, e.g. in:<\/h3>\n<p>1959 Gallery Nierendorf, Berlin<br \/>\n1960 Milan<br \/>\n1961 Zurich, Stuttgart, Munich<br \/>\n1968 Vienna, Linz, Paris<br \/>\n1973 Florence (Villa Romana), Bremen, Berlin<br \/>\n1976 Frankfurt<br \/>\n1978\/79 Albstadt, Municipal Gallery<br \/>\n1979 Berlin<br \/>\n1986 Basel, Frankfurt<br \/>\n1990 Aarau, Wetzlar, Giessen<br \/>\n1993 Albstadt, Municipal Gallery<br \/>\n1999 Reutlingen (Retrospective)<br \/>\n2003 Bremen<br \/>\n2006 Stuttgart (\"A work in six decades\")<br \/>\n2008 Mochental Castle<br \/>\n2014 Glatt Castle and Reutlingen (\"Painting and graphics\")<\/p>\n<h3>Honors<\/h3>\n<ul>\n<li>2006 Awarded the Maria Ensle Prize by the Baden-W\u00fcrttemberg Art Foundation<\/li>\n<li>2008 Awarded the Citizens' Medal in Gold by the City of Reutlingen<\/li>\n<li>2013 Award of the\u00a0<a class=\"mw-redirect\" title=\"Federal Cross of Merit\" href=\"https:\/\/de.wikipedia.org\/wiki\/Bundesverdienstkreuz\">Federal Cross of Merit<\/a>\u00a0on the ribbon<\/li>\n<\/ul>\n\n\t\t<\/div>\n\t<\/div>\n<\/div><\/div><\/div><\/div><\/div><\/div><\/div><\/div><\/div><\/div>\n<\/div>","protected":false},"excerpt":{"rendered":"<p>WINAND VICTORWorksBiographyExhibitions and CollectionsWorks Der Rote Mantel I, 1994, acrylic on canvas on wood, 98 x 72.5 cm Der Unbestechliche, 1988, 28 x 21 cm, 16\/130 Warten an der Ampel, 1980, watercolor sketch, 21 x 28 cm Ohne Titel, 27 x 20 cm, 6\/35 Studie zur Mappe \"Spiegelungen\", 1987, 48 x 32 cm Bedrohend, 1977, acrylic on...<\/p>","protected":false},"author":2,"featured_media":1194,"comment_status":"closed","ping_status":"open","sticky":false,"template":"","format":"standard","meta":{"footnotes":""},"categories":[22],"tags":[199],"class_list":["post-1198","post","type-post","status-publish","format-standard","has-post-thumbnail","hentry","category-kuenstler","tag-staedelschule","category-22","description-off"],"yoast_head":"<!-- This site is optimized with the Yoast SEO plugin v27.5 - https:\/\/yoast.com\/product\/yoast-seo-wordpress\/ -->\n<title>Winand Victor - Galerie Hanna Bekker vom Rath<\/title>\n<meta name=\"description\" content=\"GALERIE HANNA BEKKER VOM RATH, Braubachstra\u00dfe 12, Frankfurt am Main. Die Galerie zeigt neben klassischer Moderne in der Tradition Hanna Bekker vom Raths auch immer wieder Werke aus interessanten Nachl\u00e4ssen von K\u00fcnstlern.\" \/>\n<meta name=\"robots\" content=\"index, follow, max-snippet:-1, max-image-preview:large, max-video-preview:-1\" \/>\n<link rel=\"canonical\" href=\"https:\/\/www.galeriehannabekkervomrath.de\/en\/winand-victor\/\" \/>\n<meta property=\"og:locale\" content=\"en_US\" \/>\n<meta property=\"og:type\" content=\"article\" \/>\n<meta property=\"og:title\" content=\"Winand Victor - Galerie Hanna Bekker vom Rath\" \/>\n<meta property=\"og:description\" content=\"GALERIE HANNA BEKKER VOM RATH, Braubachstra\u00dfe 12, Frankfurt am Main. Die Galerie zeigt neben klassischer Moderne in der Tradition Hanna Bekker vom Raths auch immer wieder Werke aus interessanten Nachl\u00e4ssen von K\u00fcnstlern.\" \/>\n<meta property=\"og:url\" content=\"https:\/\/www.galeriehannabekkervomrath.de\/en\/winand-victor\/\" \/>\n<meta property=\"og:site_name\" content=\"Galerie Hanna Bekker vom Rath\" \/>\n<meta property=\"article:publisher\" content=\"https:\/\/www.facebook.com\/galeriehannabekkervomrath\/\" \/>\n<meta property=\"article:published_time\" content=\"2017-03-08T10:24:09+00:00\" \/>\n<meta property=\"article:modified_time\" content=\"2023-09-12T12:31:47+00:00\" \/>\n<meta property=\"og:image\" content=\"https:\/\/www.galeriehannabekkervomrath.de\/wp-content\/uploads\/Roter_Mantel-3.jpg\" \/>\n\t<meta property=\"og:image:width\" content=\"1334\" \/>\n\t<meta property=\"og:image:height\" content=\"1931\" \/>\n\t<meta property=\"og:image:type\" content=\"image\/jpeg\" \/>\n<meta name=\"author\" content=\"Veit\" \/>\n<meta name=\"twitter:card\" content=\"summary_large_image\" \/>\n<meta name=\"twitter:label1\" content=\"Written by\" \/>\n\t<meta name=\"twitter:data1\" content=\"Veit\" \/>\n\t<meta name=\"twitter:label2\" content=\"Est. reading time\" \/>\n\t<meta name=\"twitter:data2\" content=\"3 minutes\" \/>\n<script type=\"application\/ld+json\" class=\"yoast-schema-graph\">{\"@context\":\"https:\\\/\\\/schema.org\",\"@graph\":[{\"@type\":\"WebPage\",\"@id\":\"https:\\\/\\\/www.galeriehannabekkervomrath.de\\\/winand-victor\\\/\",\"url\":\"https:\\\/\\\/www.galeriehannabekkervomrath.de\\\/winand-victor\\\/\",\"name\":\"Winand Victor - Galerie Hanna Bekker vom Rath\",\"isPartOf\":{\"@id\":\"https:\\\/\\\/www.galeriehannabekkervomrath.de\\\/#website\"},\"primaryImageOfPage\":{\"@id\":\"https:\\\/\\\/www.galeriehannabekkervomrath.de\\\/winand-victor\\\/#primaryimage\"},\"image\":{\"@id\":\"https:\\\/\\\/www.galeriehannabekkervomrath.de\\\/winand-victor\\\/#primaryimage\"},\"thumbnailUrl\":\"https:\\\/\\\/www.galeriehannabekkervomrath.de\\\/wp-content\\\/uploads\\\/Roter_Mantel-3.jpg\",\"datePublished\":\"2017-03-08T10:24:09+00:00\",\"dateModified\":\"2023-09-12T12:31:47+00:00\",\"description\":\"GALERIE HANNA BEKKER VOM RATH, Braubachstra\u00dfe 12, Frankfurt am Main. Die Galerie zeigt neben klassischer Moderne in der Tradition Hanna Bekker vom Raths auch immer wieder Werke aus interessanten Nachl\u00e4ssen von K\u00fcnstlern.\",\"breadcrumb\":{\"@id\":\"https:\\\/\\\/www.galeriehannabekkervomrath.de\\\/winand-victor\\\/#breadcrumb\"},\"inLanguage\":\"en-US\",\"potentialAction\":[{\"@type\":\"ReadAction\",\"target\":[\"https:\\\/\\\/www.galeriehannabekkervomrath.de\\\/winand-victor\\\/\"]}]},{\"@type\":\"ImageObject\",\"inLanguage\":\"en-US\",\"@id\":\"https:\\\/\\\/www.galeriehannabekkervomrath.de\\\/winand-victor\\\/#primaryimage\",\"url\":\"https:\\\/\\\/www.galeriehannabekkervomrath.de\\\/wp-content\\\/uploads\\\/Roter_Mantel-3.jpg\",\"contentUrl\":\"https:\\\/\\\/www.galeriehannabekkervomrath.de\\\/wp-content\\\/uploads\\\/Roter_Mantel-3.jpg\",\"width\":1334,\"height\":1931,\"caption\":\"Der Rote Mantel I, 1994, Acryl auf Leinwand auf Holz, 98 x 72,5 cm\"},{\"@type\":\"BreadcrumbList\",\"@id\":\"https:\\\/\\\/www.galeriehannabekkervomrath.de\\\/winand-victor\\\/#breadcrumb\",\"itemListElement\":[{\"@type\":\"ListItem\",\"position\":1,\"name\":\"Startseite\",\"item\":\"https:\\\/\\\/www.galeriehannabekkervomrath.de\\\/\"},{\"@type\":\"ListItem\",\"position\":2,\"name\":\"Winand Victor\"}]},{\"@type\":\"WebSite\",\"@id\":\"https:\\\/\\\/www.galeriehannabekkervomrath.de\\\/#website\",\"url\":\"https:\\\/\\\/www.galeriehannabekkervomrath.de\\\/\",\"name\":\"Galerie Hanna Bekker vom Rath\",\"description\":\"Frankfurt am Main\",\"publisher\":{\"@id\":\"https:\\\/\\\/www.galeriehannabekkervomrath.de\\\/#organization\"},\"potentialAction\":[{\"@type\":\"SearchAction\",\"target\":{\"@type\":\"EntryPoint\",\"urlTemplate\":\"https:\\\/\\\/www.galeriehannabekkervomrath.de\\\/?s={search_term_string}\"},\"query-input\":{\"@type\":\"PropertyValueSpecification\",\"valueRequired\":true,\"valueName\":\"search_term_string\"}}],\"inLanguage\":\"en-US\"},{\"@type\":\"Organization\",\"@id\":\"https:\\\/\\\/www.galeriehannabekkervomrath.de\\\/#organization\",\"name\":\"Galerie Hanna Bekker vom Rath\",\"url\":\"https:\\\/\\\/www.galeriehannabekkervomrath.de\\\/\",\"logo\":{\"@type\":\"ImageObject\",\"inLanguage\":\"en-US\",\"@id\":\"https:\\\/\\\/www.galeriehannabekkervomrath.de\\\/#\\\/schema\\\/logo\\\/image\\\/\",\"url\":\"https:\\\/\\\/www.galeriehannabekkervomrath.de\\\/wp-content\\\/uploads\\\/ghbvr_icon.jpg\",\"contentUrl\":\"https:\\\/\\\/www.galeriehannabekkervomrath.de\\\/wp-content\\\/uploads\\\/ghbvr_icon.jpg\",\"width\":512,\"height\":512,\"caption\":\"Galerie Hanna Bekker vom Rath\"},\"image\":{\"@id\":\"https:\\\/\\\/www.galeriehannabekkervomrath.de\\\/#\\\/schema\\\/logo\\\/image\\\/\"},\"sameAs\":[\"https:\\\/\\\/www.facebook.com\\\/galeriehannabekkervomrath\\\/\",\"https:\\\/\\\/www.instagram.com\\\/galeriehbvr\\\/\"]}]}<\/script>\n<!-- \/ Yoast SEO plugin. -->","yoast_head_json":{"title":"Winand Victor - Gallery Hanna Bekker vom Rath","description":"GALERIE HANNA BEKKER VOM RATH, Braubachstra\u00dfe 12, Frankfurt am Main. In addition to classic modern art in the tradition of Hanna Bekker vom Rath, the gallery also regularly shows works from interesting artists' estates.","robots":{"index":"index","follow":"follow","max-snippet":"max-snippet:-1","max-image-preview":"max-image-preview:large","max-video-preview":"max-video-preview:-1"},"canonical":"https:\/\/www.galeriehannabekkervomrath.de\/en\/winand-victor\/","og_locale":"en_US","og_type":"article","og_title":"Winand Victor - Galerie Hanna Bekker vom Rath","og_description":"GALERIE HANNA BEKKER VOM RATH, Braubachstra\u00dfe 12, Frankfurt am Main. Die Galerie zeigt neben klassischer Moderne in der Tradition Hanna Bekker vom Raths auch immer wieder Werke aus interessanten Nachl\u00e4ssen von K\u00fcnstlern.","og_url":"https:\/\/www.galeriehannabekkervomrath.de\/en\/winand-victor\/","og_site_name":"Galerie Hanna Bekker vom Rath","article_publisher":"https:\/\/www.facebook.com\/galeriehannabekkervomrath\/","article_published_time":"2017-03-08T10:24:09+00:00","article_modified_time":"2023-09-12T12:31:47+00:00","og_image":[{"width":1334,"height":1931,"url":"https:\/\/www.galeriehannabekkervomrath.de\/wp-content\/uploads\/Roter_Mantel-3.jpg","type":"image\/jpeg"}],"author":"Veit","twitter_card":"summary_large_image","twitter_misc":{"Written by":"Veit","Est. reading time":"3 minutes"},"schema":{"@context":"https:\/\/schema.org","@graph":[{"@type":"WebPage","@id":"https:\/\/www.galeriehannabekkervomrath.de\/winand-victor\/","url":"https:\/\/www.galeriehannabekkervomrath.de\/winand-victor\/","name":"Winand Victor - Gallery Hanna Bekker vom Rath","isPartOf":{"@id":"https:\/\/www.galeriehannabekkervomrath.de\/#website"},"primaryImageOfPage":{"@id":"https:\/\/www.galeriehannabekkervomrath.de\/winand-victor\/#primaryimage"},"image":{"@id":"https:\/\/www.galeriehannabekkervomrath.de\/winand-victor\/#primaryimage"},"thumbnailUrl":"https:\/\/www.galeriehannabekkervomrath.de\/wp-content\/uploads\/Roter_Mantel-3.jpg","datePublished":"2017-03-08T10:24:09+00:00","dateModified":"2023-09-12T12:31:47+00:00","description":"GALERIE HANNA BEKKER VOM RATH, Braubachstra\u00dfe 12, Frankfurt am Main. In addition to classic modern art in the tradition of Hanna Bekker vom Rath, the gallery also regularly shows works from interesting artists' estates.","breadcrumb":{"@id":"https:\/\/www.galeriehannabekkervomrath.de\/winand-victor\/#breadcrumb"},"inLanguage":"en-US","potentialAction":[{"@type":"ReadAction","target":["https:\/\/www.galeriehannabekkervomrath.de\/winand-victor\/"]}]},{"@type":"ImageObject","inLanguage":"en-US","@id":"https:\/\/www.galeriehannabekkervomrath.de\/winand-victor\/#primaryimage","url":"https:\/\/www.galeriehannabekkervomrath.de\/wp-content\/uploads\/Roter_Mantel-3.jpg","contentUrl":"https:\/\/www.galeriehannabekkervomrath.de\/wp-content\/uploads\/Roter_Mantel-3.jpg","width":1334,"height":1931,"caption":"Der Rote Mantel I, 1994, Acryl auf Leinwand auf Holz, 98 x 72,5 cm"},{"@type":"BreadcrumbList","@id":"https:\/\/www.galeriehannabekkervomrath.de\/winand-victor\/#breadcrumb","itemListElement":[{"@type":"ListItem","position":1,"name":"Startseite","item":"https:\/\/www.galeriehannabekkervomrath.de\/"},{"@type":"ListItem","position":2,"name":"Winand Victor"}]},{"@type":"WebSite","@id":"https:\/\/www.galeriehannabekkervomrath.de\/#website","url":"https:\/\/www.galeriehannabekkervomrath.de\/","name":"Gallery Hanna Bekker vom Rath","description":"Frankfurt am Main","publisher":{"@id":"https:\/\/www.galeriehannabekkervomrath.de\/#organization"},"potentialAction":[{"@type":"SearchAction","target":{"@type":"EntryPoint","urlTemplate":"https:\/\/www.galeriehannabekkervomrath.de\/?s={search_term_string}"},"query-input":{"@type":"PropertyValueSpecification","valueRequired":true,"valueName":"search_term_string"}}],"inLanguage":"en-US"},{"@type":"Organization","@id":"https:\/\/www.galeriehannabekkervomrath.de\/#organization","name":"Gallery Hanna Bekker vom Rath","url":"https:\/\/www.galeriehannabekkervomrath.de\/","logo":{"@type":"ImageObject","inLanguage":"en-US","@id":"https:\/\/www.galeriehannabekkervomrath.de\/#\/schema\/logo\/image\/","url":"https:\/\/www.galeriehannabekkervomrath.de\/wp-content\/uploads\/ghbvr_icon.jpg","contentUrl":"https:\/\/www.galeriehannabekkervomrath.de\/wp-content\/uploads\/ghbvr_icon.jpg","width":512,"height":512,"caption":"Galerie Hanna Bekker vom Rath"},"image":{"@id":"https:\/\/www.galeriehannabekkervomrath.de\/#\/schema\/logo\/image\/"},"sameAs":["https:\/\/www.facebook.com\/galeriehannabekkervomrath\/","https:\/\/www.instagram.com\/galeriehbvr\/"]}]}},"_links":{"self":[{"href":"https:\/\/www.galeriehannabekkervomrath.de\/en\/wp-json\/wp\/v2\/posts\/1198","targetHints":{"allow":["GET"]}}],"collection":[{"href":"https:\/\/www.galeriehannabekkervomrath.de\/en\/wp-json\/wp\/v2\/posts"}],"about":[{"href":"https:\/\/www.galeriehannabekkervomrath.de\/en\/wp-json\/wp\/v2\/types\/post"}],"author":[{"embeddable":true,"href":"https:\/\/www.galeriehannabekkervomrath.de\/en\/wp-json\/wp\/v2\/users\/2"}],"replies":[{"embeddable":true,"href":"https:\/\/www.galeriehannabekkervomrath.de\/en\/wp-json\/wp\/v2\/comments?post=1198"}],"version-history":[{"count":3,"href":"https:\/\/www.galeriehannabekkervomrath.de\/en\/wp-json\/wp\/v2\/posts\/1198\/revisions"}],"predecessor-version":[{"id":5836,"href":"https:\/\/www.galeriehannabekkervomrath.de\/en\/wp-json\/wp\/v2\/posts\/1198\/revisions\/5836"}],"wp:featuredmedia":[{"embeddable":true,"href":"https:\/\/www.galeriehannabekkervomrath.de\/en\/wp-json\/wp\/v2\/media\/1194"}],"wp:attachment":[{"href":"https:\/\/www.galeriehannabekkervomrath.de\/en\/wp-json\/wp\/v2\/media?parent=1198"}],"wp:term":[{"taxonomy":"category","embeddable":true,"href":"https:\/\/www.galeriehannabekkervomrath.de\/en\/wp-json\/wp\/v2\/categories?post=1198"},{"taxonomy":"post_tag","embeddable":true,"href":"https:\/\/www.galeriehannabekkervomrath.de\/en\/wp-json\/wp\/v2\/tags?post=1198"}],"curies":[{"name":"wp","href":"https:\/\/api.w.org\/{rel}","templated":true}]}}