{"id":1726,"date":"2018-12-03T14:43:09","date_gmt":"2018-12-03T13:43:09","guid":{"rendered":"https:\/\/www.galeriehannabekkervomrath.de\/?p=1726"},"modified":"2024-02-09T14:31:02","modified_gmt":"2024-02-09T13:31:02","slug":"wanda-pratschke","status":"publish","type":"post","link":"https:\/\/www.galeriehannabekkervomrath.de\/en\/wanda-pratschke\/","title":{"rendered":"Wanda Pratschke"},"content":{"rendered":"<div class=\"wpb-content-wrapper\"><div class=\"vc_row wpb_row vc_row-fluid dt-default\" style=\"margin-top: 0px;margin-bottom: 0px\"><div class=\"wpb_column vc_column_container vc_col-sm-12\"><div class=\"vc_column-inner\"><div class=\"wpb_wrapper\"><\/div><\/div><\/div><\/div><div class=\"vc_row wpb_row vc_row-fluid dt-default\" style=\"margin-top: 0px;margin-bottom: 0px\"><div class=\"wpb_column vc_column_container vc_col-sm-12\"><div class=\"vc_column-inner\"><div class=\"wpb_wrapper\"><div class=\"vc_tta-container\" data-vc-action=\"collapse\"><h2>Wanda Pratschke<\/h2><div class=\"vc_general vc_tta vc_tta-tabs vc_tta-color-white vc_tta-style-flat vc_tta-shape-square vc_tta-spacing-1 vc_tta-o-no-fill vc_tta-tabs-position-top vc_tta-controls-align-left vc_custom_1547565173061\"><div class=\"vc_tta-tabs-container\"><ul class=\"vc_tta-tabs-list\" role=\"tablist\"><li class=\"vc_tta-tab vc_active\" data-vc-tab role=\"presentation\"><a href=\"#1543913696353-02356048-5724b4d9-fe61\" data-vc-tabs data-vc-container=\".vc_tta\" role=\"tab\" aria-selected=\"false\" id=\"tab-1543913696353-02356048-5724b4d9-fe61\"><span class=\"vc_tta-title-text\">Werke<\/span><\/a><\/li><li class=\"vc_tta-tab\" data-vc-tab role=\"presentation\"><a href=\"#1543913696482-38b43962-0ba7b4d9-fe61\" data-vc-tabs data-vc-container=\".vc_tta\" role=\"tab\" aria-selected=\"false\" id=\"tab-1543913696482-38b43962-0ba7b4d9-fe61\"><span class=\"vc_tta-title-text\">Biographie<\/span><\/a><\/li><li class=\"vc_tta-tab\" data-vc-tab role=\"presentation\"><a href=\"#1543913696555-d48f078b-1ce7b4d9-fe61\" data-vc-tabs data-vc-container=\".vc_tta\" role=\"tab\" aria-selected=\"false\" id=\"tab-1543913696555-d48f078b-1ce7b4d9-fe61\"><span class=\"vc_tta-title-text\">Ausstellungen und Sammlungen<\/span><\/a><\/li><li class=\"vc_tta-tab\" data-vc-tab role=\"presentation\"><a href=\"#1547566340303-7eea893a-2ab3\" data-vc-tabs data-vc-container=\".vc_tta\" role=\"tab\" aria-selected=\"false\" id=\"tab-1547566340303-7eea893a-2ab3\"><span class=\"vc_tta-title-text\">Texte<\/span><\/a><\/li><\/ul><\/div><div class=\"vc_tta-panels-container\"><div class=\"vc_tta-panels\"><div class=\"vc_tta-panel vc_active\" id=\"1543913696353-02356048-5724b4d9-fe61\" data-vc-content=\".vc_tta-panel-body\"><div class=\"vc_tta-panel-heading\"><h4 class=\"vc_tta-panel-title\"><a href=\"#1543913696353-02356048-5724b4d9-fe61\" data-vc-accordion data-vc-container=\".vc_tta-container\"><span class=\"vc_tta-title-text\">Werke<\/span><\/a><\/h4><\/div><div class=\"vc_tta-panel-body\"><div class=\"vc_row wpb_row vc_inner vc_row-fluid\"><div class=\"wpb_column vc_column_container vc_col-sm-4\"><div class=\"vc_column-inner\"><div class=\"wpb_wrapper\">\n\t<div  class=\"wpb_single_image wpb_content_element vc_align_left\">\n\t\t\n\t\t<figure class=\"wpb_wrapper vc_figure\">\n\t\t\t<a href=\"https:\/\/www.galeriehannabekkervomrath.de\/wp-content\/uploads\/Hand-Rot-2.jpg\" target=\"_self\" data-large_image_width=\"1200\" data-large_image_height=\"1603\"  class=\"vc_single_image-wrapper   vc_box_border_grey dt-pswp-item rollover rollover-zoom\"   ><img loading=\"lazy\" decoding=\"async\" width=\"299\" height=\"400\" src=\"https:\/\/www.galeriehannabekkervomrath.de\/wp-content\/uploads\/Hand-Rot-2-299x400.jpg\" class=\"vc_single_image-img attachment-medium\" alt=\"\" title=\"Wanda Pratschke\" srcset=\"https:\/\/www.galeriehannabekkervomrath.de\/wp-content\/uploads\/Hand-Rot-2-299x400.jpg 299w, https:\/\/www.galeriehannabekkervomrath.de\/wp-content\/uploads\/Hand-Rot-2-768x1026.jpg 768w, https:\/\/www.galeriehannabekkervomrath.de\/wp-content\/uploads\/Hand-Rot-2-823x1100.jpg 823w, https:\/\/www.galeriehannabekkervomrath.de\/wp-content\/uploads\/Hand-Rot-2-600x802.jpg 600w, https:\/\/www.galeriehannabekkervomrath.de\/wp-content\/uploads\/Hand-Rot-2.jpg 1200w\" sizes=\"auto, (max-width: 299px) 100vw, 299px\"  data-dt-location=\"https:\/\/www.galeriehannabekkervomrath.de\/en\/hand-rot-2\/\" \/><\/a><figcaption class=\"vc_figure-caption\">Hand (mit Granatapfel), 2016, Bronze, \u00d6lfarbe, 60 x 26 x 26 cm, Auflage 8+2<\/figcaption>\n\t\t<\/figure>\n\t<\/div>\n\n\t<div  class=\"wpb_single_image wpb_content_element vc_align_left\">\n\t\t\n\t\t<figure class=\"wpb_wrapper vc_figure\">\n\t\t\t<a href=\"https:\/\/www.galeriehannabekkervomrath.de\/wp-content\/uploads\/2015\/11\/liegende-mit-tuch-und-arm.jpg\" target=\"_self\" data-large_image_width=\"421\" data-large_image_height=\"316\"  class=\"vc_single_image-wrapper   vc_box_border_grey dt-pswp-item rollover rollover-zoom\"   ><img loading=\"lazy\" decoding=\"async\" width=\"400\" height=\"300\" src=\"https:\/\/www.galeriehannabekkervomrath.de\/wp-content\/uploads\/2015\/11\/liegende-mit-tuch-und-arm-400x300.jpg\" class=\"vc_single_image-img attachment-medium\" alt=\"\" title=\"Wanda Pratschke\" srcset=\"https:\/\/www.galeriehannabekkervomrath.de\/wp-content\/uploads\/2015\/11\/liegende-mit-tuch-und-arm-400x300.jpg 400w, https:\/\/www.galeriehannabekkervomrath.de\/wp-content\/uploads\/2015\/11\/liegende-mit-tuch-und-arm-200x150.jpg 200w, https:\/\/www.galeriehannabekkervomrath.de\/wp-content\/uploads\/2015\/11\/liegende-mit-tuch-und-arm.jpg 421w\" sizes=\"auto, (max-width: 400px) 100vw, 400px\"  data-dt-location=\"https:\/\/www.galeriehannabekkervomrath.de\/en\/liegende-mit-tuch-und-arm\/\" \/><\/a><figcaption class=\"vc_figure-caption\">Annette, 2008, Bronze, 65 x 48 x 32 cm, Auflage 6\n<\/figcaption>\n\t\t<\/figure>\n\t<\/div>\n\n\t<div  class=\"wpb_single_image wpb_content_element vc_align_left\">\n\t\t\n\t\t<figure class=\"wpb_wrapper vc_figure\">\n\t\t\t<a href=\"https:\/\/www.galeriehannabekkervomrath.de\/wp-content\/uploads\/Herzdame_42x23x27.jpg\" target=\"_self\" data-large_image_width=\"1051\" data-large_image_height=\"1500\"  class=\"vc_single_image-wrapper   vc_box_border_grey dt-pswp-item rollover rollover-zoom\"   ><img loading=\"lazy\" decoding=\"async\" width=\"280\" height=\"400\" src=\"https:\/\/www.galeriehannabekkervomrath.de\/wp-content\/uploads\/Herzdame_42x23x27-280x400.jpg\" class=\"vc_single_image-img attachment-medium\" alt=\"\" title=\"Wanda Pratschke\" srcset=\"https:\/\/www.galeriehannabekkervomrath.de\/wp-content\/uploads\/Herzdame_42x23x27-280x400.jpg 280w, https:\/\/www.galeriehannabekkervomrath.de\/wp-content\/uploads\/Herzdame_42x23x27-768x1096.jpg 768w, https:\/\/www.galeriehannabekkervomrath.de\/wp-content\/uploads\/Herzdame_42x23x27-771x1100.jpg 771w, https:\/\/www.galeriehannabekkervomrath.de\/wp-content\/uploads\/Herzdame_42x23x27-600x856.jpg 600w, https:\/\/www.galeriehannabekkervomrath.de\/wp-content\/uploads\/Herzdame_42x23x27.jpg 1051w\" sizes=\"auto, (max-width: 280px) 100vw, 280px\"  data-dt-location=\"https:\/\/www.galeriehannabekkervomrath.de\/en\/herzdame_42x23x27-2\/\" \/><\/a><figcaption class=\"vc_figure-caption\">Herzdame, 2011, Bronze, 42 x 23 x 27 cm, Auflage 10, signiert und nummeriert<\/figcaption>\n\t\t<\/figure>\n\t<\/div>\n<div id=\"ult-carousel-200527125269f5b59a11804\" class=\"ult-carousel-wrapper   ult_horizontal\" data-gutter=\"15\" data-rtl=\"false\" ><div class=\"ult-carousel-142380191569f5b59a117dc \" ><div class=\"ult-item-wrap\" data-animation=\"animated no-animation\">\n\t<div  class=\"wpb_single_image wpb_content_element vc_align_left\">\n\t\t\n\t\t<figure class=\"wpb_wrapper vc_figure\">\n\t\t\t<a href=\"https:\/\/www.galeriehannabekkervomrath.de\/wp-content\/uploads\/Unbesiegte.jpg\" target=\"_self\" data-large_image_width=\"1385\" data-large_image_height=\"1200\"  class=\"vc_single_image-wrapper   vc_box_border_grey dt-pswp-item rollover rollover-zoom\"   ><img loading=\"lazy\" decoding=\"async\" width=\"400\" height=\"347\" src=\"https:\/\/www.galeriehannabekkervomrath.de\/wp-content\/uploads\/Unbesiegte-400x347.jpg\" class=\"vc_single_image-img attachment-medium\" alt=\"\" title=\"Wanda Pratschke\" srcset=\"https:\/\/www.galeriehannabekkervomrath.de\/wp-content\/uploads\/Unbesiegte-400x347.jpg 400w, https:\/\/www.galeriehannabekkervomrath.de\/wp-content\/uploads\/Unbesiegte-768x665.jpg 768w, https:\/\/www.galeriehannabekkervomrath.de\/wp-content\/uploads\/Unbesiegte-1100x953.jpg 1100w, https:\/\/www.galeriehannabekkervomrath.de\/wp-content\/uploads\/Unbesiegte-600x520.jpg 600w, https:\/\/www.galeriehannabekkervomrath.de\/wp-content\/uploads\/Unbesiegte.jpg 1385w\" sizes=\"auto, (max-width: 400px) 100vw, 400px\"  data-dt-location=\"https:\/\/www.galeriehannabekkervomrath.de\/en\/unbesiegte\/\" \/><\/a><figcaption class=\"vc_figure-caption\">Unbesiegte, 2010, Bronze, 35 x 65 x 25 cm, Auflage 8+2\n<\/figcaption>\n\t\t<\/figure>\n\t<\/div>\n<\/div><\/div><\/div>\t\t\t<script type=\"text\/javascript\">\n\t\t\t\tjQuery(document).ready(function ($) {\n\t\t\t\t\tif( typeof jQuery('.ult-carousel-142380191569f5b59a117dc').slick == \"function\"){\n\t\t\t\t\t\t$('.ult-carousel-142380191569f5b59a117dc').slick({dots: true,autoplay: true,autoplaySpeed: \"5000\",speed: \"300\",infinite: true,arrows: true,nextArrow: '<button type=\"button\" role=\"button\" aria-label=\"Next\" style=\"color:#333333; font-size:20px;\" class=\"slick-next default\"><i class=\"ultsl-arrow-right4\"><\/i><\/button>',prevArrow: '<button type=\"button\" role=\"button\" aria-label=\"Previous\" style=\"color:#333333; font-size:20px;\" class=\"slick-prev default\"><i class=\"ultsl-arrow-left4\"><\/i><\/button>',slidesToScroll:1,slidesToShow:1,swipe: true,draggable: true,touchMove: true,pauseOnHover: true,pauseOnFocus: false,responsive: [\n\t\t\t\t\t\t\t{\n\t\t\t\t\t\t\t  breakpoint: 1026,\n\t\t\t\t\t\t\t  settings: {\n\t\t\t\t\t\t\t\tslidesToShow: 1,\n\t\t\t\t\t\t\t\tslidesToScroll: 1,  \n\t\t\t\t\t\t\t  }\n\t\t\t\t\t\t\t},\n\t\t\t\t\t\t\t{\n\t\t\t\t\t\t\t  breakpoint: 1025,\n\t\t\t\t\t\t\t  settings: {\n\t\t\t\t\t\t\t\tslidesToShow: 1,\n\t\t\t\t\t\t\t\tslidesToScroll: 1\n\t\t\t\t\t\t\t  }\n\t\t\t\t\t\t\t},\n\t\t\t\t\t\t\t{\n\t\t\t\t\t\t\t  breakpoint: 760,\n\t\t\t\t\t\t\t  settings: {\n\t\t\t\t\t\t\t\tslidesToShow: 1,\n\t\t\t\t\t\t\t\tslidesToScroll: 1\n\t\t\t\t\t\t\t  }\n\t\t\t\t\t\t\t}\n\t\t\t\t\t\t],pauseOnDotsHover: true,customPaging: function(slider, i) {\n                   return '<i type=\"button\" style= \"color:#333333;\" class=\"ultsl-record\" data-role=\"none\"><\/i>';\n                },});\n\t\t\t\t\t}\n\t\t\t\t});\n\t\t\t<\/script>\n\t\t\t<div class=\"vc_separator wpb_content_element vc_separator_align_center vc_sep_width_100 vc_sep_pos_align_center vc_separator_no_text vc_sep_color_white wpb_content_element  wpb_content_element\" ><span class=\"vc_sep_holder vc_sep_holder_l\"><span class=\"vc_sep_line\"><\/span><\/span><span class=\"vc_sep_holder vc_sep_holder_r\"><span class=\"vc_sep_line\"><\/span><\/span>\n<\/div>\n\t<div  class=\"wpb_single_image wpb_content_element vc_align_left\">\n\t\t\n\t\t<figure class=\"wpb_wrapper vc_figure\">\n\t\t\t<a href=\"https:\/\/www.galeriehannabekkervomrath.de\/wp-content\/uploads\/EYE-Wanda-05.05.2015-9-Kopie-2.jpg\" target=\"_self\" data-large_image_width=\"1500\" data-large_image_height=\"1167\"  class=\"vc_single_image-wrapper   vc_box_border_grey dt-pswp-item rollover rollover-zoom\"   ><img loading=\"lazy\" decoding=\"async\" width=\"400\" height=\"311\" src=\"https:\/\/www.galeriehannabekkervomrath.de\/wp-content\/uploads\/EYE-Wanda-05.05.2015-9-Kopie-2-400x311.jpg\" class=\"vc_single_image-img attachment-medium\" alt=\"\" title=\"Wanda Pratschke\" srcset=\"https:\/\/www.galeriehannabekkervomrath.de\/wp-content\/uploads\/EYE-Wanda-05.05.2015-9-Kopie-2-400x311.jpg 400w, https:\/\/www.galeriehannabekkervomrath.de\/wp-content\/uploads\/EYE-Wanda-05.05.2015-9-Kopie-2-768x598.jpg 768w, https:\/\/www.galeriehannabekkervomrath.de\/wp-content\/uploads\/EYE-Wanda-05.05.2015-9-Kopie-2-1100x856.jpg 1100w, https:\/\/www.galeriehannabekkervomrath.de\/wp-content\/uploads\/EYE-Wanda-05.05.2015-9-Kopie-2-600x467.jpg 600w, https:\/\/www.galeriehannabekkervomrath.de\/wp-content\/uploads\/EYE-Wanda-05.05.2015-9-Kopie-2.jpg 1500w\" sizes=\"auto, (max-width: 400px) 100vw, 400px\"  data-dt-location=\"https:\/\/www.galeriehannabekkervomrath.de\/en\/eye-wanda-05-05-2015-9-kopie-2\/\" \/><\/a><figcaption class=\"vc_figure-caption\">Sesselfrau, 2015, Bronze, 35 x 30 x 30 cm, Auflage 8+2\n<\/figcaption>\n\t\t<\/figure>\n\t<\/div>\n\n\t<div  class=\"wpb_single_image wpb_content_element vc_align_left\">\n\t\t\n\t\t<figure class=\"wpb_wrapper vc_figure\">\n\t\t\t<a href=\"https:\/\/www.galeriehannabekkervomrath.de\/wp-content\/uploads\/Bein-schwarz-WP_EYE_2018_09_19-64.jpg\" target=\"_self\" data-large_image_width=\"1200\" data-large_image_height=\"2009\"  class=\"vc_single_image-wrapper   vc_box_border_grey dt-pswp-item rollover rollover-zoom\"   ><img loading=\"lazy\" decoding=\"async\" width=\"239\" height=\"400\" src=\"https:\/\/www.galeriehannabekkervomrath.de\/wp-content\/uploads\/Bein-schwarz-WP_EYE_2018_09_19-64-239x400.jpg\" class=\"vc_single_image-img attachment-medium\" alt=\"\" title=\"Wanda Pratschke\" srcset=\"https:\/\/www.galeriehannabekkervomrath.de\/wp-content\/uploads\/Bein-schwarz-WP_EYE_2018_09_19-64-239x400.jpg 239w, https:\/\/www.galeriehannabekkervomrath.de\/wp-content\/uploads\/Bein-schwarz-WP_EYE_2018_09_19-64-768x1286.jpg 768w, https:\/\/www.galeriehannabekkervomrath.de\/wp-content\/uploads\/Bein-schwarz-WP_EYE_2018_09_19-64-657x1100.jpg 657w, https:\/\/www.galeriehannabekkervomrath.de\/wp-content\/uploads\/Bein-schwarz-WP_EYE_2018_09_19-64-600x1004.jpg 600w, https:\/\/www.galeriehannabekkervomrath.de\/wp-content\/uploads\/Bein-schwarz-WP_EYE_2018_09_19-64.jpg 1200w\" sizes=\"auto, (max-width: 239px) 100vw, 239px\"  data-dt-location=\"https:\/\/www.galeriehannabekkervomrath.de\/en\/bein-schwarz-wp_eye_2018_09_19-64\/\" \/><\/a><figcaption class=\"vc_figure-caption\">Bein, 2018, Bronze, \u00d6lfarbe, Blattgold, 55 x 10 x 9 cm, Auflage 8+2<\/figcaption>\n\t\t<\/figure>\n\t<\/div>\n\n\t<div  class=\"wpb_single_image wpb_content_element vc_align_left\">\n\t\t\n\t\t<figure class=\"wpb_wrapper vc_figure\">\n\t\t\t<a href=\"https:\/\/www.galeriehannabekkervomrath.de\/wp-content\/uploads\/kubische_sesselfrau1985-1.jpg\" target=\"_self\" data-large_image_width=\"774\" data-large_image_height=\"600\"  class=\"vc_single_image-wrapper   vc_box_border_grey dt-pswp-item rollover rollover-zoom\"   ><img loading=\"lazy\" decoding=\"async\" width=\"400\" height=\"310\" src=\"https:\/\/www.galeriehannabekkervomrath.de\/wp-content\/uploads\/kubische_sesselfrau1985-1-400x310.jpg\" class=\"vc_single_image-img attachment-medium\" alt=\"\" title=\"Wanda Pratschke\" srcset=\"https:\/\/www.galeriehannabekkervomrath.de\/wp-content\/uploads\/kubische_sesselfrau1985-1-400x310.jpg 400w, https:\/\/www.galeriehannabekkervomrath.de\/wp-content\/uploads\/kubische_sesselfrau1985-1-768x595.jpg 768w, https:\/\/www.galeriehannabekkervomrath.de\/wp-content\/uploads\/kubische_sesselfrau1985-1-600x465.jpg 600w, https:\/\/www.galeriehannabekkervomrath.de\/wp-content\/uploads\/kubische_sesselfrau1985-1.jpg 774w\" sizes=\"auto, (max-width: 400px) 100vw, 400px\"  data-dt-location=\"https:\/\/www.galeriehannabekkervomrath.de\/en\/kubische_sesselfrau1985-2\/\" \/><\/a><figcaption class=\"vc_figure-caption\">Sesselfrau (kubisch), 1985, Bronze, \u00d6lfarbe, 52 x 45 x 45 cm, Auflage 8+2\n<\/figcaption>\n\t\t<\/figure>\n\t<\/div>\n\n\t<div  class=\"wpb_single_image wpb_content_element vc_align_left\">\n\t\t\n\t\t<figure class=\"wpb_wrapper vc_figure\">\n\t\t\t<a href=\"https:\/\/www.galeriehannabekkervomrath.de\/wp-content\/uploads\/Frau-K-WP_EYE_2018_09_19-76.jpg\" target=\"_self\" data-large_image_width=\"1200\" data-large_image_height=\"1919\"  class=\"vc_single_image-wrapper   vc_box_border_grey dt-pswp-item rollover rollover-zoom\"   ><img loading=\"lazy\" decoding=\"async\" width=\"250\" height=\"400\" src=\"https:\/\/www.galeriehannabekkervomrath.de\/wp-content\/uploads\/Frau-K-WP_EYE_2018_09_19-76-250x400.jpg\" class=\"vc_single_image-img attachment-medium\" alt=\"\" title=\"Wanda Pratschke\" srcset=\"https:\/\/www.galeriehannabekkervomrath.de\/wp-content\/uploads\/Frau-K-WP_EYE_2018_09_19-76-250x400.jpg 250w, https:\/\/www.galeriehannabekkervomrath.de\/wp-content\/uploads\/Frau-K-WP_EYE_2018_09_19-76-768x1228.jpg 768w, https:\/\/www.galeriehannabekkervomrath.de\/wp-content\/uploads\/Frau-K-WP_EYE_2018_09_19-76-688x1100.jpg 688w, https:\/\/www.galeriehannabekkervomrath.de\/wp-content\/uploads\/Frau-K-WP_EYE_2018_09_19-76-600x960.jpg 600w, https:\/\/www.galeriehannabekkervomrath.de\/wp-content\/uploads\/Frau-K-WP_EYE_2018_09_19-76.jpg 1200w\" sizes=\"auto, (max-width: 250px) 100vw, 250px\"  data-dt-location=\"https:\/\/www.galeriehannabekkervomrath.de\/en\/frau-k-wp_eye_2018_09_19-76\/\" \/><\/a><figcaption class=\"vc_figure-caption\">Frau K, 2018<\/figcaption>\n\t\t<\/figure>\n\t<\/div>\n\n\t<div  class=\"wpb_single_image wpb_content_element vc_align_left\">\n\t\t\n\t\t<figure class=\"wpb_wrapper vc_figure\">\n\t\t\t<a href=\"https:\/\/www.galeriehannabekkervomrath.de\/wp-content\/uploads\/IMG_1503-scaled.jpg\" target=\"_self\" data-large_image_width=\"1200\" data-large_image_height=\"1600\"  class=\"vc_single_image-wrapper   vc_box_border_grey dt-pswp-item rollover rollover-zoom\"   ><img loading=\"lazy\" decoding=\"async\" width=\"300\" height=\"400\" src=\"https:\/\/www.galeriehannabekkervomrath.de\/wp-content\/uploads\/IMG_1503-300x400.jpg\" class=\"vc_single_image-img attachment-medium\" alt=\"\" title=\"Wanda Pratschke\" srcset=\"https:\/\/www.galeriehannabekkervomrath.de\/wp-content\/uploads\/IMG_1503-300x400.jpg 300w, https:\/\/www.galeriehannabekkervomrath.de\/wp-content\/uploads\/IMG_1503-825x1100.jpg 825w, https:\/\/www.galeriehannabekkervomrath.de\/wp-content\/uploads\/IMG_1503-768x1024.jpg 768w, https:\/\/www.galeriehannabekkervomrath.de\/wp-content\/uploads\/IMG_1503-600x800.jpg 600w, https:\/\/www.galeriehannabekkervomrath.de\/wp-content\/uploads\/IMG_1503-1152x1536.jpg 1152w, https:\/\/www.galeriehannabekkervomrath.de\/wp-content\/uploads\/IMG_1503-1536x2048.jpg 1536w, https:\/\/www.galeriehannabekkervomrath.de\/wp-content\/uploads\/IMG_1503-scaled.jpg 1200w\" sizes=\"auto, (max-width: 300px) 100vw, 300px\"  data-dt-location=\"https:\/\/www.galeriehannabekkervomrath.de\/en\/img_1503\/\" \/><\/a><figcaption class=\"vc_figure-caption\">Relief, 2019, Bronze, 1\/6<\/figcaption>\n\t\t<\/figure>\n\t<\/div>\n<\/div><\/div><\/div><div class=\"wpb_column vc_column_container vc_col-sm-4\"><div class=\"vc_column-inner\"><div class=\"wpb_wrapper\">\n\t<div  class=\"wpb_single_image wpb_content_element vc_align_left\">\n\t\t\n\t\t<figure class=\"wpb_wrapper vc_figure\">\n\t\t\t<a href=\"https:\/\/www.galeriehannabekkervomrath.de\/wp-content\/uploads\/kleine_liegende_1.jpg\" target=\"_self\" data-large_image_width=\"1078\" data-large_image_height=\"599\"  class=\"vc_single_image-wrapper   vc_box_border_grey dt-pswp-item rollover rollover-zoom\"   ><img loading=\"lazy\" decoding=\"async\" width=\"400\" height=\"222\" src=\"https:\/\/www.galeriehannabekkervomrath.de\/wp-content\/uploads\/kleine_liegende_1-400x222.jpg\" class=\"vc_single_image-img attachment-medium\" alt=\"\" title=\"Wanda Pratschke\" srcset=\"https:\/\/www.galeriehannabekkervomrath.de\/wp-content\/uploads\/kleine_liegende_1-400x222.jpg 400w, https:\/\/www.galeriehannabekkervomrath.de\/wp-content\/uploads\/kleine_liegende_1-768x427.jpg 768w, https:\/\/www.galeriehannabekkervomrath.de\/wp-content\/uploads\/kleine_liegende_1-600x333.jpg 600w, https:\/\/www.galeriehannabekkervomrath.de\/wp-content\/uploads\/kleine_liegende_1.jpg 1078w\" sizes=\"auto, (max-width: 400px) 100vw, 400px\"  data-dt-location=\"https:\/\/www.galeriehannabekkervomrath.de\/en\/kleine_liegende_1\/\" \/><\/a><figcaption class=\"vc_figure-caption\">Kleine Liegende, 2011, Bronze, 10 x 14 x 7 cm, Auflage 20<\/figcaption>\n\t\t<\/figure>\n\t<\/div>\n\n\t<div  class=\"wpb_single_image wpb_content_element vc_align_left\">\n\t\t\n\t\t<figure class=\"wpb_wrapper vc_figure\">\n\t\t\t<a href=\"https:\/\/www.galeriehannabekkervomrath.de\/wp-content\/uploads\/WP_2018_07_30-4.jpg\" target=\"_self\" data-large_image_width=\"1060\" data-large_image_height=\"1500\"  class=\"vc_single_image-wrapper   vc_box_border_grey dt-pswp-item rollover rollover-zoom\"   ><img loading=\"lazy\" decoding=\"async\" width=\"283\" height=\"400\" src=\"https:\/\/www.galeriehannabekkervomrath.de\/wp-content\/uploads\/WP_2018_07_30-4-283x400.jpg\" class=\"vc_single_image-img attachment-medium\" alt=\"\" title=\"Wanda Pratschke\" srcset=\"https:\/\/www.galeriehannabekkervomrath.de\/wp-content\/uploads\/WP_2018_07_30-4-283x400.jpg 283w, https:\/\/www.galeriehannabekkervomrath.de\/wp-content\/uploads\/WP_2018_07_30-4-768x1087.jpg 768w, https:\/\/www.galeriehannabekkervomrath.de\/wp-content\/uploads\/WP_2018_07_30-4-777x1100.jpg 777w, https:\/\/www.galeriehannabekkervomrath.de\/wp-content\/uploads\/WP_2018_07_30-4-600x849.jpg 600w, https:\/\/www.galeriehannabekkervomrath.de\/wp-content\/uploads\/WP_2018_07_30-4.jpg 1060w\" sizes=\"auto, (max-width: 283px) 100vw, 283px\"  data-dt-location=\"https:\/\/www.galeriehannabekkervomrath.de\/en\/wp_2018_07_30-4\/\" \/><\/a><figcaption class=\"vc_figure-caption\">Heldin, 2016, Bronze, \u00d6lfarbe, Blattgold, 105 x 20 x 18 cm, Auflage 8+2<\/figcaption>\n\t\t<\/figure>\n\t<\/div>\n<div id=\"ult-carousel-219753776469f5b59a13f40\" class=\"ult-carousel-wrapper   ult_horizontal\" data-gutter=\"15\" data-rtl=\"false\" ><div class=\"ult-carousel-267299932669f5b59a13f1f \" ><div class=\"ult-item-wrap\" data-animation=\"animated no-animation\">\n\t<div  class=\"wpb_single_image wpb_content_element vc_align_left\">\n\t\t\n\t\t<figure class=\"wpb_wrapper vc_figure\">\n\t\t\t<a href=\"https:\/\/www.galeriehannabekkervomrath.de\/wp-content\/uploads\/2018HeldinWP_2018_07_305.jpg\" target=\"_self\" data-large_image_width=\"1060\" data-large_image_height=\"1500\"  class=\"vc_single_image-wrapper   vc_box_border_grey dt-pswp-item rollover rollover-zoom\"   ><img loading=\"lazy\" decoding=\"async\" width=\"283\" height=\"400\" src=\"https:\/\/www.galeriehannabekkervomrath.de\/wp-content\/uploads\/2018HeldinWP_2018_07_305-283x400.jpg\" class=\"vc_single_image-img attachment-medium\" alt=\"\" title=\"Wanda Pratschke\" srcset=\"https:\/\/www.galeriehannabekkervomrath.de\/wp-content\/uploads\/2018HeldinWP_2018_07_305-283x400.jpg 283w, https:\/\/www.galeriehannabekkervomrath.de\/wp-content\/uploads\/2018HeldinWP_2018_07_305-768x1087.jpg 768w, https:\/\/www.galeriehannabekkervomrath.de\/wp-content\/uploads\/2018HeldinWP_2018_07_305-777x1100.jpg 777w, https:\/\/www.galeriehannabekkervomrath.de\/wp-content\/uploads\/2018HeldinWP_2018_07_305-600x849.jpg 600w, https:\/\/www.galeriehannabekkervomrath.de\/wp-content\/uploads\/2018HeldinWP_2018_07_305.jpg 1060w\" sizes=\"auto, (max-width: 283px) 100vw, 283px\"  data-dt-location=\"https:\/\/www.galeriehannabekkervomrath.de\/en\/2018heldinwp_2018_07_305\/\" \/><\/a><figcaption class=\"vc_figure-caption\">Heldin, 2016, Bronze, \u00d6lfarbe, Blattgold, 105 x 20 x 18 cm, Auflage 8+2<\/figcaption>\n\t\t<\/figure>\n\t<\/div>\n<\/div><div class=\"ult-item-wrap\" data-animation=\"animated no-animation\">\n\t<div  class=\"wpb_single_image wpb_content_element vc_align_left\">\n\t\t\n\t\t<figure class=\"wpb_wrapper vc_figure\">\n\t\t\t<a href=\"https:\/\/www.galeriehannabekkervomrath.de\/wp-content\/uploads\/036_WP_EYE_2018_09_19-28.jpg\" target=\"_self\" data-large_image_width=\"1200\" data-large_image_height=\"1644\"  class=\"vc_single_image-wrapper   vc_box_border_grey dt-pswp-item rollover rollover-zoom\"   ><img loading=\"lazy\" decoding=\"async\" width=\"292\" height=\"400\" src=\"https:\/\/www.galeriehannabekkervomrath.de\/wp-content\/uploads\/036_WP_EYE_2018_09_19-28-292x400.jpg\" class=\"vc_single_image-img attachment-medium\" alt=\"\" title=\"Wanda Pratschke\" srcset=\"https:\/\/www.galeriehannabekkervomrath.de\/wp-content\/uploads\/036_WP_EYE_2018_09_19-28-292x400.jpg 292w, https:\/\/www.galeriehannabekkervomrath.de\/wp-content\/uploads\/036_WP_EYE_2018_09_19-28-768x1052.jpg 768w, https:\/\/www.galeriehannabekkervomrath.de\/wp-content\/uploads\/036_WP_EYE_2018_09_19-28-803x1100.jpg 803w, https:\/\/www.galeriehannabekkervomrath.de\/wp-content\/uploads\/036_WP_EYE_2018_09_19-28-600x822.jpg 600w, https:\/\/www.galeriehannabekkervomrath.de\/wp-content\/uploads\/036_WP_EYE_2018_09_19-28.jpg 1200w\" sizes=\"auto, (max-width: 292px) 100vw, 292px\"  data-dt-location=\"https:\/\/www.galeriehannabekkervomrath.de\/en\/036_wp_eye_2018_09_19-28\/\" \/><\/a><figcaption class=\"vc_figure-caption\">Sinnende, 2018, Bronze, \u00d6lfarbe, 50 x 28 x 33 cm, Auflage 8+2<\/figcaption>\n\t\t<\/figure>\n\t<\/div>\n<\/div><\/div><\/div>\t\t\t<script type=\"text\/javascript\">\n\t\t\t\tjQuery(document).ready(function ($) {\n\t\t\t\t\tif( typeof jQuery('.ult-carousel-267299932669f5b59a13f1f').slick == \"function\"){\n\t\t\t\t\t\t$('.ult-carousel-267299932669f5b59a13f1f').slick({dots: true,autoplay: true,autoplaySpeed: \"5000\",speed: \"300\",infinite: true,arrows: true,nextArrow: '<button type=\"button\" role=\"button\" aria-label=\"Next\" style=\"color:#333333; font-size:20px;\" class=\"slick-next default\"><i class=\"ultsl-arrow-right4\"><\/i><\/button>',prevArrow: '<button type=\"button\" role=\"button\" aria-label=\"Previous\" style=\"color:#333333; font-size:20px;\" class=\"slick-prev default\"><i class=\"ultsl-arrow-left4\"><\/i><\/button>',slidesToScroll:1,slidesToShow:1,swipe: true,draggable: true,touchMove: true,pauseOnHover: true,pauseOnFocus: false,responsive: [\n\t\t\t\t\t\t\t{\n\t\t\t\t\t\t\t  breakpoint: 1026,\n\t\t\t\t\t\t\t  settings: {\n\t\t\t\t\t\t\t\tslidesToShow: 1,\n\t\t\t\t\t\t\t\tslidesToScroll: 1,  \n\t\t\t\t\t\t\t  }\n\t\t\t\t\t\t\t},\n\t\t\t\t\t\t\t{\n\t\t\t\t\t\t\t  breakpoint: 1025,\n\t\t\t\t\t\t\t  settings: {\n\t\t\t\t\t\t\t\tslidesToShow: 1,\n\t\t\t\t\t\t\t\tslidesToScroll: 1\n\t\t\t\t\t\t\t  }\n\t\t\t\t\t\t\t},\n\t\t\t\t\t\t\t{\n\t\t\t\t\t\t\t  breakpoint: 760,\n\t\t\t\t\t\t\t  settings: {\n\t\t\t\t\t\t\t\tslidesToShow: 1,\n\t\t\t\t\t\t\t\tslidesToScroll: 1\n\t\t\t\t\t\t\t  }\n\t\t\t\t\t\t\t}\n\t\t\t\t\t\t],pauseOnDotsHover: true,customPaging: function(slider, i) {\n                   return '<i type=\"button\" style= \"color:#333333;\" class=\"ultsl-record\" data-role=\"none\"><\/i>';\n                },});\n\t\t\t\t\t}\n\t\t\t\t});\n\t\t\t<\/script>\n\t\t\t<div class=\"vc_separator wpb_content_element vc_separator_align_center vc_sep_width_100 vc_sep_pos_align_center vc_separator_no_text vc_sep_color_white wpb_content_element  wpb_content_element\" ><span class=\"vc_sep_holder vc_sep_holder_l\"><span class=\"vc_sep_line\"><\/span><\/span><span class=\"vc_sep_holder vc_sep_holder_r\"><span class=\"vc_sep_line\"><\/span><\/span>\n<\/div><div class=\"vc_separator wpb_content_element vc_separator_align_center vc_sep_width_100 vc_sep_pos_align_center vc_separator_no_text vc_sep_color_white wpb_content_element  wpb_content_element\" ><span class=\"vc_sep_holder vc_sep_holder_l\"><span class=\"vc_sep_line\"><\/span><\/span><span class=\"vc_sep_holder vc_sep_holder_r\"><span class=\"vc_sep_line\"><\/span><\/span>\n<\/div><div class=\"vc_separator wpb_content_element vc_separator_align_center vc_sep_width_100 vc_sep_pos_align_center vc_separator_no_text vc_sep_color_white wpb_content_element  wpb_content_element\" ><span class=\"vc_sep_holder vc_sep_holder_l\"><span class=\"vc_sep_line\"><\/span><\/span><span class=\"vc_sep_holder vc_sep_holder_r\"><span class=\"vc_sep_line\"><\/span><\/span>\n<\/div><div class=\"vc_separator wpb_content_element vc_separator_align_center vc_sep_width_100 vc_sep_pos_align_center vc_separator_no_text vc_sep_color_white wpb_content_element  wpb_content_element\" ><span class=\"vc_sep_holder vc_sep_holder_l\"><span class=\"vc_sep_line\"><\/span><\/span><span class=\"vc_sep_holder vc_sep_holder_r\"><span class=\"vc_sep_line\"><\/span><\/span>\n<\/div><div class=\"vc_separator wpb_content_element vc_separator_align_center vc_sep_width_100 vc_sep_pos_align_center vc_separator_no_text vc_sep_color_white wpb_content_element  wpb_content_element\" ><span class=\"vc_sep_holder vc_sep_holder_l\"><span class=\"vc_sep_line\"><\/span><\/span><span class=\"vc_sep_holder vc_sep_holder_r\"><span class=\"vc_sep_line\"><\/span><\/span>\n<\/div><div class=\"vc_separator wpb_content_element vc_separator_align_center vc_sep_width_100 vc_sep_pos_align_center vc_separator_no_text vc_sep_color_white wpb_content_element  wpb_content_element\" ><span class=\"vc_sep_holder vc_sep_holder_l\"><span class=\"vc_sep_line\"><\/span><\/span><span class=\"vc_sep_holder vc_sep_holder_r\"><span class=\"vc_sep_line\"><\/span><\/span>\n<\/div>\n\t<div  class=\"wpb_single_image wpb_content_element vc_align_left\">\n\t\t\n\t\t<figure class=\"wpb_wrapper vc_figure\">\n\t\t\t<a href=\"https:\/\/www.galeriehannabekkervomrath.de\/wp-content\/uploads\/Weib-mit-Granatapfel-1.jpg\" target=\"_self\" data-large_image_width=\"995\" data-large_image_height=\"1500\"  class=\"vc_single_image-wrapper   vc_box_border_grey dt-pswp-item rollover rollover-zoom\"   ><img loading=\"lazy\" decoding=\"async\" width=\"265\" height=\"400\" src=\"https:\/\/www.galeriehannabekkervomrath.de\/wp-content\/uploads\/Weib-mit-Granatapfel-1-265x400.jpg\" class=\"vc_single_image-img attachment-medium\" alt=\"\" title=\"Wanda Pratschke\" srcset=\"https:\/\/www.galeriehannabekkervomrath.de\/wp-content\/uploads\/Weib-mit-Granatapfel-1-265x400.jpg 265w, https:\/\/www.galeriehannabekkervomrath.de\/wp-content\/uploads\/Weib-mit-Granatapfel-1-768x1158.jpg 768w, https:\/\/www.galeriehannabekkervomrath.de\/wp-content\/uploads\/Weib-mit-Granatapfel-1-730x1100.jpg 730w, https:\/\/www.galeriehannabekkervomrath.de\/wp-content\/uploads\/Weib-mit-Granatapfel-1-600x905.jpg 600w, https:\/\/www.galeriehannabekkervomrath.de\/wp-content\/uploads\/Weib-mit-Granatapfel-1.jpg 995w\" sizes=\"auto, (max-width: 265px) 100vw, 265px\"  data-dt-location=\"https:\/\/www.galeriehannabekkervomrath.de\/en\/weib-mit-granatapfel-1\/\" \/><\/a><figcaption class=\"vc_figure-caption\">Weib mit Granatapfel, 2015, Bronze, 42 x 23 x 27 cm, Auflage 10, signiert und nummeriert<\/figcaption>\n\t\t<\/figure>\n\t<\/div>\n\n\t<div  class=\"wpb_single_image wpb_content_element vc_align_left\">\n\t\t\n\t\t<figure class=\"wpb_wrapper vc_figure\">\n\t\t\t<a href=\"https:\/\/www.galeriehannabekkervomrath.de\/wp-content\/uploads\/Sinnende-WP_EYE_2018_09_19-70.jpg\" target=\"_self\" data-large_image_width=\"1200\" data-large_image_height=\"1479\"  class=\"vc_single_image-wrapper   vc_box_border_grey dt-pswp-item rollover rollover-zoom\"   ><img loading=\"lazy\" decoding=\"async\" width=\"324\" height=\"400\" src=\"https:\/\/www.galeriehannabekkervomrath.de\/wp-content\/uploads\/Sinnende-WP_EYE_2018_09_19-70-324x400.jpg\" class=\"vc_single_image-img attachment-medium\" alt=\"\" title=\"Wanda Pratschke\" srcset=\"https:\/\/www.galeriehannabekkervomrath.de\/wp-content\/uploads\/Sinnende-WP_EYE_2018_09_19-70-324x400.jpg 324w, https:\/\/www.galeriehannabekkervomrath.de\/wp-content\/uploads\/Sinnende-WP_EYE_2018_09_19-70-768x947.jpg 768w, https:\/\/www.galeriehannabekkervomrath.de\/wp-content\/uploads\/Sinnende-WP_EYE_2018_09_19-70-892x1100.jpg 892w, https:\/\/www.galeriehannabekkervomrath.de\/wp-content\/uploads\/Sinnende-WP_EYE_2018_09_19-70-600x740.jpg 600w, https:\/\/www.galeriehannabekkervomrath.de\/wp-content\/uploads\/Sinnende-WP_EYE_2018_09_19-70.jpg 1200w\" sizes=\"auto, (max-width: 324px) 100vw, 324px\"  data-dt-location=\"https:\/\/www.galeriehannabekkervomrath.de\/en\/sinnende-wp_eye_2018_09_19-70\/\" \/><\/a><figcaption class=\"vc_figure-caption\">Sinnende, 2019, Bronze, \u00d6lfarbe, 50 x 28 x 33 cm, Auflage 8+2<\/figcaption>\n\t\t<\/figure>\n\t<\/div>\n\n\t<div  class=\"wpb_single_image wpb_content_element vc_align_left\">\n\t\t\n\t\t<figure class=\"wpb_wrapper vc_figure\">\n\t\t\t<a href=\"https:\/\/www.galeriehannabekkervomrath.de\/wp-content\/uploads\/097_DSC5496Wanda.jpg\" target=\"_self\" data-large_image_width=\"1200\" data-large_image_height=\"1799\"  class=\"vc_single_image-wrapper   vc_box_border_grey dt-pswp-item rollover rollover-zoom\"   ><img loading=\"lazy\" decoding=\"async\" width=\"267\" height=\"400\" src=\"https:\/\/www.galeriehannabekkervomrath.de\/wp-content\/uploads\/097_DSC5496Wanda-267x400.jpg\" class=\"vc_single_image-img attachment-medium\" alt=\"\" title=\"Wanda Pratschke\" srcset=\"https:\/\/www.galeriehannabekkervomrath.de\/wp-content\/uploads\/097_DSC5496Wanda-267x400.jpg 267w, https:\/\/www.galeriehannabekkervomrath.de\/wp-content\/uploads\/097_DSC5496Wanda-768x1151.jpg 768w, https:\/\/www.galeriehannabekkervomrath.de\/wp-content\/uploads\/097_DSC5496Wanda-734x1100.jpg 734w, https:\/\/www.galeriehannabekkervomrath.de\/wp-content\/uploads\/097_DSC5496Wanda-600x899.jpg 600w, https:\/\/www.galeriehannabekkervomrath.de\/wp-content\/uploads\/097_DSC5496Wanda.jpg 1200w\" sizes=\"auto, (max-width: 267px) 100vw, 267px\"  data-dt-location=\"https:\/\/www.galeriehannabekkervomrath.de\/en\/097_dsc5496wanda\/\" \/><\/a><figcaption class=\"vc_figure-caption\">2000, Bronze, 120 x 70 x 100 cm, Auflage 4+1\n<\/figcaption>\n\t\t<\/figure>\n\t<\/div>\n\n\t<div  class=\"wpb_single_image wpb_content_element vc_align_left\">\n\t\t\n\t\t<figure class=\"wpb_wrapper vc_figure\">\n\t\t\t<a href=\"https:\/\/www.galeriehannabekkervomrath.de\/wp-content\/uploads\/Kleine-Frau-Ein-Fels-2-Kopie-Kopie.jpg\" target=\"_self\" data-large_image_width=\"593\" data-large_image_height=\"640\"  class=\"vc_single_image-wrapper   vc_box_border_grey dt-pswp-item rollover rollover-zoom\"   ><img loading=\"lazy\" decoding=\"async\" width=\"371\" height=\"400\" src=\"https:\/\/www.galeriehannabekkervomrath.de\/wp-content\/uploads\/Kleine-Frau-Ein-Fels-2-Kopie-Kopie-371x400.jpg\" class=\"vc_single_image-img attachment-medium\" alt=\"\" title=\"Wanda Pratschke\" srcset=\"https:\/\/www.galeriehannabekkervomrath.de\/wp-content\/uploads\/Kleine-Frau-Ein-Fels-2-Kopie-Kopie-371x400.jpg 371w, https:\/\/www.galeriehannabekkervomrath.de\/wp-content\/uploads\/Kleine-Frau-Ein-Fels-2-Kopie-Kopie.jpg 593w\" sizes=\"auto, (max-width: 371px) 100vw, 371px\"  data-dt-location=\"https:\/\/www.galeriehannabekkervomrath.de\/en\/kleine-frau-ein-fels-2-kopie-kopie\/\" \/><\/a><figcaption class=\"vc_figure-caption\">Kleine Frau - Ein Fels<\/figcaption>\n\t\t<\/figure>\n\t<\/div>\n<\/div><\/div><\/div><div class=\"wpb_column vc_column_container vc_col-sm-4\"><div class=\"vc_column-inner\"><div class=\"wpb_wrapper\">\n\t<div  class=\"wpb_single_image wpb_content_element vc_align_left\">\n\t\t\n\t\t<figure class=\"wpb_wrapper vc_figure\">\n\t\t\t<a href=\"https:\/\/www.galeriehannabekkervomrath.de\/wp-content\/uploads\/Queen.jpg\" target=\"_self\" data-large_image_width=\"1200\" data-large_image_height=\"1623\"  class=\"vc_single_image-wrapper   vc_box_border_grey dt-pswp-item rollover rollover-zoom\"   ><img loading=\"lazy\" decoding=\"async\" width=\"296\" height=\"400\" src=\"https:\/\/www.galeriehannabekkervomrath.de\/wp-content\/uploads\/Queen-296x400.jpg\" class=\"vc_single_image-img attachment-medium\" alt=\"\" title=\"Queen\" srcset=\"https:\/\/www.galeriehannabekkervomrath.de\/wp-content\/uploads\/Queen-296x400.jpg 296w, https:\/\/www.galeriehannabekkervomrath.de\/wp-content\/uploads\/Queen-813x1100.jpg 813w, https:\/\/www.galeriehannabekkervomrath.de\/wp-content\/uploads\/Queen-111x150.jpg 111w, https:\/\/www.galeriehannabekkervomrath.de\/wp-content\/uploads\/Queen-768x1039.jpg 768w, https:\/\/www.galeriehannabekkervomrath.de\/wp-content\/uploads\/Queen-1136x1536.jpg 1136w, https:\/\/www.galeriehannabekkervomrath.de\/wp-content\/uploads\/Queen-9x12.jpg 9w, https:\/\/www.galeriehannabekkervomrath.de\/wp-content\/uploads\/Queen-1320x1785.jpg 1320w, https:\/\/www.galeriehannabekkervomrath.de\/wp-content\/uploads\/Queen.jpg 1200w\" sizes=\"auto, (max-width: 296px) 100vw, 296px\"  data-dt-location=\"https:\/\/www.galeriehannabekkervomrath.de\/en\/wanda-pratschke\/queen\/\" \/><\/a><figcaption class=\"vc_figure-caption\">Queen, 2016, Bronze, \u00d6lfarbe, 78 x 43 x 45 cm, Auflage 4+1 <\/figcaption>\n\t\t<\/figure>\n\t<\/div>\n\n\t<div  class=\"wpb_single_image wpb_content_element vc_align_left\">\n\t\t\n\t\t<figure class=\"wpb_wrapper vc_figure\">\n\t\t\t<a href=\"https:\/\/www.galeriehannabekkervomrath.de\/wp-content\/uploads\/kleine_liegende_2.jpg\" target=\"_self\" data-large_image_width=\"1022\" data-large_image_height=\"599\"  class=\"vc_single_image-wrapper   vc_box_border_grey dt-pswp-item rollover rollover-zoom\"   ><img loading=\"lazy\" decoding=\"async\" width=\"400\" height=\"234\" src=\"https:\/\/www.galeriehannabekkervomrath.de\/wp-content\/uploads\/kleine_liegende_2-400x234.jpg\" class=\"vc_single_image-img attachment-medium\" alt=\"\" title=\"Wanda Pratschke\" srcset=\"https:\/\/www.galeriehannabekkervomrath.de\/wp-content\/uploads\/kleine_liegende_2-400x234.jpg 400w, https:\/\/www.galeriehannabekkervomrath.de\/wp-content\/uploads\/kleine_liegende_2-768x450.jpg 768w, https:\/\/www.galeriehannabekkervomrath.de\/wp-content\/uploads\/kleine_liegende_2-600x352.jpg 600w, https:\/\/www.galeriehannabekkervomrath.de\/wp-content\/uploads\/kleine_liegende_2.jpg 1022w\" sizes=\"auto, (max-width: 400px) 100vw, 400px\"  data-dt-location=\"https:\/\/www.galeriehannabekkervomrath.de\/en\/kleine_liegende_2\/\" \/><\/a><figcaption class=\"vc_figure-caption\">Kleine Liegende, 2011, Bronze, 10 x 14 x 7 cm, Auflage 20<\/figcaption>\n\t\t<\/figure>\n\t<\/div>\n<div class=\"vc_separator wpb_content_element vc_separator_align_center vc_sep_width_100 vc_sep_pos_align_center vc_separator_no_text vc_sep_color_white wpb_content_element  wpb_content_element\" ><span class=\"vc_sep_holder vc_sep_holder_l\"><span class=\"vc_sep_line\"><\/span><\/span><span class=\"vc_sep_holder vc_sep_holder_r\"><span class=\"vc_sep_line\"><\/span><\/span>\n<\/div><div class=\"vc_separator wpb_content_element vc_separator_align_center vc_sep_width_100 vc_sep_pos_align_center vc_separator_no_text vc_sep_color_white wpb_content_element  wpb_content_element\" ><span class=\"vc_sep_holder vc_sep_holder_l\"><span class=\"vc_sep_line\"><\/span><\/span><span class=\"vc_sep_holder vc_sep_holder_r\"><span class=\"vc_sep_line\"><\/span><\/span>\n<\/div><div class=\"vc_separator wpb_content_element vc_separator_align_center vc_sep_width_100 vc_sep_pos_align_center vc_separator_no_text vc_sep_color_white wpb_content_element  wpb_content_element\" ><span class=\"vc_sep_holder vc_sep_holder_l\"><span class=\"vc_sep_line\"><\/span><\/span><span class=\"vc_sep_holder vc_sep_holder_r\"><span class=\"vc_sep_line\"><\/span><\/span>\n<\/div>\n\t<div  class=\"wpb_single_image wpb_content_element vc_align_left\">\n\t\t\n\t\t<figure class=\"wpb_wrapper vc_figure\">\n\t\t\t<a href=\"https:\/\/www.galeriehannabekkervomrath.de\/wp-content\/uploads\/IMG_9630.jpg\" target=\"_self\" data-large_image_width=\"1600\" data-large_image_height=\"1200\"  class=\"vc_single_image-wrapper   vc_box_border_grey dt-pswp-item rollover rollover-zoom\"   ><img loading=\"lazy\" decoding=\"async\" width=\"400\" height=\"300\" src=\"https:\/\/www.galeriehannabekkervomrath.de\/wp-content\/uploads\/IMG_9630-400x300.jpg\" class=\"vc_single_image-img attachment-medium\" alt=\"\" title=\"Wanda Pratschke\" srcset=\"https:\/\/www.galeriehannabekkervomrath.de\/wp-content\/uploads\/IMG_9630-400x300.jpg 400w, https:\/\/www.galeriehannabekkervomrath.de\/wp-content\/uploads\/IMG_9630-200x150.jpg 200w, https:\/\/www.galeriehannabekkervomrath.de\/wp-content\/uploads\/IMG_9630-768x576.jpg 768w, https:\/\/www.galeriehannabekkervomrath.de\/wp-content\/uploads\/IMG_9630-1100x825.jpg 1100w, https:\/\/www.galeriehannabekkervomrath.de\/wp-content\/uploads\/IMG_9630-600x450.jpg 600w, https:\/\/www.galeriehannabekkervomrath.de\/wp-content\/uploads\/IMG_9630.jpg 1600w\" sizes=\"auto, (max-width: 400px) 100vw, 400px\"  data-dt-location=\"https:\/\/www.galeriehannabekkervomrath.de\/en\/img_9630\/\" \/><\/a><figcaption class=\"vc_figure-caption\">Liegende, Bronze, 15 x 22 x 15 cm<\/figcaption>\n\t\t<\/figure>\n\t<\/div>\n<div class=\"vc_separator wpb_content_element vc_separator_align_center vc_sep_width_100 vc_sep_pos_align_center vc_separator_no_text vc_sep_color_white wpb_content_element  wpb_content_element\" ><span class=\"vc_sep_holder vc_sep_holder_l\"><span class=\"vc_sep_line\"><\/span><\/span><span class=\"vc_sep_holder vc_sep_holder_r\"><span class=\"vc_sep_line\"><\/span><\/span>\n<\/div><div id=\"ult-carousel-153495606969f5b59a17377\" class=\"ult-carousel-wrapper   ult_horizontal\" data-gutter=\"15\" data-rtl=\"false\" ><div class=\"ult-carousel-168119204269f5b59a17356 \" ><div class=\"ult-item-wrap\" data-animation=\"animated no-animation\">\n\t<div  class=\"wpb_single_image wpb_content_element vc_align_left\">\n\t\t\n\t\t<figure class=\"wpb_wrapper vc_figure\">\n\t\t\t<a href=\"https:\/\/www.galeriehannabekkervomrath.de\/wp-content\/uploads\/2015\/11\/Weib.jpg\" target=\"_self\" data-large_image_width=\"424\" data-large_image_height=\"318\"  class=\"vc_single_image-wrapper   vc_box_border_grey dt-pswp-item rollover rollover-zoom\"   ><img loading=\"lazy\" decoding=\"async\" width=\"400\" height=\"300\" src=\"https:\/\/www.galeriehannabekkervomrath.de\/wp-content\/uploads\/2015\/11\/Weib-400x300.jpg\" class=\"vc_single_image-img attachment-medium\" alt=\"\" title=\"Wanda Pratschke\" srcset=\"https:\/\/www.galeriehannabekkervomrath.de\/wp-content\/uploads\/2015\/11\/Weib-400x300.jpg 400w, https:\/\/www.galeriehannabekkervomrath.de\/wp-content\/uploads\/2015\/11\/Weib-200x150.jpg 200w, https:\/\/www.galeriehannabekkervomrath.de\/wp-content\/uploads\/2015\/11\/Weib.jpg 424w\" sizes=\"auto, (max-width: 400px) 100vw, 400px\"  data-dt-location=\"https:\/\/www.galeriehannabekkervomrath.de\/en\/weib\/\" \/><\/a><figcaption class=\"vc_figure-caption\">Weib, 2011, Bronze, 25 x 20 x 28 cm<\/figcaption>\n\t\t<\/figure>\n\t<\/div>\n<\/div><\/div><\/div>\t\t\t<script type=\"text\/javascript\">\n\t\t\t\tjQuery(document).ready(function ($) {\n\t\t\t\t\tif( typeof jQuery('.ult-carousel-168119204269f5b59a17356').slick == \"function\"){\n\t\t\t\t\t\t$('.ult-carousel-168119204269f5b59a17356').slick({dots: true,autoplay: true,autoplaySpeed: \"5000\",speed: \"300\",infinite: true,arrows: true,nextArrow: '<button type=\"button\" role=\"button\" aria-label=\"Next\" style=\"color:#333333; font-size:20px;\" class=\"slick-next default\"><i class=\"ultsl-arrow-right4\"><\/i><\/button>',prevArrow: '<button type=\"button\" role=\"button\" aria-label=\"Previous\" style=\"color:#333333; font-size:20px;\" class=\"slick-prev default\"><i class=\"ultsl-arrow-left4\"><\/i><\/button>',slidesToScroll:1,slidesToShow:1,swipe: true,draggable: true,touchMove: true,pauseOnHover: true,pauseOnFocus: false,responsive: [\n\t\t\t\t\t\t\t{\n\t\t\t\t\t\t\t  breakpoint: 1026,\n\t\t\t\t\t\t\t  settings: {\n\t\t\t\t\t\t\t\tslidesToShow: 1,\n\t\t\t\t\t\t\t\tslidesToScroll: 1,  \n\t\t\t\t\t\t\t  }\n\t\t\t\t\t\t\t},\n\t\t\t\t\t\t\t{\n\t\t\t\t\t\t\t  breakpoint: 1025,\n\t\t\t\t\t\t\t  settings: {\n\t\t\t\t\t\t\t\tslidesToShow: 1,\n\t\t\t\t\t\t\t\tslidesToScroll: 1\n\t\t\t\t\t\t\t  }\n\t\t\t\t\t\t\t},\n\t\t\t\t\t\t\t{\n\t\t\t\t\t\t\t  breakpoint: 760,\n\t\t\t\t\t\t\t  settings: {\n\t\t\t\t\t\t\t\tslidesToShow: 1,\n\t\t\t\t\t\t\t\tslidesToScroll: 1\n\t\t\t\t\t\t\t  }\n\t\t\t\t\t\t\t}\n\t\t\t\t\t\t],pauseOnDotsHover: true,customPaging: function(slider, i) {\n                   return '<i type=\"button\" style= \"color:#333333;\" class=\"ultsl-record\" data-role=\"none\"><\/i>';\n                },});\n\t\t\t\t\t}\n\t\t\t\t});\n\t\t\t<\/script>\n\t\t\t\n\t<div  class=\"wpb_single_image wpb_content_element vc_align_left\">\n\t\t\n\t\t<figure class=\"wpb_wrapper vc_figure\">\n\t\t\t<a href=\"https:\/\/www.galeriehannabekkervomrath.de\/wp-content\/uploads\/Bein-weiss-WP_EYE_2018_09_19-67.jpg\" target=\"_self\" data-large_image_width=\"1200\" data-large_image_height=\"2016\"  class=\"vc_single_image-wrapper   vc_box_border_grey dt-pswp-item rollover rollover-zoom\"   ><img loading=\"lazy\" decoding=\"async\" width=\"238\" height=\"400\" src=\"https:\/\/www.galeriehannabekkervomrath.de\/wp-content\/uploads\/Bein-weiss-WP_EYE_2018_09_19-67-238x400.jpg\" class=\"vc_single_image-img attachment-medium\" alt=\"\" title=\"Wanda Pratschke\" srcset=\"https:\/\/www.galeriehannabekkervomrath.de\/wp-content\/uploads\/Bein-weiss-WP_EYE_2018_09_19-67-238x400.jpg 238w, https:\/\/www.galeriehannabekkervomrath.de\/wp-content\/uploads\/Bein-weiss-WP_EYE_2018_09_19-67-768x1290.jpg 768w, https:\/\/www.galeriehannabekkervomrath.de\/wp-content\/uploads\/Bein-weiss-WP_EYE_2018_09_19-67-655x1100.jpg 655w, https:\/\/www.galeriehannabekkervomrath.de\/wp-content\/uploads\/Bein-weiss-WP_EYE_2018_09_19-67-600x1008.jpg 600w, https:\/\/www.galeriehannabekkervomrath.de\/wp-content\/uploads\/Bein-weiss-WP_EYE_2018_09_19-67.jpg 1200w\" sizes=\"auto, (max-width: 238px) 100vw, 238px\"  data-dt-location=\"https:\/\/www.galeriehannabekkervomrath.de\/en\/bein-weiss-wp_eye_2018_09_19-67\/\" \/><\/a><figcaption class=\"vc_figure-caption\">Bein, 2018, Bronze, \u00d6lfarbe, Blattgold, 55 x 10 x 9 cm, Auflage 8+2<\/figcaption>\n\t\t<\/figure>\n\t<\/div>\n\n\t<div  class=\"wpb_single_image wpb_content_element vc_align_left\">\n\t\t\n\t\t<figure class=\"wpb_wrapper vc_figure\">\n\t\t\t<a href=\"https:\/\/www.galeriehannabekkervomrath.de\/wp-content\/uploads\/Kopf-1-scaled.jpg\" target=\"_self\" data-large_image_width=\"1200\" data-large_image_height=\"1575\"  class=\"vc_single_image-wrapper   vc_box_border_grey dt-pswp-item rollover rollover-zoom\"   ><img loading=\"lazy\" decoding=\"async\" width=\"305\" height=\"400\" src=\"https:\/\/www.galeriehannabekkervomrath.de\/wp-content\/uploads\/Kopf-1-305x400.jpg\" class=\"vc_single_image-img attachment-medium\" alt=\"\" title=\"Wanda Pratschke\" srcset=\"https:\/\/www.galeriehannabekkervomrath.de\/wp-content\/uploads\/Kopf-1-305x400.jpg 305w, https:\/\/www.galeriehannabekkervomrath.de\/wp-content\/uploads\/Kopf-1-838x1100.jpg 838w, https:\/\/www.galeriehannabekkervomrath.de\/wp-content\/uploads\/Kopf-1-114x150.jpg 114w, https:\/\/www.galeriehannabekkervomrath.de\/wp-content\/uploads\/Kopf-1-768x1008.jpg 768w, https:\/\/www.galeriehannabekkervomrath.de\/wp-content\/uploads\/Kopf-1-600x788.jpg 600w, https:\/\/www.galeriehannabekkervomrath.de\/wp-content\/uploads\/Kopf-1-1170x1536.jpg 1170w, https:\/\/www.galeriehannabekkervomrath.de\/wp-content\/uploads\/Kopf-1-1560x2048.jpg 1560w, https:\/\/www.galeriehannabekkervomrath.de\/wp-content\/uploads\/Kopf-1-9x12.jpg 9w, https:\/\/www.galeriehannabekkervomrath.de\/wp-content\/uploads\/Kopf-1-1320x1733.jpg 1320w, https:\/\/www.galeriehannabekkervomrath.de\/wp-content\/uploads\/Kopf-1-scaled.jpg 1200w\" sizes=\"auto, (max-width: 305px) 100vw, 305px\"  data-dt-location=\"https:\/\/www.galeriehannabekkervomrath.de\/en\/kopf-2\/\" \/><\/a><figcaption class=\"vc_figure-caption\">Kopf (kubistisch), 2007, Bronze und \u00d6lfarbe, 55 x 45 x 45 cm, Ex.1\/2<\/figcaption>\n\t\t<\/figure>\n\t<\/div>\n\n\t<div  class=\"wpb_single_image wpb_content_element vc_align_left\">\n\t\t\n\t\t<figure class=\"wpb_wrapper vc_figure\">\n\t\t\t<a href=\"https:\/\/www.galeriehannabekkervomrath.de\/wp-content\/uploads\/emanuel-ziegenbock-.jpg\" target=\"_self\" data-large_image_width=\"600\" data-large_image_height=\"655\"  class=\"vc_single_image-wrapper   vc_box_border_grey dt-pswp-item rollover rollover-zoom\"   ><img loading=\"lazy\" decoding=\"async\" width=\"366\" height=\"400\" src=\"https:\/\/www.galeriehannabekkervomrath.de\/wp-content\/uploads\/emanuel-ziegenbock--366x400.jpg\" class=\"vc_single_image-img attachment-medium\" alt=\"\" title=\"Wanda Pratschke\" srcset=\"https:\/\/www.galeriehannabekkervomrath.de\/wp-content\/uploads\/emanuel-ziegenbock--366x400.jpg 366w, https:\/\/www.galeriehannabekkervomrath.de\/wp-content\/uploads\/emanuel-ziegenbock-.jpg 600w\" sizes=\"auto, (max-width: 366px) 100vw, 366px\"  data-dt-location=\"https:\/\/www.galeriehannabekkervomrath.de\/en\/emanuel-ziegenbock\/\" \/><\/a><figcaption class=\"vc_figure-caption\">Ziegenbock Emanuel, 2005, Bronze, 43 x 55 x 30 cm, Auflage 8<\/figcaption>\n\t\t<\/figure>\n\t<\/div>\n<div id=\"ult-carousel-112659417069f5b59a18558\" class=\"ult-carousel-wrapper   ult_horizontal\" data-gutter=\"15\" data-rtl=\"false\" ><div class=\"ult-carousel-422564130769f5b59a18537 \" ><div class=\"ult-item-wrap\" data-animation=\"animated no-animation\">\n\t<div  class=\"wpb_single_image wpb_content_element vc_align_left\">\n\t\t\n\t\t<figure class=\"wpb_wrapper vc_figure\">\n\t\t\t<a href=\"https:\/\/www.galeriehannabekkervomrath.de\/wp-content\/uploads\/034_WP_EYE_2018_09_19-27.jpg\" target=\"_self\" data-large_image_width=\"1200\" data-large_image_height=\"1805\"  class=\"vc_single_image-wrapper   vc_box_border_grey dt-pswp-item rollover rollover-zoom\"   ><img loading=\"lazy\" decoding=\"async\" width=\"266\" height=\"400\" src=\"https:\/\/www.galeriehannabekkervomrath.de\/wp-content\/uploads\/034_WP_EYE_2018_09_19-27-266x400.jpg\" class=\"vc_single_image-img attachment-medium\" alt=\"\" title=\"Wanda Pratschke\" srcset=\"https:\/\/www.galeriehannabekkervomrath.de\/wp-content\/uploads\/034_WP_EYE_2018_09_19-27-266x400.jpg 266w, https:\/\/www.galeriehannabekkervomrath.de\/wp-content\/uploads\/034_WP_EYE_2018_09_19-27-768x1155.jpg 768w, https:\/\/www.galeriehannabekkervomrath.de\/wp-content\/uploads\/034_WP_EYE_2018_09_19-27-731x1100.jpg 731w, https:\/\/www.galeriehannabekkervomrath.de\/wp-content\/uploads\/034_WP_EYE_2018_09_19-27-600x902.jpg 600w, https:\/\/www.galeriehannabekkervomrath.de\/wp-content\/uploads\/034_WP_EYE_2018_09_19-27.jpg 1200w\" sizes=\"auto, (max-width: 266px) 100vw, 266px\"  data-dt-location=\"https:\/\/www.galeriehannabekkervomrath.de\/en\/034_wp_eye_2018_09_19-27\/\" \/><\/a><figcaption class=\"vc_figure-caption\">Sinnende, 2018, Bronze, \u00d6lfarbe, 50 x 28 x 33 cm, Auflage 8+2<\/figcaption>\n\t\t<\/figure>\n\t<\/div>\n<\/div><\/div><\/div>\t\t\t<script type=\"text\/javascript\">\n\t\t\t\tjQuery(document).ready(function ($) {\n\t\t\t\t\tif( typeof jQuery('.ult-carousel-422564130769f5b59a18537').slick == \"function\"){\n\t\t\t\t\t\t$('.ult-carousel-422564130769f5b59a18537').slick({dots: true,autoplay: true,autoplaySpeed: \"5000\",speed: \"300\",infinite: true,arrows: true,nextArrow: '<button type=\"button\" role=\"button\" aria-label=\"Next\" style=\"color:#333333; font-size:20px;\" class=\"slick-next default\"><i class=\"ultsl-arrow-right4\"><\/i><\/button>',prevArrow: '<button type=\"button\" role=\"button\" aria-label=\"Previous\" style=\"color:#333333; font-size:20px;\" class=\"slick-prev default\"><i class=\"ultsl-arrow-left4\"><\/i><\/button>',slidesToScroll:1,slidesToShow:1,swipe: true,draggable: true,touchMove: true,pauseOnHover: true,pauseOnFocus: false,responsive: [\n\t\t\t\t\t\t\t{\n\t\t\t\t\t\t\t  breakpoint: 1026,\n\t\t\t\t\t\t\t  settings: {\n\t\t\t\t\t\t\t\tslidesToShow: 1,\n\t\t\t\t\t\t\t\tslidesToScroll: 1,  \n\t\t\t\t\t\t\t  }\n\t\t\t\t\t\t\t},\n\t\t\t\t\t\t\t{\n\t\t\t\t\t\t\t  breakpoint: 1025,\n\t\t\t\t\t\t\t  settings: {\n\t\t\t\t\t\t\t\tslidesToShow: 1,\n\t\t\t\t\t\t\t\tslidesToScroll: 1\n\t\t\t\t\t\t\t  }\n\t\t\t\t\t\t\t},\n\t\t\t\t\t\t\t{\n\t\t\t\t\t\t\t  breakpoint: 760,\n\t\t\t\t\t\t\t  settings: {\n\t\t\t\t\t\t\t\tslidesToShow: 1,\n\t\t\t\t\t\t\t\tslidesToScroll: 1\n\t\t\t\t\t\t\t  }\n\t\t\t\t\t\t\t}\n\t\t\t\t\t\t],pauseOnDotsHover: true,customPaging: function(slider, i) {\n                   return '<i type=\"button\" style= \"color:#333333;\" class=\"ultsl-record\" data-role=\"none\"><\/i>';\n                },});\n\t\t\t\t\t}\n\t\t\t\t});\n\t\t\t<\/script>\n\t\t\t<div class=\"vc_separator wpb_content_element vc_separator_align_center vc_sep_width_100 vc_sep_pos_align_center vc_separator_no_text vc_sep_color_grey wpb_content_element  wpb_content_element\" ><span class=\"vc_sep_holder vc_sep_holder_l\"><span class=\"vc_sep_line\"><\/span><\/span><span class=\"vc_sep_holder vc_sep_holder_r\"><span class=\"vc_sep_line\"><\/span><\/span>\n<\/div><\/div><\/div><\/div><\/div><\/div><\/div><div class=\"vc_tta-panel\" id=\"1543913696482-38b43962-0ba7b4d9-fe61\" data-vc-content=\".vc_tta-panel-body\"><div class=\"vc_tta-panel-heading\"><h4 class=\"vc_tta-panel-title\"><a href=\"#1543913696482-38b43962-0ba7b4d9-fe61\" data-vc-accordion data-vc-container=\".vc_tta-container\"><span class=\"vc_tta-title-text\">Biographie<\/span><\/a><\/h4><\/div><div class=\"vc_tta-panel-body\">\n\t<div  class=\"wpb_single_image wpb_content_element vc_align_left\">\n\t\t\n\t\t<figure class=\"wpb_wrapper vc_figure\">\n\t\t\t<div class=\"vc_single_image-wrapper   vc_box_border_grey\"><img loading=\"lazy\" decoding=\"async\" width=\"400\" height=\"267\" src=\"https:\/\/www.galeriehannabekkervomrath.de\/wp-content\/uploads\/PortraitPratschke-400x267.jpg\" class=\"vc_single_image-img attachment-medium\" alt=\"\" title=\"Portrait: Wanda Pratschke\" srcset=\"https:\/\/www.galeriehannabekkervomrath.de\/wp-content\/uploads\/PortraitPratschke-400x267.jpg 400w, https:\/\/www.galeriehannabekkervomrath.de\/wp-content\/uploads\/PortraitPratschke-768x512.jpg 768w, https:\/\/www.galeriehannabekkervomrath.de\/wp-content\/uploads\/PortraitPratschke-1100x733.jpg 1100w, https:\/\/www.galeriehannabekkervomrath.de\/wp-content\/uploads\/PortraitPratschke-600x400.jpg 600w, https:\/\/www.galeriehannabekkervomrath.de\/wp-content\/uploads\/PortraitPratschke.jpg 1181w\" sizes=\"auto, (max-width: 400px) 100vw, 400px\"  data-dt-location=\"https:\/\/www.galeriehannabekkervomrath.de\/en\/portraitpratschke-2\/\" \/><\/div>\n\t\t<\/figure>\n\t<\/div>\n\n\t<div class=\"wpb_text_column wpb_content_element \" >\n\t\t<div class=\"wpb_wrapper\">\n\t\t\t\n\t\t<\/div>\n\t<\/div>\n\n\t<div class=\"wpb_text_column wpb_content_element \" >\n\t\t<div class=\"wpb_wrapper\">\n\t\t\t<h3>Biographie<\/h3>\n<p>1939 geboren in Berlin<br \/>\n1956 \u2013 1961 Meisterschule f\u00fcr das Kunsthandwerk (B\u00fchnenbild), Berlin<br \/>\n1961 \u2013 1963 Assistentin bei Franz Mertz, St\u00e4dtische B\u00fchnen Frankfurt am Main<br \/>\n1976 \u2013 1979 St\u00e4delschule, Malerei bei Prof. J. G. Geyger, Bildhauerei bei Willi Schmid<br \/>\n1983 \u2013 1984 Sommerakademie, Studien bei Prof. Markus L\u00fcpertz und Wolf Vostell, Salzburg<br \/>\nSeit 1992 Studienreisen Griechenland, Brasilien, Argentinien, Chile, Peru, West- und Nord-Afrika, Canada<br \/>\nLebt und arbeitet in Frankfurt am Main<\/p>\n<h3>Arbeiten im \u00f6ffentlichen Raum<\/h3>\n<p>Gro\u00dfe Stehende, Wallanlagen, Frankfurt am Main<br \/>\nGro\u00dfe Liegende, Kreishaus Main-Taunus-Kreis, Hofheim am Taunus<br \/>\nSch\u00f6ne, Terminal I, Halle B, Frankfurter Flughafen<br \/>\n4 Frauen, Terminal II, Meetingpoint, Frankfurter Flughafen<br \/>\nFrauen, Hessiche Staatskanzlei (Hotel Rose), Wiesbaden<br \/>\nTischfrauen, Petrihaus, Frankfurt am Main<br \/>\nHahnrelief, Kreishaus, Main-Taunus-Kreis<br \/>\nSophie Scholl (Kopf), Sophie-Scholl-Schule, Fl\u00f6rsheim<br \/>\n2 H\u00e4hne, Main-Taunus Klinken, Bad Soden<\/p>\n<h3>\u00d6ffentliche Sammlungen<\/h3>\n<p>Oberhessisches Museum, Gie\u00dfen<br \/>\nHessisches Ministerium f\u00fcr Wissenschaft und Kunst, Wiesbaden<br \/>\nMuseum Beelden an Zee, Scheveningen, Holland<br \/>\nAmt f\u00fcr Wissenschaft und Kunst, Frankfurt am Main<br \/>\nTaunus Sparkasse, Bad Homburg<br \/>\nKreissparkasse Ludwigshafen<br \/>\nStadtmuseum, Hofheim am Taunus<br \/>\nHessische Staatskanzlei, Wiesbaden<\/p>\n\n\t\t<\/div>\n\t<\/div>\n<\/div><\/div><div class=\"vc_tta-panel\" id=\"1543913696555-d48f078b-1ce7b4d9-fe61\" data-vc-content=\".vc_tta-panel-body\"><div class=\"vc_tta-panel-heading\"><h4 class=\"vc_tta-panel-title\"><a href=\"#1543913696555-d48f078b-1ce7b4d9-fe61\" data-vc-accordion data-vc-container=\".vc_tta-container\"><span class=\"vc_tta-title-text\">Ausstellungen und Sammlungen<\/span><\/a><\/h4><\/div><div class=\"vc_tta-panel-body\">\n\t<div class=\"wpb_text_column wpb_content_element  vc_custom_1547568222195\" >\n\t\t<div class=\"wpb_wrapper\">\n\t\t\t<p>Einzelausstellungen (Auswahl)<\/p>\n<p>1980<br \/>\nGalerie Friebe, Darmstadt<br \/>\n1984<br \/>\nObjekt und Farbe, Frankfurt am Main<br \/>\n1986<br \/>\nGalerie Scherer, Sankt Wendel<br \/>\n1990<br \/>\nDominikaner Kloster, Frankfurt am Main, (K)<br \/>\n1992<br \/>\nKunsttage Dreeich<br \/>\n1993<br \/>\nFeuerbachhaus, Speyer<br \/>\n1994<br \/>\nKunsthalle Gie\u00dfen<br \/>\n1995<br \/>\nProduzentengalerie, Frankfurt am Main (K)<br \/>\n1996<br \/>\nGalerie Kulas, Saarlouis<br \/>\n1999<br \/>\nFrankfurter Kunstkabinett Hanna Bekker vom Rath, Frankfurt am Main (K)<br \/>\n2002<br \/>\nPetrihaus, Frankfurt am Main<br \/>\n2003<br \/>\nGalerie Koch, Hannover (K)<br \/>\n2005<br \/>\n\u00bbWeiber\u00ab, Frankfurter Kunstkabinett Hanna Bekker vom Rath, Frankfurt am Main (K)<br \/>\n2006<br \/>\nGalerie im Kreishaus, Main-Taunus-Kreis<br \/>\n2007<br \/>\nGalerie im Palmengarten, Frankfurt am Main<br \/>\n2009<br \/>\n\u00bbWork-in-Progress\u00ab, Entwurf einer gro\u00dfen Gipsskulptur f\u00fcr den Bronzeguss, Ausstellungshalle 1A, Frankfurt am Main (DVD)<br \/>\n2010<br \/>\n\u00bbDie Liebe zur Form\u00ab, Frankfurter Kunstkabinett Hanna Bekker vom Rath, Frankfurt am Main<br \/>\n2011<br \/>\n\u00bbKunst im Garten\u00ab, Archtekten Berndt und Lorz, Frankfurt am Main<br \/>\n2012<br \/>\n\u00bbHerzdamen\u00ab Frankfurter Kunstkabinett Hanna Bekker vom Rath, Frankfurt am Main (K)<br \/>\n2014<br \/>\n\u00bbHerzdamen\u00ab, Arbeiten 2009 \u20132013, Ausstellung zum 75. Geburtstag von Wanda Pratschke Institut f\u00fcr Stadtgeschichte im Karmeliterkloster, Frankfurt am Main<br \/>\n2015<br \/>\n\u00bbBronze und Farbe\u00ab Ann Reder und Wanda Pratschke, KunstRaum Bernusstra\u00dfe, Frankfurt am Main<br \/>\n2016<br \/>\nWrangelschl\u00f6\u00dfchen, Berlin<br \/>\n2018<br \/>\n\u00bbBronzen und Zeichnungen 1980\u20132005\u00ab, KunstRaum Bernusstra\u00dfe, Frankfurt am Main<br \/>\n2019<br \/>\nAusstellungen zum 80. Geburtstag von Wanda Pratschke:<br \/>\n\u00bbForm \u2013 Sinn \u2013 Sinnlichkeit\u00ab, Bronzen und Papierarbeiten, Galerie Hanna Bekker vom Rath, Fankfurt am Main<br \/>\n\u00bbGro\u00dfe Frau \u2013 ein Fels, Bronze und Gipsarbeiten, Kunstverein Familie Montez, Frankfurt am Main<\/p>\n<p>Gruppenausstellungen (Auswahl)<\/p>\n<p>1976\u20131985<br \/>\nJahreskunstausstellung, Kunstverein Frankfurt am Main, (K)<br \/>\n1979\u20131986<br \/>\nGro\u00dfe Kunstausstellung Haus der Kunst, M\u00fcnchen, (K)<br \/>\n1980\u20131982<br \/>\nPlastiken aus der Ziegelh\u00fctte, Darmst\u00e4dter Sezession, (K)<br \/>\n1980\u20131985<br \/>\nGro\u00dfe Kunstausstellung, Ehrenhof D\u00fcsseldorf, (K)<br \/>\n1981<br \/>\n\u00bbFarbe und Objekt\u00ab; 1822 &#8211; Forum, Frankfurt am Main<br \/>\n1983<br \/>\nGalerie Appel und Fertsch in der alten Oper, Frankfurt am Main<br \/>\n1983<br \/>\nGalerie Appel und Fertsch im B\u00fcsing Palais, Offenbach<br \/>\n1987<br \/>\n\u00bbElf Positionen\u00ab, Kunstverein Speyer (K)<br \/>\n1993<br \/>\n\u00bbQuerschnitt\u00ab, Frankfurter Kunstkabinett Hanna Bekker vom Rath<br \/>\n1994<br \/>\n\u00bb11 K\u00fcnstlerinnen und K\u00fcnstler\u00ab, Leinwandhaus, Frankfurt am Main<br \/>\n1995<br \/>\n\u00bbSkulpturengarten\u00ab Galerei Poller, Frankfurt am Main<br \/>\n1996<br \/>\n\u00bbFig\u00fcrliche Plastik\u00ab, Galerie Leuchter und Peltzer, D\u00fcsseldorf<br \/>\n1997<br \/>\n\u00bbDer andere Blick\u00ab, Dom und Di\u00f6zesanmuseum Trier (K)<br \/>\n1997<br \/>\n\u00bbFig\u00fcrliche Plastik\u00ab Skulpturenkabinett, Freiburg<br \/>\n2000<br \/>\n\u00bbDrei Bildhauerinnen\u00ab, Louise Stomps \u2013 Emy Roeder \u2013 Wanda Pratschke, Stadtmuseum Hofheim am Taunus<br \/>\n2001<br \/>\n\u00bbKopf und K\u00f6rper\u00ab, Frankfurter Kunstkabinett Hanna Bekker vom Rath, Frankfurt am Main<br \/>\n2002<br \/>\n\u00bb10 K\u00fcnstler\u00ab, Frankfurter Kunstkabinett Hanna Bekker vom Rath, Frankfurt am Main<br \/>\n2003<br \/>\n\u00bbMythen und Symbole\u00ab, Hommage an Prof. Dr. Christa Lichtenstern, Metamorphosen in der Kunst seit 1800, Galerie Hahnstein, Saarbr\u00fccken (K)<br \/>\n2003<br \/>\n\u00bbSkulptur im Park\u00ab, M\u00f6rfelden-Walldorf<br \/>\n2004<br \/>\n\u00bbZeichnungen von 30 K\u00fcnstlern, Ausstellungshalle 1A, Frankfurt am Main<br \/>\n2004<br \/>\n\u00bbSkulpturen\u00ab, LV-Kunsthalle, Frankfurt am Main<br \/>\n2005<br \/>\n\u00bbK\u00fcnstler der Galerie\u00ab, Galerie Koch, Hannover<br \/>\n2006<br \/>\n\u00bbOffenen Gartenpforte\u00ab, Atelier Francis Berrar, Saarland<br \/>\n2007<br \/>\n\u00bbTierausstellung\u00ab, Frankfurter Kunstkabinett Hanna Bekker vom Rath<br \/>\n2010<br \/>\n\u00bbStarke Frauen braucht das Land\u00ab, Skulpturenpark M\u00f6rfelden<br \/>\n2012<br \/>\nKunstforum Seelingenstadt<br \/>\n2013<br \/>\nFrankfurter Kunstkabinett<br \/>\n2014<br \/>\n\u00bbZeitgen\u00f6sische Kleinplastik\u00ab, Galerie Netuschil, Darmstadt<br \/>\n2014<br \/>\n\u00bbDas Kleine Format\u00ab, KunstRaum Bernusstra\u00dfe, Frankfurt am Main<br \/>\n2014<br \/>\nSkulpturenpark M\u00f6rfelden<br \/>\n2016<br \/>\n\u00bbSch\u00f6ne und Grantapfelarm\u00ab in der Burg Hayn in Dreieichenhain<\/p>\n<p>Arbeiten im \u00f6ffentlichen Raum<\/p>\n<p>Gro\u00dfe Stehende, Wallanlagen, Frankfurt am Main<br \/>\nGro\u00dfe Liegende, Kreishaus, Hofheim am Taunus<br \/>\nSch\u00f6ne, Terminal I, Halle A, Frankfurter Flughafen<br \/>\nVier Frauen, Terminal II, Meetingpoint, Frankfurter Flughafen<br \/>\nVier Frauen, Hessiche Staatskanzlei, Wiesbaden<br \/>\nSophie Scholl (Kopf), Sophie-Scholl-Schule, Fl\u00f6rsheim<br \/>\nTraum (Kopf), Reichow-Weg, Schwalbach am Taunus<br \/>\nGro\u00dfe Liegende, Dienstvilla des Hessischen Ministerpr\u00e4sidenten,<br \/>\nWiesbaden<\/p>\n<p>Arbeiten in Sammlungen<\/p>\n<p>Oberhessisches Museum Gie\u00dfen<br \/>\nHessisches Ministerium f\u00fcr Wissenschaft und Kunst, Wiesbaden<br \/>\nMuseum Beelden an Zee, Scheveningen, Holland<br \/>\nAmt f\u00fcr Wissenschaft und Kunst, Frankfurt am Main<br \/>\nStadtmuseum Hofheim<br \/>\nLandratsamt, Hofheim am Taunus<br \/>\nTaunus Sparkasse, Bad Homburg<br \/>\nKreissparkasse Ludwigshafen<\/p>\n\n\t\t<\/div>\n\t<\/div>\n<\/div><\/div><div class=\"vc_tta-panel\" id=\"1547566340303-7eea893a-2ab3\" data-vc-content=\".vc_tta-panel-body\"><div class=\"vc_tta-panel-heading\"><h4 class=\"vc_tta-panel-title\"><a href=\"#1547566340303-7eea893a-2ab3\" data-vc-accordion data-vc-container=\".vc_tta-container\"><span class=\"vc_tta-title-text\">Texte<\/span><\/a><\/h4><\/div><div class=\"vc_tta-panel-body\">\n\t<div class=\"wpb_text_column wpb_content_element \" >\n\t\t<div class=\"wpb_wrapper\">\n\t\t\t<p><a href=\"https:\/\/www.faz.net\/aktuell\/feuilleton\/kunstmarkt\/wanda-pratschke-bei-hanna-bekker-vom-rath-in-frankfurt-16055324.html\">&#8222;Die Liebe zu den Volumina&#8220; von Rose-Maria-Gropp<\/a><br \/>\nin: Frankfurter Allgemeine Zeitung, 22.02.2019<\/p>\n<p>&nbsp;<\/p>\n<p>Im September 2005 wurde in unserer Vorg\u00e4ngergalerie, dem Frankfurter<br \/>\nKunstkabinett, eine Ausstellung Wanda Pratschkes er\u00f6ffnet. Christa von<br \/>\nHelmolt (1918-2015), langj\u00e4hrige Journalistin der Frankfurter Allgemeinen<br \/>\nZeitung, beschrieb damals in ihrer Besprechung die Darstellungen der<br \/>\nFrankfurter K\u00fcnstlerin als Gegenbilder des klassischen Aktbildes in der<br \/>\nm\u00e4nnlich dominierten Kunstgeschichte: \u00bb[\u2026] nicht als Akte, sondern als<br \/>\nNackte bezeichnet Wanda Pratschke ihre zwar unaufdringlichen, doch<br \/>\nh\u00f6chst pr\u00e4senten Plastiken. Denn diese Liegenden und Sitzenden, in<br \/>\nGruppen oder als Singles \u2013 nie als Paare \u2013 auf Sockel postierten Bronzen<br \/>\nbegreifen sich nicht als Verf\u00fchrerinnen oder als Inspirationsquelle eines<br \/>\nAnwesenden. Im Einklang mit ihrer unmittelbar sinnlich als angenehm<br \/>\nerfahrenen Umgebung scheinen sie gleichsam dem Wortsinne nach Leibeigene<br \/>\nihrer selbst zu sein.\u00ab<br \/>\nDie K\u00f6rperlichkeit der vollplastischen Formen, die allein den weiblichen<br \/>\nK\u00f6rper in seiner Souver\u00e4nit\u00e4t herausstellt und sich den herk\u00f6mmlichen<br \/>\nSch\u00f6nheitsidealen verweigert, zeigte Wanda Pratschke seit 1999 in zahlreichen<br \/>\nAusstellungen des Frankfurter Kunstkabinetts. Stets beeindruckte<br \/>\ndie K\u00fcnstlerin durch ihre klare Haltung gegen\u00fcber der Form, durch \u00bbDie<br \/>\nLiebe zur Form\u00ab, wie sie 2010 ihre Ausstellung zum 70. Geburtstag im<br \/>\nFrankfurter Kunstkabinett \u00fcberschrieb. Immer wieder war zu beobachten,<br \/>\nwie haptisch anziehend diese Plastiken auf die Betrachter wirkten.<br \/>\nSo manche BetrachterInnen-Hand strich liebevoll \u00fcber die Rundungen<br \/>\nder bronzenen K\u00f6rperw\u00f6lbungen. Und manche wollten sich danach nicht<br \/>\nmehr von Pratschkes Plastiken trennen. So fand Pratschkes Werk Eingang<br \/>\nin viele Sammlungen. \u00dcber ihre Gro\u00dfplastiken im \u00f6ffentlichen Raum,<br \/>\nim Terminal 1 des Frankfurter Flughafens, im Kreishaus in Hofheim, im<br \/>\nGarten der Hessischen Staatskanzlei in Wiesbaden sowie in den Wallanlagen<br \/>\nin Frankfurt ist sie dar\u00fcber hinaus vielen Menschen bekannt.<br \/>\nAll die Herzdamen, Weiber und Sch\u00f6nen liegen uns als Galerie Hanna<br \/>\nBekker vom Rath in gleicher Weise am Herzen. Denn wir sehen in Wanda<br \/>\nPratschke eine der wichtigsten fig\u00fcrlich arbeitenden Bildhauerinnen.<br \/>\nSie ist eine K\u00fcnstlerin, die sich mit Arbeitseifer und Beharrlichkeit im<br \/>\nKunstbetrieb behauptet und von sich eine best\u00e4ndige k\u00fcnstlerische<br \/>\nWeiterentwicklung<br \/>\neinfordert, in kleinen Sitzenden wie in gro\u00dfen Liegenden,<br \/>\nvom kubisch und farbig gefassten \u00c4u\u00dferen \u00fcber gegl\u00e4ttete Bronze<br \/>\nbis hin zu den rauen, goldfarben geh\u00f6hten Oberfl\u00e4chen der j\u00fcngsten<br \/>\nArbeiten.<\/p>\n<p>Galerie Hanna Bekker vom Rath<\/p>\n<p>&#8212;<\/p>\n<p>Pr\u00e4senz Substantiv, feminin [die]<\/p>\n<p>Es sind Frauenk\u00f6rper \u2013 stehend, liegend, sitzend, in Gips skulptiert oder<br \/>\nin Bronze gegossen, im kleinen Kabinettformat ebenso wie in \u00fcberlebensgro\u00dfer<br \/>\nAusf\u00fchrung. Meist blockhaft gebundene, kr\u00e4ftige bis \u00fcppige Akte<br \/>\nbilden den Kern von Wanda Pratschkes OEuvre.<br \/>\nDas Thema der weiblichen Gestalt \u2013 auch im Fragment \u2013 zieht sich wie<br \/>\nein roter Faden durch das gesamte Werk der K\u00fcnstlerin. Damit steht sie in<br \/>\neiner langen Traditionslinie der weiblichen und m\u00e4nnlichen Figurendarstellung,<br \/>\ndie in Deutschland insbesondere zu Beginn des 20. Jahrhunderts<br \/>\neinen modernen Schub erhielt. Durch die Konzentration auf inhaltlich<br \/>\nwie formal Elementares, auch durch die R\u00fcckbesinnung auf handwerkliche<br \/>\nWurzeln entwickelte sich gerade anhand dieses Themas ein breites<br \/>\nSpektrum an k\u00fcnstlerischen L\u00f6sungen, vom expressiven Ernst Barlach<br \/>\n(1870\u20131938) bis hin zum lyrischen Georg Kolbe (1877\u20131947). Mit Bildhauern<br \/>\nwie Hans Mettel (1903 \u20131966) und Willi Schmidt (1924 \u20132011) wurde die<br \/>\nVorliebe f\u00fcr die menschliche Gestalt auch an der Frankfurter St\u00e4delschule<br \/>\nbis in die zweite H\u00e4lfte des 20. Jahrhunderts weiter getragen \u2013 an jenem<br \/>\nOrt also, an dem die K\u00fcnstlerin in den 1970er Jahren studierte. Doch es<br \/>\nscheint, als ob etwas Wesentliches die K\u00fcnstlerin von den genannten<br \/>\nWegbereitern unterscheide: Der Blick auf den weiblichen K\u00f6rper und die<br \/>\nk\u00fcnstlerische Interpretation desselben sind die einer Frau.<br \/>\nInwiefern mag diese Tatsache eine Rolle spielen? Es beginnt mit der<br \/>\nAuswahl der Modelle. Sie kommen teils aus dem famili\u00e4ren Umfeld oder<br \/>\nsind der K\u00fcnstlerin vertraut. An diesen Frauen faszinieren die Bildhauerin<br \/>\nnicht einstudierte, immer weniger auch die komplizierten Posen, sondern<br \/>\nvielmehr ausdrucksintensive, teils spontane Haltungen. Jene ohne<br \/>\nVoyeurismus, sondern respektvoll beobachteten Haltungen bilden den<br \/>\nKern der zu erarbeitenden Skulptur. Doch was im Kunstwerk ausgedr\u00fcckt<br \/>\nwird, geht \u00fcber die Reflexion der \u00e4u\u00dferen Wahrnehmung hinaus. Denn<br \/>\ndie K\u00fcnstlerin ist nicht nur Beobachterin, sie kennt selbst die weibliche<br \/>\nLeiblichkeit, den eigenen Leib, dessen Haptik, dessen Weichheit und Festigkeit,<br \/>\ndessen geschmeidige Artikulation, dessen Ruhe, dessen An- und<br \/>\nEntspannung. Fast meint man, einem kreisenden Hin und Her von Au\u00dfenbetrachtung<br \/>\ndes Modells und der Innenbetrachtung der K\u00fcnstlerin beizuwohnen,<br \/>\ndurch das die weibliche Figur immer essenzieller und zugleich<br \/>\nautarker vom nicht zuletzt kunstgeschichtlich etablierten durchdringenden<br \/>\nBlick auf den Frauenakt wird. Mit dieser unpr\u00e4tenti\u00f6sen weiblichen Au\u00dfen-<br \/>\nund Selbstbetrachtung \u00e4hnelt Pratschke der \u00f6sterreichischen Malerin<br \/>\nMaria Lassnig (1919 \u20132014), die mit ihren sogenannten K\u00f6rperbewusstseinsbildern<br \/>\nder Wahrnehmung ihrer Physis ein \u00e4u\u00dferes Bild zu geben<br \/>\nvermochte. Beide K\u00fcnstlerinnen blicken und sp\u00fcren ohne konventionelle<br \/>\nProjektion, frei von vorgefertigten Vorstellungen.<br \/>\nDie Skulpturen, die Wanda Pratschke entwickelt, sind das Ergebnis<br \/>\neines langen formalen Suchprozesses. Es ist ein zentrales Merkmal der<br \/>\nKunst des ausgehenden 19. und vor allem des 20. Jahrhunderts, den Arbeitsprozess<br \/>\nam Werk sichtbar werden und bleiben zu lassen, ihn als Teil<br \/>\ndes Werkes selbst zu verstehen. Die Bildhauerin schafft in einem kleinteiligen<br \/>\nVorgang des zyklischen Entscheidens und des Verwerfens ihre<br \/>\nstabilen Formen. In zahlreichen Spuren manifestiert sich dieser Vorgang sowohl im immer abstrakter werdenden Ger\u00fcst wie auch in der Oberfl\u00e4che<br \/>\nder Skulpturen. Ihr Weg zur dreidimensionalen Figur beginnt mal mit<br \/>\nkleinformatigen Zeichnungen, mal mit einem modellierten Modell aus Ton<br \/>\noder Wachs oder auch mit einem Modell aus Styropor. Insbesondere seit<br \/>\n2010 arbeitet die Bildhauerin bevorzugt mit Gips. Dieses Material er\u00f6ffnet<br \/>\neine neue, reizvolle Kombination aus dem plastisch-addierenden Modellieren<br \/>\nund dem bild-hauerischen Entfernen. So werden der aus kleinen<br \/>\nrechteckigen Gipsplatten und dickfl\u00fcssigem Gips aufgebauten Form im<br \/>\nweiteren Arbeitsprozess \u00fcbersch\u00fcssige Teile wieder abgeschlagen. Bruchkanten<br \/>\nentstehen, glatte Fl\u00e4chen und harte Grate ebenso. An anderen<br \/>\nStellen hingegen werden im Laufe der Entstehung bei Bedarf weitere Volumina<br \/>\nhinzugef\u00fcgt, sodass die Figur einem langen Prozess des Wachsens<br \/>\nund Schwindens unterzogen ist. Ein Prozess, in dem das innere mit dem<br \/>\n\u00e4u\u00dferen Bild in Einklang kommt. Ein Prozess, der Schlagspuren ebenso<br \/>\nstehen l\u00e4sst wie kleine Gipstr\u00f6pfchen. Und in dem sich der Moment der<br \/>\nurspr\u00fcnglichen Idee in ein \u00fcberzeitliches Monument transformiert.<br \/>\nIn dieser monumentalen Ruhe sind die Skulpturen mittels ihrer reinen<br \/>\nPr\u00e4senz unverhohlen invasiv: Sie nehmen sich den Raum, den sie brauchen.<br \/>\nDabei brechen sie keineswegs durch ausgreifende Geb\u00e4rden oder<br \/>\ndynamische Achsen in den Raum hinein, sondern im Gegenteil: Es sind<br \/>\nK\u00f6rper, deren Volumen inklusive der R\u00e4ume, die sie umspannen, unverr\u00fcckbar<br \/>\nund harmonisch in ihrer klaren Silhouette existieren.<br \/>\nDie im Arbeitsprozess entstehende buckelige bis schroffe Oberfl\u00e4che<br \/>\nkorrespondiert raffiniert mit der blockhaften Geschlossenheit der Figuren.<br \/>\nKeine tanzenden Lichterspiele auf schwingend bewegten Verl\u00e4ufen bilden<br \/>\ndie Epidermis \u2013 stattdessen sehen wir eine dicke, borkige, r\u00e4tselhafte,<br \/>\ngeradezu undurchdringliche Haut. Kein Ein- oder Durchdringen scheint<br \/>\nm\u00f6glich. Pratschkes Skulpturen stellen einen wohltuenden Gegenpol<br \/>\nzur makellosen (weiblichen) Sch\u00f6nheit dar, die auch unsere Gegenwart<br \/>\nst\u00e4ndig propagiert. Statt deren reibungsfreien, glatten und fantasielosen<br \/>\nvermeintlichen Sch\u00f6nheit bieten die Arbeiten in ihrer errungenen formalen<br \/>\nSimplizit\u00e4t und Dichte sowie ihrer interpretativen Komplexit\u00e4t einen<br \/>\nhohen \u00e4sthetischen Genuss.<br \/>\nMit ihrer Herangehensweise, dem scheinbar unbedeutenden, durch<br \/>\nkeine symbolische, ikonografische, ideologische oder sinnlich-erotische<br \/>\nLesart besetzten K\u00f6rper Raum zu verschaffen, hat Wanda Pratschke eine<br \/>\nganz eigene Art der weiblichen Darstellung gefunden. Es ist nicht die<br \/>\nSich-Pr\u00e4sentierende, die Posierende, die sich des Blickes eines anderen<br \/>\nBewusste, sondern es ist eine in sich Hineinf\u00fchlende und dort Ruhende.<br \/>\nDurch ihren sensiblen wie geerdeten Ansatz gelingt es der Bildhauerin,<br \/>\nin ihren Figuren die menschliche Grundbedingung und den besonderen<br \/>\nAspekt der Weiblichkeit sichtbar werden zu lassen. Mit dieser Suche nach<br \/>\nder Essenz der Bedingungen steht sie inhaltlich in einer gewissen N\u00e4he<br \/>\nzum Ansatz Alberto Giacomettis (1901\u20131966). Doch w\u00e4hrend Giacometti<br \/>\nseit den 1940er Jahren mit der formalen Reduktion der Gestalten deren<br \/>\nletztes und damit existenzielles Aufglimmen \u00bbbis auf die Knochen\u00ab<br \/>\nanstrebte, zielen Pratschkes Existenzfiguren auf volumenbasierte und<br \/>\nsp\u00fcrbare weibliche Pr\u00e4senz im Raum.<br \/>\nAls Bildhauerin hat Wanda Pratschke einen langen Weg hinter sich. F\u00fcr<br \/>\nihre Generation war die Entscheidung zur physisch herausfordernden,<br \/>\nvom handwerklichen Tun gepr\u00e4gten Bildhauerei noch keineswegs einfach.<br \/>\nEs galt, sich zu behaupten. Legte sie fr\u00fcher noch bei jedem Arbeitsschritt<br \/>\nselbst Hand an \u2013 so goss sie eigenh\u00e4ndig die Bronzen \u2013, beh\u00e4lt sie sich<br \/>\nbis heute noch die Patinierung und bzw. farbige Fassung der Bronzen vor.<br \/>\nEs ist die bemerkenswerte Konsequenz ihres eigenst\u00e4ndigen, sich stets<br \/>\nweiter entwickelnden und engagierten Schaffens, welches es nicht nur<br \/>\nanl\u00e4sslich des 80. Geburtstags der K\u00fcnstlerin zu w\u00fcrdigen gilt.<\/p>\n<p>Eva Mongi-Vollmer<\/p>\n\n\t\t<\/div>\n\t<\/div>\n<\/div><\/div><\/div><\/div><\/div><\/div><\/div><\/div><\/div><\/div>\n<\/div>","protected":false},"excerpt":{"rendered":"<p>Wanda PratschkeWorksBiographyExhibitions and CollectionsTextsWorks Hand (with pomegranate), 2016, bronze, oil paint, 60 x 26 x 26 cm, edition of 8+2 Annette, 2008, bronze, 65 x 48 x 32 cm, edition of 6 Herzdame, 2011, bronze, 42 x 23 x 27 cm, edition of 10, signed and numbered Unbesiegte, 2010, bronze, 35 x 65 x 25 cm, edition of 8+2 Sesselfrau,...<\/p>","protected":false},"author":1,"featured_media":0,"comment_status":"closed","ping_status":"closed","sticky":false,"template":"","format":"standard","meta":{"footnotes":""},"categories":[1,22],"tags":[],"class_list":["post-1726","post","type-post","status-publish","format-standard","hentry","category-allgemein","category-kuenstler","category-1","category-22","description-off"],"yoast_head":"<!-- This site is optimized with the Yoast SEO plugin v27.5 - https:\/\/yoast.com\/product\/yoast-seo-wordpress\/ -->\n<title>Wanda Pratschke - Galerie Hanna Bekker vom Rath<\/title>\n<meta name=\"description\" content=\"Die GALERIE HANNA BEKKER VOM RATH zeigt Werke der figu\u0308rlich arbeitenden Frankfurter Ku\u0308nstlerin Wanda Pratschke in einer Einzelausstellung.\" \/>\n<meta name=\"robots\" content=\"noindex, nofollow\" \/>\n<meta property=\"og:locale\" content=\"en_US\" \/>\n<meta property=\"og:type\" content=\"article\" \/>\n<meta property=\"og:title\" content=\"Wanda Pratschke - Galerie Hanna Bekker vom Rath\" \/>\n<meta property=\"og:description\" content=\"Die GALERIE HANNA BEKKER VOM RATH zeigt Werke der figu\u0308rlich arbeitenden Frankfurter Ku\u0308nstlerin Wanda Pratschke in einer Einzelausstellung.\" \/>\n<meta property=\"og:url\" content=\"https:\/\/www.galeriehannabekkervomrath.de\/en\/wanda-pratschke\/\" \/>\n<meta property=\"og:site_name\" content=\"Galerie Hanna Bekker vom Rath\" \/>\n<meta property=\"article:publisher\" content=\"https:\/\/www.facebook.com\/galeriehannabekkervomrath\/\" \/>\n<meta property=\"article:published_time\" content=\"2018-12-03T13:43:09+00:00\" \/>\n<meta property=\"article:modified_time\" content=\"2024-02-09T13:31:02+00:00\" \/>\n<meta name=\"author\" content=\"HBVR\" \/>\n<meta name=\"twitter:card\" content=\"summary_large_image\" \/>\n<meta name=\"twitter:label1\" content=\"Written by\" \/>\n\t<meta name=\"twitter:data1\" content=\"HBVR\" \/>\n\t<meta name=\"twitter:label2\" content=\"Est. reading time\" \/>\n\t<meta name=\"twitter:data2\" content=\"13 minutes\" \/>\n<script type=\"application\/ld+json\" class=\"yoast-schema-graph\">{\"@context\":\"https:\\\/\\\/schema.org\",\"@graph\":[{\"@type\":\"WebPage\",\"@id\":\"https:\\\/\\\/www.galeriehannabekkervomrath.de\\\/wanda-pratschke\\\/\",\"url\":\"https:\\\/\\\/www.galeriehannabekkervomrath.de\\\/wanda-pratschke\\\/\",\"name\":\"Wanda Pratschke - Galerie Hanna Bekker vom Rath\",\"isPartOf\":{\"@id\":\"https:\\\/\\\/www.galeriehannabekkervomrath.de\\\/#website\"},\"datePublished\":\"2018-12-03T13:43:09+00:00\",\"dateModified\":\"2024-02-09T13:31:02+00:00\",\"description\":\"Die GALERIE HANNA BEKKER VOM RATH zeigt Werke der figu\u0308rlich arbeitenden Frankfurter Ku\u0308nstlerin Wanda Pratschke in einer Einzelausstellung.\",\"breadcrumb\":{\"@id\":\"https:\\\/\\\/www.galeriehannabekkervomrath.de\\\/wanda-pratschke\\\/#breadcrumb\"},\"inLanguage\":\"en-US\",\"potentialAction\":[{\"@type\":\"ReadAction\",\"target\":[\"https:\\\/\\\/www.galeriehannabekkervomrath.de\\\/wanda-pratschke\\\/\"]}]},{\"@type\":\"BreadcrumbList\",\"@id\":\"https:\\\/\\\/www.galeriehannabekkervomrath.de\\\/wanda-pratschke\\\/#breadcrumb\",\"itemListElement\":[{\"@type\":\"ListItem\",\"position\":1,\"name\":\"Startseite\",\"item\":\"https:\\\/\\\/www.galeriehannabekkervomrath.de\\\/\"},{\"@type\":\"ListItem\",\"position\":2,\"name\":\"Wanda Pratschke\"}]},{\"@type\":\"WebSite\",\"@id\":\"https:\\\/\\\/www.galeriehannabekkervomrath.de\\\/#website\",\"url\":\"https:\\\/\\\/www.galeriehannabekkervomrath.de\\\/\",\"name\":\"Galerie Hanna Bekker vom Rath\",\"description\":\"Frankfurt am Main\",\"publisher\":{\"@id\":\"https:\\\/\\\/www.galeriehannabekkervomrath.de\\\/#organization\"},\"potentialAction\":[{\"@type\":\"SearchAction\",\"target\":{\"@type\":\"EntryPoint\",\"urlTemplate\":\"https:\\\/\\\/www.galeriehannabekkervomrath.de\\\/?s={search_term_string}\"},\"query-input\":{\"@type\":\"PropertyValueSpecification\",\"valueRequired\":true,\"valueName\":\"search_term_string\"}}],\"inLanguage\":\"en-US\"},{\"@type\":\"Organization\",\"@id\":\"https:\\\/\\\/www.galeriehannabekkervomrath.de\\\/#organization\",\"name\":\"Galerie Hanna Bekker vom Rath\",\"url\":\"https:\\\/\\\/www.galeriehannabekkervomrath.de\\\/\",\"logo\":{\"@type\":\"ImageObject\",\"inLanguage\":\"en-US\",\"@id\":\"https:\\\/\\\/www.galeriehannabekkervomrath.de\\\/#\\\/schema\\\/logo\\\/image\\\/\",\"url\":\"https:\\\/\\\/www.galeriehannabekkervomrath.de\\\/wp-content\\\/uploads\\\/ghbvr_icon.jpg\",\"contentUrl\":\"https:\\\/\\\/www.galeriehannabekkervomrath.de\\\/wp-content\\\/uploads\\\/ghbvr_icon.jpg\",\"width\":512,\"height\":512,\"caption\":\"Galerie Hanna Bekker vom Rath\"},\"image\":{\"@id\":\"https:\\\/\\\/www.galeriehannabekkervomrath.de\\\/#\\\/schema\\\/logo\\\/image\\\/\"},\"sameAs\":[\"https:\\\/\\\/www.facebook.com\\\/galeriehannabekkervomrath\\\/\",\"https:\\\/\\\/www.instagram.com\\\/galeriehbvr\\\/\"]}]}<\/script>\n<!-- \/ Yoast SEO plugin. -->","yoast_head_json":{"title":"Wanda Pratschke - Gallery Hanna Bekker vom Rath","description":"The GALERIE HANNA BEKKER VOM RATH is showing works by the figurative Frankfurt artist Wanda Pratschke in a solo exhibition.","robots":{"index":"noindex","follow":"nofollow"},"og_locale":"en_US","og_type":"article","og_title":"Wanda Pratschke - Galerie Hanna Bekker vom Rath","og_description":"Die GALERIE HANNA BEKKER VOM RATH zeigt Werke der figu\u0308rlich arbeitenden Frankfurter Ku\u0308nstlerin Wanda Pratschke in einer Einzelausstellung.","og_url":"https:\/\/www.galeriehannabekkervomrath.de\/en\/wanda-pratschke\/","og_site_name":"Galerie Hanna Bekker vom Rath","article_publisher":"https:\/\/www.facebook.com\/galeriehannabekkervomrath\/","article_published_time":"2018-12-03T13:43:09+00:00","article_modified_time":"2024-02-09T13:31:02+00:00","author":"HBVR","twitter_card":"summary_large_image","twitter_misc":{"Written by":"HBVR","Est. reading time":"13 minutes"},"schema":{"@context":"https:\/\/schema.org","@graph":[{"@type":"WebPage","@id":"https:\/\/www.galeriehannabekkervomrath.de\/wanda-pratschke\/","url":"https:\/\/www.galeriehannabekkervomrath.de\/wanda-pratschke\/","name":"Wanda Pratschke - Gallery Hanna Bekker vom Rath","isPartOf":{"@id":"https:\/\/www.galeriehannabekkervomrath.de\/#website"},"datePublished":"2018-12-03T13:43:09+00:00","dateModified":"2024-02-09T13:31:02+00:00","description":"The GALERIE HANNA BEKKER VOM RATH is showing works by the figurative Frankfurt artist Wanda Pratschke in a solo exhibition.","breadcrumb":{"@id":"https:\/\/www.galeriehannabekkervomrath.de\/wanda-pratschke\/#breadcrumb"},"inLanguage":"en-US","potentialAction":[{"@type":"ReadAction","target":["https:\/\/www.galeriehannabekkervomrath.de\/wanda-pratschke\/"]}]},{"@type":"BreadcrumbList","@id":"https:\/\/www.galeriehannabekkervomrath.de\/wanda-pratschke\/#breadcrumb","itemListElement":[{"@type":"ListItem","position":1,"name":"Startseite","item":"https:\/\/www.galeriehannabekkervomrath.de\/"},{"@type":"ListItem","position":2,"name":"Wanda Pratschke"}]},{"@type":"WebSite","@id":"https:\/\/www.galeriehannabekkervomrath.de\/#website","url":"https:\/\/www.galeriehannabekkervomrath.de\/","name":"Gallery Hanna Bekker vom Rath","description":"Frankfurt am Main","publisher":{"@id":"https:\/\/www.galeriehannabekkervomrath.de\/#organization"},"potentialAction":[{"@type":"SearchAction","target":{"@type":"EntryPoint","urlTemplate":"https:\/\/www.galeriehannabekkervomrath.de\/?s={search_term_string}"},"query-input":{"@type":"PropertyValueSpecification","valueRequired":true,"valueName":"search_term_string"}}],"inLanguage":"en-US"},{"@type":"Organization","@id":"https:\/\/www.galeriehannabekkervomrath.de\/#organization","name":"Gallery Hanna Bekker vom Rath","url":"https:\/\/www.galeriehannabekkervomrath.de\/","logo":{"@type":"ImageObject","inLanguage":"en-US","@id":"https:\/\/www.galeriehannabekkervomrath.de\/#\/schema\/logo\/image\/","url":"https:\/\/www.galeriehannabekkervomrath.de\/wp-content\/uploads\/ghbvr_icon.jpg","contentUrl":"https:\/\/www.galeriehannabekkervomrath.de\/wp-content\/uploads\/ghbvr_icon.jpg","width":512,"height":512,"caption":"Galerie Hanna Bekker vom Rath"},"image":{"@id":"https:\/\/www.galeriehannabekkervomrath.de\/#\/schema\/logo\/image\/"},"sameAs":["https:\/\/www.facebook.com\/galeriehannabekkervomrath\/","https:\/\/www.instagram.com\/galeriehbvr\/"]}]}},"_links":{"self":[{"href":"https:\/\/www.galeriehannabekkervomrath.de\/en\/wp-json\/wp\/v2\/posts\/1726","targetHints":{"allow":["GET"]}}],"collection":[{"href":"https:\/\/www.galeriehannabekkervomrath.de\/en\/wp-json\/wp\/v2\/posts"}],"about":[{"href":"https:\/\/www.galeriehannabekkervomrath.de\/en\/wp-json\/wp\/v2\/types\/post"}],"author":[{"embeddable":true,"href":"https:\/\/www.galeriehannabekkervomrath.de\/en\/wp-json\/wp\/v2\/users\/1"}],"replies":[{"embeddable":true,"href":"https:\/\/www.galeriehannabekkervomrath.de\/en\/wp-json\/wp\/v2\/comments?post=1726"}],"version-history":[{"count":11,"href":"https:\/\/www.galeriehannabekkervomrath.de\/en\/wp-json\/wp\/v2\/posts\/1726\/revisions"}],"predecessor-version":[{"id":5741,"href":"https:\/\/www.galeriehannabekkervomrath.de\/en\/wp-json\/wp\/v2\/posts\/1726\/revisions\/5741"}],"wp:attachment":[{"href":"https:\/\/www.galeriehannabekkervomrath.de\/en\/wp-json\/wp\/v2\/media?parent=1726"}],"wp:term":[{"taxonomy":"category","embeddable":true,"href":"https:\/\/www.galeriehannabekkervomrath.de\/en\/wp-json\/wp\/v2\/categories?post=1726"},{"taxonomy":"post_tag","embeddable":true,"href":"https:\/\/www.galeriehannabekkervomrath.de\/en\/wp-json\/wp\/v2\/tags?post=1726"}],"curies":[{"name":"wp","href":"https:\/\/api.w.org\/{rel}","templated":true}]}}