{"id":1933,"date":"2019-01-22T12:48:12","date_gmt":"2019-01-22T11:48:12","guid":{"rendered":"https:\/\/www.galeriehannabekkervomrath.de\/?p=1933"},"modified":"2025-05-21T13:24:36","modified_gmt":"2025-05-21T11:24:36","slug":"christa-von-schnitzler","status":"publish","type":"post","link":"https:\/\/www.galeriehannabekkervomrath.de\/en\/christa-von-schnitzler\/","title":{"rendered":"Christa von Schnitzler"},"content":{"rendered":"<div class=\"wpb-content-wrapper\"><div class=\"vc_row wpb_row vc_row-fluid dt-default\" style=\"margin-top: 0px;margin-bottom: 0px\"><div class=\"wpb_column vc_column_container vc_col-sm-12\"><div class=\"vc_column-inner\"><div class=\"wpb_wrapper\"><\/div><\/div><\/div><\/div><div class=\"vc_row wpb_row vc_row-fluid dt-default\" style=\"margin-top: 0px;margin-bottom: 0px\"><div class=\"wpb_column vc_column_container vc_col-sm-12\"><div class=\"vc_column-inner\"><div class=\"wpb_wrapper\"><div class=\"vc_tta-container\" data-vc-action=\"collapse\"><h2>Christa von Schnitzler<\/h2><div class=\"vc_general vc_tta vc_tta-tabs vc_tta-color-white vc_tta-style-flat vc_tta-shape-square vc_tta-spacing-1 vc_tta-o-no-fill vc_tta-tabs-position-top vc_tta-controls-align-left vc_custom_1548157678104\"><div class=\"vc_tta-tabs-container\"><ul class=\"vc_tta-tabs-list\" role=\"tablist\"><li class=\"vc_tta-tab vc_active\" data-vc-tab role=\"presentation\"><a href=\"#1543913696353-02356048-5724b4d9-fe61\" data-vc-tabs data-vc-container=\".vc_tta\" role=\"tab\" aria-selected=\"false\" id=\"tab-1543913696353-02356048-5724b4d9-fe61\"><span class=\"vc_tta-title-text\">Werke<\/span><\/a><\/li><li class=\"vc_tta-tab\" data-vc-tab role=\"presentation\"><a href=\"#1543913696482-38b43962-0ba7b4d9-fe61\" data-vc-tabs data-vc-container=\".vc_tta\" role=\"tab\" aria-selected=\"false\" id=\"tab-1543913696482-38b43962-0ba7b4d9-fe61\"><span class=\"vc_tta-title-text\">Biographie<\/span><\/a><\/li><\/ul><\/div><div class=\"vc_tta-panels-container\"><div class=\"vc_tta-panels\"><div class=\"vc_tta-panel vc_active\" id=\"1543913696353-02356048-5724b4d9-fe61\" data-vc-content=\".vc_tta-panel-body\"><div class=\"vc_tta-panel-heading\"><h4 class=\"vc_tta-panel-title\"><a href=\"#1543913696353-02356048-5724b4d9-fe61\" data-vc-accordion data-vc-container=\".vc_tta-container\"><span class=\"vc_tta-title-text\">Werke<\/span><\/a><\/h4><\/div><div class=\"vc_tta-panel-body\"><div class=\"vc_row wpb_row vc_inner vc_row-fluid\"><div class=\"wpb_column vc_column_container vc_col-sm-4\"><div class=\"vc_column-inner\"><div class=\"wpb_wrapper\"><div id=\"ult-carousel-100537761069f20af265325\" class=\"ult-carousel-wrapper   ult_horizontal\" data-gutter=\"15\" data-rtl=\"false\" ><div class=\"ult-carousel-273142834569f20af2652eb \" ><\/div><\/div>\t\t\t<script type=\"text\/javascript\">\n\t\t\t\tjQuery(document).ready(function ($) {\n\t\t\t\t\tif( typeof jQuery('.ult-carousel-273142834569f20af2652eb').slick == \"function\"){\n\t\t\t\t\t\t$('.ult-carousel-273142834569f20af2652eb').slick({dots: true,autoplay: true,autoplaySpeed: \"5000\",speed: \"300\",infinite: true,arrows: true,nextArrow: '<button type=\"button\" role=\"button\" aria-label=\"Next\" style=\"color:#333333; font-size:20px;\" class=\"slick-next default\"><i class=\"ultsl-arrow-right4\"><\/i><\/button>',prevArrow: '<button type=\"button\" role=\"button\" aria-label=\"Previous\" style=\"color:#333333; font-size:20px;\" class=\"slick-prev default\"><i class=\"ultsl-arrow-left4\"><\/i><\/button>',slidesToScroll:1,slidesToShow:1,swipe: true,draggable: true,touchMove: true,pauseOnHover: true,pauseOnFocus: false,responsive: [\n\t\t\t\t\t\t\t{\n\t\t\t\t\t\t\t  breakpoint: 1026,\n\t\t\t\t\t\t\t  settings: {\n\t\t\t\t\t\t\t\tslidesToShow: 1,\n\t\t\t\t\t\t\t\tslidesToScroll: 1,  \n\t\t\t\t\t\t\t  }\n\t\t\t\t\t\t\t},\n\t\t\t\t\t\t\t{\n\t\t\t\t\t\t\t  breakpoint: 1025,\n\t\t\t\t\t\t\t  settings: {\n\t\t\t\t\t\t\t\tslidesToShow: 1,\n\t\t\t\t\t\t\t\tslidesToScroll: 1\n\t\t\t\t\t\t\t  }\n\t\t\t\t\t\t\t},\n\t\t\t\t\t\t\t{\n\t\t\t\t\t\t\t  breakpoint: 760,\n\t\t\t\t\t\t\t  settings: {\n\t\t\t\t\t\t\t\tslidesToShow: 1,\n\t\t\t\t\t\t\t\tslidesToScroll: 1\n\t\t\t\t\t\t\t  }\n\t\t\t\t\t\t\t}\n\t\t\t\t\t\t],pauseOnDotsHover: true,customPaging: function(slider, i) {\n                   return '<i type=\"button\" style= \"color:#333333;\" class=\"ultsl-record\" data-role=\"none\"><\/i>';\n                },});\n\t\t\t\t\t}\n\t\t\t\t});\n\t\t\t<\/script>\n\t\t\t<div id=\"ult-carousel-209942852269f20af2653ba\" class=\"ult-carousel-wrapper   ult_horizontal\" data-gutter=\"15\" data-rtl=\"false\" ><div class=\"ult-carousel-185185851469f20af26538d \" ><div class=\"ult-item-wrap\" data-animation=\"animated no-animation\">\n\t<div  class=\"wpb_single_image wpb_content_element vc_align_left\">\n\t\t\n\t\t<figure class=\"wpb_wrapper vc_figure\">\n\t\t\t<a href=\"https:\/\/www.galeriehannabekkervomrath.de\/wp-content\/uploads\/Doebr19-1-3051a.jpg\" target=\"_self\" data-large_image_width=\"1099\" data-large_image_height=\"5170\"  class=\"vc_single_image-wrapper   vc_box_border_grey dt-pswp-item rollover rollover-zoom\"   ><img loading=\"lazy\" decoding=\"async\" width=\"85\" height=\"400\" src=\"https:\/\/www.galeriehannabekkervomrath.de\/wp-content\/uploads\/Doebr19-1-3051a-85x400.jpg\" class=\"vc_single_image-img attachment-medium\" alt=\"\" title=\"Christa von Schnitzler\" srcset=\"https:\/\/www.galeriehannabekkervomrath.de\/wp-content\/uploads\/Doebr19-1-3051a-85x400.jpg 85w, https:\/\/www.galeriehannabekkervomrath.de\/wp-content\/uploads\/Doebr19-1-3051a-768x3613.jpg 768w, https:\/\/www.galeriehannabekkervomrath.de\/wp-content\/uploads\/Doebr19-1-3051a-234x1100.jpg 234w, https:\/\/www.galeriehannabekkervomrath.de\/wp-content\/uploads\/Doebr19-1-3051a-600x2823.jpg 600w, https:\/\/www.galeriehannabekkervomrath.de\/wp-content\/uploads\/Doebr19-1-3051a.jpg 1099w\" sizes=\"auto, (max-width: 85px) 100vw, 85px\"  data-dt-location=\"https:\/\/www.galeriehannabekkervomrath.de\/en\/doebr19-1-3051a\/\" \/><\/a><figcaption class=\"vc_figure-caption\">Stele, ohne Jahr, Bronze, 188 x 23 x 23 cm, Auflage 3, monogrammiert<\/figcaption>\n\t\t<\/figure>\n\t<\/div>\n<\/div><div class=\"ult-item-wrap\" data-animation=\"animated no-animation\">\n\t<div  class=\"wpb_single_image wpb_content_element vc_align_left\">\n\t\t\n\t\t<figure class=\"wpb_wrapper vc_figure\">\n\t\t\t<a href=\"https:\/\/www.galeriehannabekkervomrath.de\/wp-content\/uploads\/Doebr19-1-3051-scaled.jpg\" target=\"_self\" data-large_image_width=\"638\" data-large_image_height=\"2560\"  class=\"vc_single_image-wrapper   vc_box_border_grey dt-pswp-item rollover rollover-zoom\"   ><img loading=\"lazy\" decoding=\"async\" width=\"100\" height=\"400\" src=\"https:\/\/www.galeriehannabekkervomrath.de\/wp-content\/uploads\/Doebr19-1-3051-100x400.jpg\" class=\"vc_single_image-img attachment-medium\" alt=\"\" title=\"Christa von Schnitzler\" srcset=\"https:\/\/www.galeriehannabekkervomrath.de\/wp-content\/uploads\/Doebr19-1-3051-100x400.jpg 100w, https:\/\/www.galeriehannabekkervomrath.de\/wp-content\/uploads\/Doebr19-1-3051-274x1100.jpg 274w, https:\/\/www.galeriehannabekkervomrath.de\/wp-content\/uploads\/Doebr19-1-3051-383x1536.jpg 383w, https:\/\/www.galeriehannabekkervomrath.de\/wp-content\/uploads\/Doebr19-1-3051-scaled.jpg 638w\" sizes=\"auto, (max-width: 100px) 100vw, 100px\"  data-dt-location=\"https:\/\/www.galeriehannabekkervomrath.de\/en\/doebr19-1-3051\/\" \/><\/a><figcaption class=\"vc_figure-caption\">Stele, ohne Jahr, Bronze, 188 x 23 x 23 cm, Auflage 3, monogrammiert<\/figcaption>\n\t\t<\/figure>\n\t<\/div>\n<\/div><\/div><\/div>\t\t\t<script type=\"text\/javascript\">\n\t\t\t\tjQuery(document).ready(function ($) {\n\t\t\t\t\tif( typeof jQuery('.ult-carousel-185185851469f20af26538d').slick == \"function\"){\n\t\t\t\t\t\t$('.ult-carousel-185185851469f20af26538d').slick({dots: true,autoplay: true,autoplaySpeed: \"5000\",speed: \"300\",infinite: true,arrows: true,nextArrow: '<button type=\"button\" role=\"button\" aria-label=\"Next\" style=\"color:#333333; font-size:20px;\" class=\"slick-next default\"><i class=\"ultsl-arrow-right4\"><\/i><\/button>',prevArrow: '<button type=\"button\" role=\"button\" aria-label=\"Previous\" style=\"color:#333333; font-size:20px;\" class=\"slick-prev default\"><i class=\"ultsl-arrow-left4\"><\/i><\/button>',slidesToScroll:1,slidesToShow:1,swipe: true,draggable: true,touchMove: true,pauseOnHover: true,pauseOnFocus: false,responsive: [\n\t\t\t\t\t\t\t{\n\t\t\t\t\t\t\t  breakpoint: 1026,\n\t\t\t\t\t\t\t  settings: {\n\t\t\t\t\t\t\t\tslidesToShow: 1,\n\t\t\t\t\t\t\t\tslidesToScroll: 1,  \n\t\t\t\t\t\t\t  }\n\t\t\t\t\t\t\t},\n\t\t\t\t\t\t\t{\n\t\t\t\t\t\t\t  breakpoint: 1025,\n\t\t\t\t\t\t\t  settings: {\n\t\t\t\t\t\t\t\tslidesToShow: 1,\n\t\t\t\t\t\t\t\tslidesToScroll: 1\n\t\t\t\t\t\t\t  }\n\t\t\t\t\t\t\t},\n\t\t\t\t\t\t\t{\n\t\t\t\t\t\t\t  breakpoint: 760,\n\t\t\t\t\t\t\t  settings: {\n\t\t\t\t\t\t\t\tslidesToShow: 1,\n\t\t\t\t\t\t\t\tslidesToScroll: 1\n\t\t\t\t\t\t\t  }\n\t\t\t\t\t\t\t}\n\t\t\t\t\t\t],pauseOnDotsHover: true,customPaging: function(slider, i) {\n                   return '<i type=\"button\" style= \"color:#333333;\" class=\"ultsl-record\" data-role=\"none\"><\/i>';\n                },});\n\t\t\t\t\t}\n\t\t\t\t});\n\t\t\t<\/script>\n\t\t\t<\/div><\/div><\/div><div class=\"wpb_column vc_column_container vc_col-sm-4\"><div class=\"vc_column-inner\"><div class=\"wpb_wrapper\"><div id=\"ult-carousel-231501724969f20af267166\" class=\"ult-carousel-wrapper   ult_horizontal\" data-gutter=\"15\" data-rtl=\"false\" ><div class=\"ult-carousel-220805735369f20af26711e \" ><div class=\"ult-item-wrap\" data-animation=\"animated no-animation\">\n\t<div  class=\"wpb_single_image wpb_content_element vc_align_left\">\n\t\t\n\t\t<figure class=\"wpb_wrapper vc_figure\">\n\t\t\t<a href=\"https:\/\/www.galeriehannabekkervomrath.de\/wp-content\/uploads\/Doebr19-1-3162a.jpg\" target=\"_self\" data-large_image_width=\"1200\" data-large_image_height=\"2399\"  class=\"vc_single_image-wrapper   vc_box_border_grey dt-pswp-item rollover rollover-zoom\"   ><img loading=\"lazy\" decoding=\"async\" width=\"200\" height=\"400\" src=\"https:\/\/www.galeriehannabekkervomrath.de\/wp-content\/uploads\/Doebr19-1-3162a-200x400.jpg\" class=\"vc_single_image-img attachment-medium\" alt=\"\" title=\"Christa von Schnitzler\" srcset=\"https:\/\/www.galeriehannabekkervomrath.de\/wp-content\/uploads\/Doebr19-1-3162a-200x400.jpg 200w, https:\/\/www.galeriehannabekkervomrath.de\/wp-content\/uploads\/Doebr19-1-3162a-768x1536.jpg 768w, https:\/\/www.galeriehannabekkervomrath.de\/wp-content\/uploads\/Doebr19-1-3162a-550x1100.jpg 550w, https:\/\/www.galeriehannabekkervomrath.de\/wp-content\/uploads\/Doebr19-1-3162a-600x1200.jpg 600w, https:\/\/www.galeriehannabekkervomrath.de\/wp-content\/uploads\/Doebr19-1-3162a.jpg 1200w\" sizes=\"auto, (max-width: 200px) 100vw, 200px\"  data-dt-location=\"https:\/\/www.galeriehannabekkervomrath.de\/en\/doebr19-1-3162a\/\" \/><\/a><figcaption class=\"vc_figure-caption\">Torso, ohne Jahr, Bronze, 54 x 23 x 20 cm, Unikat, monogrammiert<\/figcaption>\n\t\t<\/figure>\n\t<\/div>\n<\/div><div class=\"ult-item-wrap\" data-animation=\"animated no-animation\">\n\t<div  class=\"wpb_single_image wpb_content_element vc_align_left\">\n\t\t\n\t\t<figure class=\"wpb_wrapper vc_figure\">\n\t\t\t<a href=\"https:\/\/www.galeriehannabekkervomrath.de\/wp-content\/uploads\/Doebr19-1-3162-scaled.jpg\" target=\"_self\" data-large_image_width=\"1200\" data-large_image_height=\"2473\"  class=\"vc_single_image-wrapper   vc_box_border_grey dt-pswp-item rollover rollover-zoom\"   ><img loading=\"lazy\" decoding=\"async\" width=\"194\" height=\"400\" src=\"https:\/\/www.galeriehannabekkervomrath.de\/wp-content\/uploads\/Doebr19-1-3162-194x400.jpg\" class=\"vc_single_image-img attachment-medium\" alt=\"\" title=\"Christa von Schnitzler\" srcset=\"https:\/\/www.galeriehannabekkervomrath.de\/wp-content\/uploads\/Doebr19-1-3162-194x400.jpg 194w, https:\/\/www.galeriehannabekkervomrath.de\/wp-content\/uploads\/Doebr19-1-3162-534x1100.jpg 534w, https:\/\/www.galeriehannabekkervomrath.de\/wp-content\/uploads\/Doebr19-1-3162-768x1583.jpg 768w, https:\/\/www.galeriehannabekkervomrath.de\/wp-content\/uploads\/Doebr19-1-3162-600x1237.jpg 600w, https:\/\/www.galeriehannabekkervomrath.de\/wp-content\/uploads\/Doebr19-1-3162-745x1536.jpg 745w, https:\/\/www.galeriehannabekkervomrath.de\/wp-content\/uploads\/Doebr19-1-3162-993x2048.jpg 993w, https:\/\/www.galeriehannabekkervomrath.de\/wp-content\/uploads\/Doebr19-1-3162-scaled.jpg 1200w\" sizes=\"auto, (max-width: 194px) 100vw, 194px\"  data-dt-location=\"https:\/\/www.galeriehannabekkervomrath.de\/en\/doebr19-1-3162\/\" \/><\/a><figcaption class=\"vc_figure-caption\">Torso, ohne Jahr, Bronze, 54 x 23 x 20 cm, Unikat, monogrammiert<\/figcaption>\n\t\t<\/figure>\n\t<\/div>\n<\/div><\/div><\/div>\t\t\t<script type=\"text\/javascript\">\n\t\t\t\tjQuery(document).ready(function ($) {\n\t\t\t\t\tif( typeof jQuery('.ult-carousel-220805735369f20af26711e').slick == \"function\"){\n\t\t\t\t\t\t$('.ult-carousel-220805735369f20af26711e').slick({dots: true,autoplay: true,autoplaySpeed: \"5000\",speed: \"300\",infinite: true,arrows: true,nextArrow: '<button type=\"button\" role=\"button\" aria-label=\"Next\" style=\"color:#333333; font-size:20px;\" class=\"slick-next default\"><i class=\"ultsl-arrow-right4\"><\/i><\/button>',prevArrow: '<button type=\"button\" role=\"button\" aria-label=\"Previous\" style=\"color:#333333; font-size:20px;\" class=\"slick-prev default\"><i class=\"ultsl-arrow-left4\"><\/i><\/button>',slidesToScroll:1,slidesToShow:1,swipe: true,draggable: true,touchMove: true,pauseOnHover: true,pauseOnFocus: false,responsive: [\n\t\t\t\t\t\t\t{\n\t\t\t\t\t\t\t  breakpoint: 1026,\n\t\t\t\t\t\t\t  settings: {\n\t\t\t\t\t\t\t\tslidesToShow: 1,\n\t\t\t\t\t\t\t\tslidesToScroll: 1,  \n\t\t\t\t\t\t\t  }\n\t\t\t\t\t\t\t},\n\t\t\t\t\t\t\t{\n\t\t\t\t\t\t\t  breakpoint: 1025,\n\t\t\t\t\t\t\t  settings: {\n\t\t\t\t\t\t\t\tslidesToShow: 1,\n\t\t\t\t\t\t\t\tslidesToScroll: 1\n\t\t\t\t\t\t\t  }\n\t\t\t\t\t\t\t},\n\t\t\t\t\t\t\t{\n\t\t\t\t\t\t\t  breakpoint: 760,\n\t\t\t\t\t\t\t  settings: {\n\t\t\t\t\t\t\t\tslidesToShow: 1,\n\t\t\t\t\t\t\t\tslidesToScroll: 1\n\t\t\t\t\t\t\t  }\n\t\t\t\t\t\t\t}\n\t\t\t\t\t\t],pauseOnDotsHover: true,customPaging: function(slider, i) {\n                   return '<i type=\"button\" style= \"color:#333333;\" class=\"ultsl-record\" data-role=\"none\"><\/i>';\n                },});\n\t\t\t\t\t}\n\t\t\t\t});\n\t\t\t<\/script>\n\t\t\t<\/div><\/div><\/div><div class=\"wpb_column vc_column_container vc_col-sm-4\"><div class=\"vc_column-inner\"><div class=\"wpb_wrapper\"><div id=\"ult-carousel-53493083369f20af26825b\" class=\"ult-carousel-wrapper   ult_horizontal\" data-gutter=\"15\" data-rtl=\"false\" ><div class=\"ult-carousel-352494074269f20af268232 \" ><div class=\"ult-item-wrap\" data-animation=\"animated no-animation\">\n\t<div  class=\"wpb_single_image wpb_content_element vc_align_left\">\n\t\t\n\t\t<figure class=\"wpb_wrapper vc_figure\">\n\t\t\t<a href=\"https:\/\/www.galeriehannabekkervomrath.de\/wp-content\/uploads\/Schnitzler_Informelle_-scaled.jpg\" target=\"_self\" data-large_image_width=\"1200\" data-large_image_height=\"2130\"  class=\"vc_single_image-wrapper   vc_box_border_grey dt-pswp-item rollover rollover-zoom\"   ><img loading=\"lazy\" decoding=\"async\" width=\"225\" height=\"400\" src=\"https:\/\/www.galeriehannabekkervomrath.de\/wp-content\/uploads\/Schnitzler_Informelle_-225x400.jpg\" class=\"vc_single_image-img attachment-medium\" alt=\"\" title=\"Christa von Schnitzler\" srcset=\"https:\/\/www.galeriehannabekkervomrath.de\/wp-content\/uploads\/Schnitzler_Informelle_-225x400.jpg 225w, https:\/\/www.galeriehannabekkervomrath.de\/wp-content\/uploads\/Schnitzler_Informelle_-620x1100.jpg 620w, https:\/\/www.galeriehannabekkervomrath.de\/wp-content\/uploads\/Schnitzler_Informelle_-768x1363.jpg 768w, https:\/\/www.galeriehannabekkervomrath.de\/wp-content\/uploads\/Schnitzler_Informelle_-600x1065.jpg 600w, https:\/\/www.galeriehannabekkervomrath.de\/wp-content\/uploads\/Schnitzler_Informelle_-865x1536.jpg 865w, https:\/\/www.galeriehannabekkervomrath.de\/wp-content\/uploads\/Schnitzler_Informelle_-1154x2048.jpg 1154w, https:\/\/www.galeriehannabekkervomrath.de\/wp-content\/uploads\/Schnitzler_Informelle_-scaled.jpg 1200w\" sizes=\"auto, (max-width: 225px) 100vw, 225px\"  data-dt-location=\"https:\/\/www.galeriehannabekkervomrath.de\/en\/schnitzler_informelle_\/\" \/><\/a><figcaption class=\"vc_figure-caption\">Informelle, ohne Jahr, Bronze, 60 x 25 x 25 cm, Unikat, monogrammiert<\/figcaption>\n\t\t<\/figure>\n\t<\/div>\n<\/div><div class=\"ult-item-wrap\" data-animation=\"animated no-animation\">\n\t<div  class=\"wpb_single_image wpb_content_element vc_align_left\">\n\t\t\n\t\t<figure class=\"wpb_wrapper vc_figure\">\n\t\t\t<a href=\"https:\/\/www.galeriehannabekkervomrath.de\/wp-content\/uploads\/Doebr19-1-3159a.jpg\" target=\"_self\" data-large_image_width=\"1200\" data-large_image_height=\"2077\"  class=\"vc_single_image-wrapper   vc_box_border_grey dt-pswp-item rollover rollover-zoom\"   ><img loading=\"lazy\" decoding=\"async\" width=\"231\" height=\"400\" src=\"https:\/\/www.galeriehannabekkervomrath.de\/wp-content\/uploads\/Doebr19-1-3159a-231x400.jpg\" class=\"vc_single_image-img attachment-medium\" alt=\"\" title=\"Christa von Schnitzler\" srcset=\"https:\/\/www.galeriehannabekkervomrath.de\/wp-content\/uploads\/Doebr19-1-3159a-231x400.jpg 231w, https:\/\/www.galeriehannabekkervomrath.de\/wp-content\/uploads\/Doebr19-1-3159a-768x1329.jpg 768w, https:\/\/www.galeriehannabekkervomrath.de\/wp-content\/uploads\/Doebr19-1-3159a-636x1100.jpg 636w, https:\/\/www.galeriehannabekkervomrath.de\/wp-content\/uploads\/Doebr19-1-3159a-600x1038.jpg 600w, https:\/\/www.galeriehannabekkervomrath.de\/wp-content\/uploads\/Doebr19-1-3159a.jpg 1200w\" sizes=\"auto, (max-width: 231px) 100vw, 231px\"  data-dt-location=\"https:\/\/www.galeriehannabekkervomrath.de\/en\/doebr19-1-3159a\/\" \/><\/a><figcaption class=\"vc_figure-caption\">Informelle, ohne Jahr, Bronze, 60 x 25 x 25 cm, Unikat, monogrammiert<\/figcaption>\n\t\t<\/figure>\n\t<\/div>\n<\/div><\/div><\/div>\t\t\t<script type=\"text\/javascript\">\n\t\t\t\tjQuery(document).ready(function ($) {\n\t\t\t\t\tif( typeof jQuery('.ult-carousel-352494074269f20af268232').slick == \"function\"){\n\t\t\t\t\t\t$('.ult-carousel-352494074269f20af268232').slick({dots: true,autoplay: true,autoplaySpeed: \"5000\",speed: \"300\",infinite: true,arrows: true,nextArrow: '<button type=\"button\" role=\"button\" aria-label=\"Next\" style=\"color:#333333; font-size:20px;\" class=\"slick-next default\"><i class=\"ultsl-arrow-right4\"><\/i><\/button>',prevArrow: '<button type=\"button\" role=\"button\" aria-label=\"Previous\" style=\"color:#333333; font-size:20px;\" class=\"slick-prev default\"><i class=\"ultsl-arrow-left4\"><\/i><\/button>',slidesToScroll:1,slidesToShow:1,swipe: true,draggable: true,touchMove: true,pauseOnHover: true,pauseOnFocus: false,responsive: [\n\t\t\t\t\t\t\t{\n\t\t\t\t\t\t\t  breakpoint: 1026,\n\t\t\t\t\t\t\t  settings: {\n\t\t\t\t\t\t\t\tslidesToShow: 1,\n\t\t\t\t\t\t\t\tslidesToScroll: 1,  \n\t\t\t\t\t\t\t  }\n\t\t\t\t\t\t\t},\n\t\t\t\t\t\t\t{\n\t\t\t\t\t\t\t  breakpoint: 1025,\n\t\t\t\t\t\t\t  settings: {\n\t\t\t\t\t\t\t\tslidesToShow: 1,\n\t\t\t\t\t\t\t\tslidesToScroll: 1\n\t\t\t\t\t\t\t  }\n\t\t\t\t\t\t\t},\n\t\t\t\t\t\t\t{\n\t\t\t\t\t\t\t  breakpoint: 760,\n\t\t\t\t\t\t\t  settings: {\n\t\t\t\t\t\t\t\tslidesToShow: 1,\n\t\t\t\t\t\t\t\tslidesToScroll: 1\n\t\t\t\t\t\t\t  }\n\t\t\t\t\t\t\t}\n\t\t\t\t\t\t],pauseOnDotsHover: true,customPaging: function(slider, i) {\n                   return '<i type=\"button\" style= \"color:#333333;\" class=\"ultsl-record\" data-role=\"none\"><\/i>';\n                },});\n\t\t\t\t\t}\n\t\t\t\t});\n\t\t\t<\/script>\n\t\t\t<\/div><\/div><\/div><\/div><\/div><\/div><div class=\"vc_tta-panel\" id=\"1543913696482-38b43962-0ba7b4d9-fe61\" data-vc-content=\".vc_tta-panel-body\"><div class=\"vc_tta-panel-heading\"><h4 class=\"vc_tta-panel-title\"><a href=\"#1543913696482-38b43962-0ba7b4d9-fe61\" data-vc-accordion data-vc-container=\".vc_tta-container\"><span class=\"vc_tta-title-text\">Biographie<\/span><\/a><\/h4><\/div><div class=\"vc_tta-panel-body\">\n\t<div  class=\"wpb_single_image wpb_content_element vc_align_left\">\n\t\t\n\t\t<figure class=\"wpb_wrapper vc_figure\">\n\t\t\t<div class=\"vc_single_image-wrapper   vc_box_border_grey\"><img loading=\"lazy\" decoding=\"async\" width=\"400\" height=\"366\" src=\"https:\/\/www.galeriehannabekkervomrath.de\/wp-content\/uploads\/von-Schnitzler-1-1-400x366.jpg\" class=\"vc_single_image-img attachment-medium\" alt=\"\" title=\"Mara Eggert\" srcset=\"https:\/\/www.galeriehannabekkervomrath.de\/wp-content\/uploads\/von-Schnitzler-1-1-400x366.jpg 400w, https:\/\/www.galeriehannabekkervomrath.de\/wp-content\/uploads\/von-Schnitzler-1-1-1100x1006.jpg 1100w, https:\/\/www.galeriehannabekkervomrath.de\/wp-content\/uploads\/von-Schnitzler-1-1-164x150.jpg 164w, https:\/\/www.galeriehannabekkervomrath.de\/wp-content\/uploads\/von-Schnitzler-1-1-768x703.jpg 768w, https:\/\/www.galeriehannabekkervomrath.de\/wp-content\/uploads\/von-Schnitzler-1-1-1536x1405.jpg 1536w, https:\/\/www.galeriehannabekkervomrath.de\/wp-content\/uploads\/von-Schnitzler-1-1-2048x1873.jpg 2048w, https:\/\/www.galeriehannabekkervomrath.de\/wp-content\/uploads\/von-Schnitzler-1-1-13x12.jpg 13w, https:\/\/www.galeriehannabekkervomrath.de\/wp-content\/uploads\/von-Schnitzler-1-1-1320x1208.jpg 1320w, https:\/\/www.galeriehannabekkervomrath.de\/wp-content\/uploads\/von-Schnitzler-1-1-scaled.jpg 1312w\" sizes=\"auto, (max-width: 400px) 100vw, 400px\"  data-dt-location=\"https:\/\/www.galeriehannabekkervomrath.de\/en\/von-schnitzler-2\/\" \/><\/div><figcaption class=\"vc_figure-caption\">Christa von Schnitzler im Jahr 1979 in ihrem Atelier. Fotografie von Mara Eggert<\/figcaption>\n\t\t<\/figure>\n\t<\/div>\n\n\t<div class=\"wpb_text_column wpb_content_element \" >\n\t\t<div class=\"wpb_wrapper\">\n\t\t\t<p>Die Bildhauerin Christa von Schnitzler (12.07.1922 in K\u00f6ln &#8211; 28.06.2003 in Frankfurt am Main) modellierte schon als Kind K\u00f6pfe. Ihr Vater war Bankier. Nach einem wirtschaftlichen Konkurs lebte die Familie in Italien, Frankreich und den Niederlanden, wo sie Anfang der 40er Jahre Beckmann kennen lernte. Von Portugal kehrte die Familie Schnitzler zur\u00fcck nach Deutschland, in Bad M\u00fcnstereifel besitzt die Familie Gut Giersberg. Ihre Schulzeit verbrachte Christa von Schnitzler im Internat &#8222;Birkle-Schule&#8220; im Schwarzwald. Sie studierte 1942-1947 bei Toni Stadler am St\u00e4del in Frankfurt am Main und ging mit ihm 1947-1952 an die Akademie der Bildenden K\u00fcnste in M\u00fcnchen, wo sie Michael Croissant kennen lernte und 1953 heiratete. 1966 kam sie nach Frankfurt zur\u00fcck, bezog eine Wohnung in Sachsenhausen in der Schwanthaler Stra\u00dfe und ein Atelier in der Textorstra\u00dfe 93. Im Februar 1984 lernt sie Gisela Nietmann kennen und arbeitete 19 Jahre mit ihr in einer engen Ateliergemeinschaft.<\/p>\n\n\t\t<\/div>\n\t<\/div>\n\n\t<div class=\"wpb_text_column wpb_content_element \" >\n\t\t<div class=\"wpb_wrapper\">\n\t\t\t<p>\u00a0<\/p>\n\n\t\t<\/div>\n\t<\/div>\n<\/div><\/div><\/div><\/div><\/div><\/div><\/div><\/div><\/div><\/div>\n<\/div>","protected":false},"excerpt":{"rendered":"<p>Christa von SchnitzlerWorksBiographyWorks Stele, without year, bronze, 188 x 23 x 23 cm, edition 3, monogrammed Stele, without year, bronze, 188 x 23 x 23 cm, edition 3, monogrammed Torso, without year, bronze, 54 x 23 x 20 cm, unique, monogrammed Torso, without year, bronze, 54 x 23 x 20 cm, unique, monogrammed Informal, without...<\/p>","protected":false},"author":2,"featured_media":0,"comment_status":"closed","ping_status":"closed","sticky":false,"template":"","format":"standard","meta":{"footnotes":""},"categories":[1,22],"tags":[],"class_list":["post-1933","post","type-post","status-publish","format-standard","hentry","category-allgemein","category-kuenstler","category-1","category-22","description-off"],"yoast_head":"<!-- This site is optimized with the Yoast SEO plugin v27.5 - https:\/\/yoast.com\/product\/yoast-seo-wordpress\/ -->\n<title>Christa von Schnitzler - Galerie Hanna Bekker vom Rath<\/title>\n<meta name=\"description\" content=\"GALERIE HANNA BEKKER VOM RATH, Braubachstra\u00dfe 12, Frankfurt am Main. Die Galerie zeigt neben klassischer Moderne in der Tradition Hanna Bekker vom Raths auch immer wieder Werke aus interessanten Nachl\u00e4ssen von K\u00fcnstlern.\" \/>\n<meta name=\"robots\" content=\"index, follow, max-snippet:-1, max-image-preview:large, max-video-preview:-1\" \/>\n<link rel=\"canonical\" href=\"https:\/\/www.galeriehannabekkervomrath.de\/en\/christa-von-schnitzler\/\" \/>\n<meta property=\"og:locale\" content=\"en_US\" \/>\n<meta property=\"og:type\" content=\"article\" \/>\n<meta property=\"og:title\" content=\"Christa von Schnitzler - Galerie Hanna Bekker vom Rath\" \/>\n<meta property=\"og:description\" content=\"GALERIE HANNA BEKKER VOM RATH, Braubachstra\u00dfe 12, Frankfurt am Main. Die Galerie zeigt neben klassischer Moderne in der Tradition Hanna Bekker vom Raths auch immer wieder Werke aus interessanten Nachl\u00e4ssen von K\u00fcnstlern.\" \/>\n<meta property=\"og:url\" content=\"https:\/\/www.galeriehannabekkervomrath.de\/en\/christa-von-schnitzler\/\" \/>\n<meta property=\"og:site_name\" content=\"Galerie Hanna Bekker vom Rath\" \/>\n<meta property=\"article:publisher\" content=\"https:\/\/www.facebook.com\/galeriehannabekkervomrath\/\" \/>\n<meta property=\"article:published_time\" content=\"2019-01-22T11:48:12+00:00\" \/>\n<meta property=\"article:modified_time\" content=\"2025-05-21T11:24:36+00:00\" \/>\n<meta name=\"author\" content=\"Veit\" \/>\n<meta name=\"twitter:card\" content=\"summary_large_image\" \/>\n<meta name=\"twitter:label1\" content=\"Written by\" \/>\n\t<meta name=\"twitter:data1\" content=\"Veit\" \/>\n\t<meta name=\"twitter:label2\" content=\"Est. reading time\" \/>\n\t<meta name=\"twitter:data2\" content=\"2 minutes\" \/>\n<script type=\"application\/ld+json\" class=\"yoast-schema-graph\">{\"@context\":\"https:\\\/\\\/schema.org\",\"@graph\":[{\"@type\":\"WebPage\",\"@id\":\"https:\\\/\\\/www.galeriehannabekkervomrath.de\\\/christa-von-schnitzler\\\/\",\"url\":\"https:\\\/\\\/www.galeriehannabekkervomrath.de\\\/christa-von-schnitzler\\\/\",\"name\":\"Christa von Schnitzler - Galerie Hanna Bekker vom Rath\",\"isPartOf\":{\"@id\":\"https:\\\/\\\/www.galeriehannabekkervomrath.de\\\/#website\"},\"datePublished\":\"2019-01-22T11:48:12+00:00\",\"dateModified\":\"2025-05-21T11:24:36+00:00\",\"description\":\"GALERIE HANNA BEKKER VOM RATH, Braubachstra\u00dfe 12, Frankfurt am Main. Die Galerie zeigt neben klassischer Moderne in der Tradition Hanna Bekker vom Raths auch immer wieder Werke aus interessanten Nachl\u00e4ssen von K\u00fcnstlern.\",\"breadcrumb\":{\"@id\":\"https:\\\/\\\/www.galeriehannabekkervomrath.de\\\/christa-von-schnitzler\\\/#breadcrumb\"},\"inLanguage\":\"en-US\",\"potentialAction\":[{\"@type\":\"ReadAction\",\"target\":[\"https:\\\/\\\/www.galeriehannabekkervomrath.de\\\/christa-von-schnitzler\\\/\"]}]},{\"@type\":\"BreadcrumbList\",\"@id\":\"https:\\\/\\\/www.galeriehannabekkervomrath.de\\\/christa-von-schnitzler\\\/#breadcrumb\",\"itemListElement\":[{\"@type\":\"ListItem\",\"position\":1,\"name\":\"Startseite\",\"item\":\"https:\\\/\\\/www.galeriehannabekkervomrath.de\\\/\"},{\"@type\":\"ListItem\",\"position\":2,\"name\":\"Christa von Schnitzler\"}]},{\"@type\":\"WebSite\",\"@id\":\"https:\\\/\\\/www.galeriehannabekkervomrath.de\\\/#website\",\"url\":\"https:\\\/\\\/www.galeriehannabekkervomrath.de\\\/\",\"name\":\"Galerie Hanna Bekker vom Rath\",\"description\":\"Frankfurt am Main\",\"publisher\":{\"@id\":\"https:\\\/\\\/www.galeriehannabekkervomrath.de\\\/#organization\"},\"potentialAction\":[{\"@type\":\"SearchAction\",\"target\":{\"@type\":\"EntryPoint\",\"urlTemplate\":\"https:\\\/\\\/www.galeriehannabekkervomrath.de\\\/?s={search_term_string}\"},\"query-input\":{\"@type\":\"PropertyValueSpecification\",\"valueRequired\":true,\"valueName\":\"search_term_string\"}}],\"inLanguage\":\"en-US\"},{\"@type\":\"Organization\",\"@id\":\"https:\\\/\\\/www.galeriehannabekkervomrath.de\\\/#organization\",\"name\":\"Galerie Hanna Bekker vom Rath\",\"url\":\"https:\\\/\\\/www.galeriehannabekkervomrath.de\\\/\",\"logo\":{\"@type\":\"ImageObject\",\"inLanguage\":\"en-US\",\"@id\":\"https:\\\/\\\/www.galeriehannabekkervomrath.de\\\/#\\\/schema\\\/logo\\\/image\\\/\",\"url\":\"https:\\\/\\\/www.galeriehannabekkervomrath.de\\\/wp-content\\\/uploads\\\/ghbvr_icon.jpg\",\"contentUrl\":\"https:\\\/\\\/www.galeriehannabekkervomrath.de\\\/wp-content\\\/uploads\\\/ghbvr_icon.jpg\",\"width\":512,\"height\":512,\"caption\":\"Galerie Hanna Bekker vom Rath\"},\"image\":{\"@id\":\"https:\\\/\\\/www.galeriehannabekkervomrath.de\\\/#\\\/schema\\\/logo\\\/image\\\/\"},\"sameAs\":[\"https:\\\/\\\/www.facebook.com\\\/galeriehannabekkervomrath\\\/\",\"https:\\\/\\\/www.instagram.com\\\/galeriehbvr\\\/\"]}]}<\/script>\n<!-- \/ Yoast SEO plugin. -->","yoast_head_json":{"title":"Christa von Schnitzler - Gallery Hanna Bekker vom Rath","description":"GALERIE HANNA BEKKER VOM RATH, Braubachstra\u00dfe 12, Frankfurt am Main. In addition to classic modern art in the tradition of Hanna Bekker vom Rath, the gallery also regularly shows works from interesting artists' estates.","robots":{"index":"index","follow":"follow","max-snippet":"max-snippet:-1","max-image-preview":"max-image-preview:large","max-video-preview":"max-video-preview:-1"},"canonical":"https:\/\/www.galeriehannabekkervomrath.de\/en\/christa-von-schnitzler\/","og_locale":"en_US","og_type":"article","og_title":"Christa von Schnitzler - Galerie Hanna Bekker vom Rath","og_description":"GALERIE HANNA BEKKER VOM RATH, Braubachstra\u00dfe 12, Frankfurt am Main. Die Galerie zeigt neben klassischer Moderne in der Tradition Hanna Bekker vom Raths auch immer wieder Werke aus interessanten Nachl\u00e4ssen von K\u00fcnstlern.","og_url":"https:\/\/www.galeriehannabekkervomrath.de\/en\/christa-von-schnitzler\/","og_site_name":"Galerie Hanna Bekker vom Rath","article_publisher":"https:\/\/www.facebook.com\/galeriehannabekkervomrath\/","article_published_time":"2019-01-22T11:48:12+00:00","article_modified_time":"2025-05-21T11:24:36+00:00","author":"Veit","twitter_card":"summary_large_image","twitter_misc":{"Written by":"Veit","Est. reading time":"2 minutes"},"schema":{"@context":"https:\/\/schema.org","@graph":[{"@type":"WebPage","@id":"https:\/\/www.galeriehannabekkervomrath.de\/christa-von-schnitzler\/","url":"https:\/\/www.galeriehannabekkervomrath.de\/christa-von-schnitzler\/","name":"Christa von Schnitzler - Gallery Hanna Bekker vom Rath","isPartOf":{"@id":"https:\/\/www.galeriehannabekkervomrath.de\/#website"},"datePublished":"2019-01-22T11:48:12+00:00","dateModified":"2025-05-21T11:24:36+00:00","description":"GALERIE HANNA BEKKER VOM RATH, Braubachstra\u00dfe 12, Frankfurt am Main. In addition to classic modern art in the tradition of Hanna Bekker vom Rath, the gallery also regularly shows works from interesting artists' estates.","breadcrumb":{"@id":"https:\/\/www.galeriehannabekkervomrath.de\/christa-von-schnitzler\/#breadcrumb"},"inLanguage":"en-US","potentialAction":[{"@type":"ReadAction","target":["https:\/\/www.galeriehannabekkervomrath.de\/christa-von-schnitzler\/"]}]},{"@type":"BreadcrumbList","@id":"https:\/\/www.galeriehannabekkervomrath.de\/christa-von-schnitzler\/#breadcrumb","itemListElement":[{"@type":"ListItem","position":1,"name":"Startseite","item":"https:\/\/www.galeriehannabekkervomrath.de\/"},{"@type":"ListItem","position":2,"name":"Christa von Schnitzler"}]},{"@type":"WebSite","@id":"https:\/\/www.galeriehannabekkervomrath.de\/#website","url":"https:\/\/www.galeriehannabekkervomrath.de\/","name":"Gallery Hanna Bekker vom Rath","description":"Frankfurt am Main","publisher":{"@id":"https:\/\/www.galeriehannabekkervomrath.de\/#organization"},"potentialAction":[{"@type":"SearchAction","target":{"@type":"EntryPoint","urlTemplate":"https:\/\/www.galeriehannabekkervomrath.de\/?s={search_term_string}"},"query-input":{"@type":"PropertyValueSpecification","valueRequired":true,"valueName":"search_term_string"}}],"inLanguage":"en-US"},{"@type":"Organization","@id":"https:\/\/www.galeriehannabekkervomrath.de\/#organization","name":"Gallery Hanna Bekker vom Rath","url":"https:\/\/www.galeriehannabekkervomrath.de\/","logo":{"@type":"ImageObject","inLanguage":"en-US","@id":"https:\/\/www.galeriehannabekkervomrath.de\/#\/schema\/logo\/image\/","url":"https:\/\/www.galeriehannabekkervomrath.de\/wp-content\/uploads\/ghbvr_icon.jpg","contentUrl":"https:\/\/www.galeriehannabekkervomrath.de\/wp-content\/uploads\/ghbvr_icon.jpg","width":512,"height":512,"caption":"Galerie Hanna Bekker vom Rath"},"image":{"@id":"https:\/\/www.galeriehannabekkervomrath.de\/#\/schema\/logo\/image\/"},"sameAs":["https:\/\/www.facebook.com\/galeriehannabekkervomrath\/","https:\/\/www.instagram.com\/galeriehbvr\/"]}]}},"_links":{"self":[{"href":"https:\/\/www.galeriehannabekkervomrath.de\/en\/wp-json\/wp\/v2\/posts\/1933","targetHints":{"allow":["GET"]}}],"collection":[{"href":"https:\/\/www.galeriehannabekkervomrath.de\/en\/wp-json\/wp\/v2\/posts"}],"about":[{"href":"https:\/\/www.galeriehannabekkervomrath.de\/en\/wp-json\/wp\/v2\/types\/post"}],"author":[{"embeddable":true,"href":"https:\/\/www.galeriehannabekkervomrath.de\/en\/wp-json\/wp\/v2\/users\/2"}],"replies":[{"embeddable":true,"href":"https:\/\/www.galeriehannabekkervomrath.de\/en\/wp-json\/wp\/v2\/comments?post=1933"}],"version-history":[{"count":7,"href":"https:\/\/www.galeriehannabekkervomrath.de\/en\/wp-json\/wp\/v2\/posts\/1933\/revisions"}],"predecessor-version":[{"id":6011,"href":"https:\/\/www.galeriehannabekkervomrath.de\/en\/wp-json\/wp\/v2\/posts\/1933\/revisions\/6011"}],"wp:attachment":[{"href":"https:\/\/www.galeriehannabekkervomrath.de\/en\/wp-json\/wp\/v2\/media?parent=1933"}],"wp:term":[{"taxonomy":"category","embeddable":true,"href":"https:\/\/www.galeriehannabekkervomrath.de\/en\/wp-json\/wp\/v2\/categories?post=1933"},{"taxonomy":"post_tag","embeddable":true,"href":"https:\/\/www.galeriehannabekkervomrath.de\/en\/wp-json\/wp\/v2\/tags?post=1933"}],"curies":[{"name":"wp","href":"https:\/\/api.w.org\/{rel}","templated":true}]}}