{"id":2373,"date":"2019-02-27T19:45:27","date_gmt":"2019-02-27T18:45:27","guid":{"rendered":"https:\/\/www.galeriehannabekkervomrath.de\/?p=2373"},"modified":"2025-09-27T21:28:30","modified_gmt":"2025-09-27T19:28:30","slug":"helene-de-beauvoir","status":"publish","type":"post","link":"https:\/\/www.galeriehannabekkervomrath.de\/en\/helene-de-beauvoir\/","title":{"rendered":"H\u00e9l\u00e8ne de Beauvoir"},"content":{"rendered":"<div class=\"wpb-content-wrapper\"><div class=\"vc_row wpb_row vc_row-fluid dt-default\" style=\"margin-top: 0px;margin-bottom: 0px\"><div class=\"wpb_column vc_column_container vc_col-sm-12\"><div class=\"vc_column-inner\"><div class=\"wpb_wrapper\"><\/div><\/div><\/div><\/div><div class=\"vc_row wpb_row vc_row-fluid dt-default\" style=\"margin-top: 0px;margin-bottom: 0px\"><div class=\"wpb_column vc_column_container vc_col-sm-12\"><div class=\"vc_column-inner\"><div class=\"wpb_wrapper\"><div class=\"vc_tta-container\" data-vc-action=\"collapse\"><h2>H\u00c9L\u00c8NE DE BEAUVOIR<\/h2><div class=\"vc_general vc_tta vc_tta-tabs vc_tta-color-white vc_tta-style-flat vc_tta-shape-square vc_tta-spacing-1 vc_tta-o-no-fill vc_tta-tabs-position-top vc_tta-controls-align-left vc_custom_1551293121810\"><div class=\"vc_tta-tabs-container\"><ul class=\"vc_tta-tabs-list\" role=\"tablist\"><li class=\"vc_tta-tab vc_active\" data-vc-tab role=\"presentation\"><a href=\"#1543913696353-02356048-5724b4d9-fe61\" data-vc-tabs data-vc-container=\".vc_tta\" role=\"tab\" aria-selected=\"false\" id=\"tab-1543913696353-02356048-5724b4d9-fe61\"><span class=\"vc_tta-title-text\">works<\/span><\/a><\/li><li class=\"vc_tta-tab\" data-vc-tab role=\"presentation\"><a href=\"#1543913696482-38b43962-0ba7b4d9-fe61\" data-vc-tabs data-vc-container=\".vc_tta\" role=\"tab\" aria-selected=\"false\" id=\"tab-1543913696482-38b43962-0ba7b4d9-fe61\"><span class=\"vc_tta-title-text\">biography<\/span><\/a><\/li><li class=\"vc_tta-tab\" data-vc-tab role=\"presentation\"><a href=\"#1551198283690-7467ce3e-5fa3\" data-vc-tabs data-vc-container=\".vc_tta\" role=\"tab\" aria-selected=\"false\" id=\"tab-1551198283690-7467ce3e-5fa3\"><span class=\"vc_tta-title-text\">exhibitions<\/span><\/a><\/li><\/ul><\/div><div class=\"vc_tta-panels-container\"><div class=\"vc_tta-panels\"><div class=\"vc_tta-panel vc_active\" id=\"1543913696353-02356048-5724b4d9-fe61\" data-vc-content=\".vc_tta-panel-body\"><div class=\"vc_tta-panel-heading\"><h4 class=\"vc_tta-panel-title\"><a href=\"#1543913696353-02356048-5724b4d9-fe61\" data-vc-accordion data-vc-container=\".vc_tta-container\"><span class=\"vc_tta-title-text\">works<\/span><\/a><\/h4><\/div><div class=\"vc_tta-panel-body\"><div class=\"vc_row wpb_row vc_inner vc_row-fluid\"><div class=\"wpb_column vc_column_container vc_col-sm-6\"><div class=\"vc_column-inner\"><div class=\"wpb_wrapper\">\n\t<div  class=\"wpb_single_image wpb_content_element vc_align_left\">\n\t\t\n\t\t<figure class=\"wpb_wrapper vc_figure\">\n\t\t\t<a href=\"https:\/\/www.galeriehannabekkervomrath.de\/wp-content\/uploads\/26_HdB_VoegelueberSee-4von5.jpg\" target=\"_self\" data-large_image_width=\"1200\" data-large_image_height=\"1527\"  class=\"vc_single_image-wrapper   vc_box_border_grey dt-pswp-item rollover rollover-zoom\"   ><img loading=\"lazy\" decoding=\"async\" width=\"864\" height=\"1100\" src=\"https:\/\/www.galeriehannabekkervomrath.de\/wp-content\/uploads\/26_HdB_VoegelueberSee-4von5-864x1100.jpg\" class=\"vc_single_image-img attachment-large\" alt=\"\" title=\"H\u00e9l\u00e8ne de Beauvoir\" srcset=\"https:\/\/www.galeriehannabekkervomrath.de\/wp-content\/uploads\/26_HdB_VoegelueberSee-4von5-864x1100.jpg 864w, https:\/\/www.galeriehannabekkervomrath.de\/wp-content\/uploads\/26_HdB_VoegelueberSee-4von5-314x400.jpg 314w, https:\/\/www.galeriehannabekkervomrath.de\/wp-content\/uploads\/26_HdB_VoegelueberSee-4von5-768x977.jpg 768w, https:\/\/www.galeriehannabekkervomrath.de\/wp-content\/uploads\/26_HdB_VoegelueberSee-4von5-600x764.jpg 600w, https:\/\/www.galeriehannabekkervomrath.de\/wp-content\/uploads\/26_HdB_VoegelueberSee-4von5-1207x1536.jpg 1207w, https:\/\/www.galeriehannabekkervomrath.de\/wp-content\/uploads\/26_HdB_VoegelueberSee-4von5-1609x2048.jpg 1609w, https:\/\/www.galeriehannabekkervomrath.de\/wp-content\/uploads\/26_HdB_VoegelueberSee-4von5.jpg 1200w\" sizes=\"auto, (max-width: 864px) 100vw, 864px\"  data-dt-location=\"https:\/\/www.galeriehannabekkervomrath.de\/en\/26_hdb_voegeluebersee-4von5\/\" \/><\/a><figcaption class=\"vc_figure-caption\">Bird over lake, 50 x 33 cm, copperplate engraving, 4\/5<\/figcaption>\n\t\t<\/figure>\n\t<\/div>\n<\/div><\/div><\/div><div class=\"wpb_column vc_column_container vc_col-sm-6\"><div class=\"vc_column-inner\"><div class=\"wpb_wrapper\">\n\t<div  class=\"wpb_single_image wpb_content_element vc_align_left\">\n\t\t\n\t\t<figure class=\"wpb_wrapper vc_figure\">\n\t\t\t<a href=\"https:\/\/www.galeriehannabekkervomrath.de\/wp-content\/uploads\/HdB-Dreiecke.jpg\" target=\"_self\" data-large_image_width=\"1301\" data-large_image_height=\"1200\"  class=\"vc_single_image-wrapper   vc_box_border_grey dt-pswp-item rollover rollover-zoom\"   ><img loading=\"lazy\" decoding=\"async\" width=\"400\" height=\"369\" src=\"https:\/\/www.galeriehannabekkervomrath.de\/wp-content\/uploads\/HdB-Dreiecke-400x369.jpg\" class=\"vc_single_image-img attachment-medium\" alt=\"\" title=\"H\u00e9l\u00e8ne de Beauvoir\" srcset=\"https:\/\/www.galeriehannabekkervomrath.de\/wp-content\/uploads\/HdB-Dreiecke-400x369.jpg 400w, https:\/\/www.galeriehannabekkervomrath.de\/wp-content\/uploads\/HdB-Dreiecke-1100x1015.jpg 1100w, https:\/\/www.galeriehannabekkervomrath.de\/wp-content\/uploads\/HdB-Dreiecke-768x709.jpg 768w, https:\/\/www.galeriehannabekkervomrath.de\/wp-content\/uploads\/HdB-Dreiecke-600x554.jpg 600w, https:\/\/www.galeriehannabekkervomrath.de\/wp-content\/uploads\/HdB-Dreiecke-1536x1417.jpg 1536w, https:\/\/www.galeriehannabekkervomrath.de\/wp-content\/uploads\/HdB-Dreiecke-2048x1889.jpg 2048w, https:\/\/www.galeriehannabekkervomrath.de\/wp-content\/uploads\/HdB-Dreiecke.jpg 1301w\" sizes=\"auto, (max-width: 400px) 100vw, 400px\"  data-dt-location=\"https:\/\/www.galeriehannabekkervomrath.de\/en\/hdb-dreiecke\/\" \/><\/a><figcaption class=\"vc_figure-caption\">Triangles, 38 x 57 cm, copperplate engraving, 2\/30<\/figcaption>\n\t\t<\/figure>\n\t<\/div>\n\n\t<div  class=\"wpb_single_image wpb_content_element vc_align_left\">\n\t\t\n\t\t<figure class=\"wpb_wrapper vc_figure\">\n\t\t\t<a href=\"https:\/\/www.galeriehannabekkervomrath.de\/wp-content\/uploads\/V\u00f6gel\u00fcberSee-scaled.jpg\" target=\"_self\" data-large_image_width=\"1588\" data-large_image_height=\"1200\"  class=\"vc_single_image-wrapper   vc_box_border_grey dt-pswp-item rollover rollover-zoom\"   ><img loading=\"lazy\" decoding=\"async\" width=\"400\" height=\"302\" src=\"https:\/\/www.galeriehannabekkervomrath.de\/wp-content\/uploads\/V\u00f6gel\u00fcberSee-400x302.jpg\" class=\"vc_single_image-img attachment-medium\" alt=\"\" title=\"H\u00e9l\u00e8ne de Beauvoir\" srcset=\"https:\/\/www.galeriehannabekkervomrath.de\/wp-content\/uploads\/V\u00f6gel\u00fcberSee-400x302.jpg 400w, https:\/\/www.galeriehannabekkervomrath.de\/wp-content\/uploads\/V\u00f6gel\u00fcberSee-1100x832.jpg 1100w, https:\/\/www.galeriehannabekkervomrath.de\/wp-content\/uploads\/V\u00f6gel\u00fcberSee-200x150.jpg 200w, https:\/\/www.galeriehannabekkervomrath.de\/wp-content\/uploads\/V\u00f6gel\u00fcberSee-768x581.jpg 768w, https:\/\/www.galeriehannabekkervomrath.de\/wp-content\/uploads\/V\u00f6gel\u00fcberSee-600x454.jpg 600w, https:\/\/www.galeriehannabekkervomrath.de\/wp-content\/uploads\/V\u00f6gel\u00fcberSee-1536x1161.jpg 1536w, https:\/\/www.galeriehannabekkervomrath.de\/wp-content\/uploads\/V\u00f6gel\u00fcberSee-2048x1548.jpg 2048w, https:\/\/www.galeriehannabekkervomrath.de\/wp-content\/uploads\/V\u00f6gel\u00fcberSee-scaled.jpg 1588w\" sizes=\"auto, (max-width: 400px) 100vw, 400px\"  data-dt-location=\"https:\/\/www.galeriehannabekkervomrath.de\/en\/voegeluebersee\/\" \/><\/a><figcaption class=\"vc_figure-caption\">Birds over the lake, 33 x 50 cm, copperplate engraving, 4\/5<\/figcaption>\n\t\t<\/figure>\n\t<\/div>\n<\/div><\/div><\/div><div class=\"wpb_column vc_column_container vc_col-sm-6\"><div class=\"vc_column-inner\"><div class=\"wpb_wrapper\">\n\t<div  class=\"wpb_single_image wpb_content_element vc_align_left\">\n\t\t\n\t\t<figure class=\"wpb_wrapper vc_figure\">\n\t\t\t<a href=\"https:\/\/www.galeriehannabekkervomrath.de\/wp-content\/uploads\/IMG_1497-scaled.jpg\" target=\"_self\" data-large_image_width=\"1718\" data-large_image_height=\"1200\"  class=\"vc_single_image-wrapper   vc_box_border_grey dt-pswp-item rollover rollover-zoom\"   ><img loading=\"lazy\" decoding=\"async\" width=\"400\" height=\"279\" src=\"https:\/\/www.galeriehannabekkervomrath.de\/wp-content\/uploads\/IMG_1497-400x279.jpg\" class=\"vc_single_image-img attachment-medium\" alt=\"\" title=\"H\u00e9l\u00e8ne de Beauvoir\" srcset=\"https:\/\/www.galeriehannabekkervomrath.de\/wp-content\/uploads\/IMG_1497-400x279.jpg 400w, https:\/\/www.galeriehannabekkervomrath.de\/wp-content\/uploads\/IMG_1497-1100x768.jpg 1100w, https:\/\/www.galeriehannabekkervomrath.de\/wp-content\/uploads\/IMG_1497-768x537.jpg 768w, https:\/\/www.galeriehannabekkervomrath.de\/wp-content\/uploads\/IMG_1497-600x419.jpg 600w, https:\/\/www.galeriehannabekkervomrath.de\/wp-content\/uploads\/IMG_1497-1536x1073.jpg 1536w, https:\/\/www.galeriehannabekkervomrath.de\/wp-content\/uploads\/IMG_1497-2048x1431.jpg 2048w, https:\/\/www.galeriehannabekkervomrath.de\/wp-content\/uploads\/IMG_1497-scaled.jpg 1718w\" sizes=\"auto, (max-width: 400px) 100vw, 400px\"  data-dt-location=\"https:\/\/www.galeriehannabekkervomrath.de\/en\/img_1497\/\" \/><\/a><figcaption class=\"vc_figure-caption\">Aqua (Italy, Trebiano), 1956, watercolor, 34 x 48 cm<\/figcaption>\n\t\t<\/figure>\n\t<\/div>\n\n\t<div  class=\"wpb_single_image wpb_content_element vc_align_left\">\n\t\t\n\t\t<figure class=\"wpb_wrapper vc_figure\">\n\t\t\t<a href=\"https:\/\/www.galeriehannabekkervomrath.de\/wp-content\/uploads\/Berge-mit-Gipfelkreuzen-scaled.jpg\" target=\"_self\" data-large_image_width=\"1842\" data-large_image_height=\"1200\"  class=\"vc_single_image-wrapper   vc_box_border_grey dt-pswp-item rollover rollover-zoom\"   ><img loading=\"lazy\" decoding=\"async\" width=\"400\" height=\"261\" src=\"https:\/\/www.galeriehannabekkervomrath.de\/wp-content\/uploads\/Berge-mit-Gipfelkreuzen-400x261.jpg\" class=\"vc_single_image-img attachment-medium\" alt=\"\" title=\"H\u00e9l\u00e8ne de Beauvoir\" srcset=\"https:\/\/www.galeriehannabekkervomrath.de\/wp-content\/uploads\/Berge-mit-Gipfelkreuzen-400x261.jpg 400w, https:\/\/www.galeriehannabekkervomrath.de\/wp-content\/uploads\/Berge-mit-Gipfelkreuzen-1100x717.jpg 1100w, https:\/\/www.galeriehannabekkervomrath.de\/wp-content\/uploads\/Berge-mit-Gipfelkreuzen-768x500.jpg 768w, https:\/\/www.galeriehannabekkervomrath.de\/wp-content\/uploads\/Berge-mit-Gipfelkreuzen-600x391.jpg 600w, https:\/\/www.galeriehannabekkervomrath.de\/wp-content\/uploads\/Berge-mit-Gipfelkreuzen-1536x1001.jpg 1536w, https:\/\/www.galeriehannabekkervomrath.de\/wp-content\/uploads\/Berge-mit-Gipfelkreuzen-2048x1335.jpg 2048w, https:\/\/www.galeriehannabekkervomrath.de\/wp-content\/uploads\/Berge-mit-Gipfelkreuzen-scaled.jpg 1842w\" sizes=\"auto, (max-width: 400px) 100vw, 400px\"  data-dt-location=\"https:\/\/www.galeriehannabekkervomrath.de\/en\/berge-mit-gipfelkreuzen\/\" \/><\/a><figcaption class=\"vc_figure-caption\">Mountains with summit crosses, 38 x 56 cm, copperplate engraving, 5\/5<\/figcaption>\n\t\t<\/figure>\n\t<\/div>\n<\/div><\/div><\/div><\/div><\/div><\/div><div class=\"vc_tta-panel\" id=\"1543913696482-38b43962-0ba7b4d9-fe61\" data-vc-content=\".vc_tta-panel-body\"><div class=\"vc_tta-panel-heading\"><h4 class=\"vc_tta-panel-title\"><a href=\"#1543913696482-38b43962-0ba7b4d9-fe61\" data-vc-accordion data-vc-container=\".vc_tta-container\"><span class=\"vc_tta-title-text\">biography<\/span><\/a><\/h4><\/div><div class=\"vc_tta-panel-body\">\n\t<div class=\"wpb_text_column wpb_content_element\" >\n\t\t<div class=\"wpb_wrapper\">\n\t\t\t<p>As early as 1961, Hanna Bekker vom Rath exhibited the French painter H\u00e9l\u00e8ne de Beauvoir (1910-2001) - making her the first gallery in Germany to do so. Paintings by the artist are now in the Mus\u00e9e de la Moderne, Paris, and museums in Pittsburgh, Regensburg, Strasbourg and Lausanne.<\/p>\n<p>H\u00e9l\u00e8ne de Beauvoir began her artistic training at the end of the 1920s at the Paris art academies Colarossi, Grande Chaumi\u00e8re, Acad\u00e9mie Scandinave and the \u00c9cole d'Art et Publicit\u00e9. At the time, she belonged to the circle around her sister Simone and Jean-Paul Sartre. Her sister, who was two years older and had a permanent job as a teacher, paid for her studio. In return, H\u00e9l\u00e8ne typed Simone's and Jean-Paul Sartre's manuscripts. She is often quoted as having met Picasso, who praised the \"independence\" of her painting when he visited her first solo exhibition at the Bonjean Gallery in Paris in 1936. Early trips took her to Spain and to the major art collections in Italy. In 1942, H\u00e9l\u00e8ne married the cultural attach\u00e9 Lionel de Roulet, a former student of Sartre's whom she had met in 1933. From then on, she led a \"bourgeois\" life with him, which earned her critical comments from her sister. This was followed by moves to Vienna, Belgrade, Casablanca, Milan and, via Paris, finally to Goxwiller in Alsace in 1963, where she lived until her death. She exhibited worldwide in the 1970s, including in Tokyo, Boston and New York. In 1983, she gave a lecture in Philadelphia on \"The role of women in society using the example of the female painter\". Until 1983, she was president of the Flora Tristan Center for abused women and young people, which was founded in 1978.<\/p>\n<p>H\u00e9l\u00e8ne de Beauvoir, who said that she was a feminist long before her sister, was committed to women's rights, social discrimination and environmental issues. This also provided her with motifs for her paintings. She also created landscapes, which are mostly animated by objects or people, but also graphic series such as a series of woodcuts on Oscar Wilde's \"The Selfish Giant\" in 1928. In her work, the artist engaged with the art movements of the 20th century, with cubism and abstraction, with the orphism founded by Robert Delaunay, whose circular forms dissolve into crystalline facets of the pictorial inventory in Beauvoir's work. The interplay of different painting styles in the pictures of the late sixties and seventies seems surprisingly topical today.<\/p>\n\n\t\t<\/div>\n\t<\/div>\n\n\t<div class=\"wpb_text_column wpb_content_element\" >\n\t\t<div class=\"wpb_wrapper\">\n\t\t\t<p>\u00a0<\/p>\n\n\t\t<\/div>\n\t<\/div>\n<\/div><\/div><div class=\"vc_tta-panel\" id=\"1551198283690-7467ce3e-5fa3\" data-vc-content=\".vc_tta-panel-body\"><div class=\"vc_tta-panel-heading\"><h4 class=\"vc_tta-panel-title\"><a href=\"#1551198283690-7467ce3e-5fa3\" data-vc-accordion data-vc-container=\".vc_tta-container\"><span class=\"vc_tta-title-text\">exhibitions<\/span><\/a><\/h4><\/div><div class=\"vc_tta-panel-body\">\n\t<div class=\"wpb_text_column wpb_content_element\" >\n\t\t<div class=\"wpb_wrapper\">\n\t\t\t<p>Exhibitions (selection)<\/p>\n<p>1935<br \/>\nGalerie de Paris, Paris<br \/>\n1936<br \/>\nBonjean Gallery, Paris<br \/>\n1942<br \/>\nNational Museum, Porto<br \/>\n1943<br \/>\nHouse of Propaganda National, Lisbon<br \/>\n1945<br \/>\nJeanne Castel Gallery, Paris<br \/>\n1948<br \/>\nGalerie Brateau, Paris<br \/>\n1951<br \/>\nGallery 55: H. de Beauvoir au Maroc, Paris<br \/>\n1952<br \/>\nLibrairie-Galerie Le Fanal, Paris<br \/>\n1953<br \/>\nBergamini Gallery, Milan<br \/>\nBussola Gallery: Les Mondines, Turin<br \/>\n1955<br \/>\n\"Les Mondines\", Galerie Greuze and Galerie Millione, Paris<br \/>\nGalleria del Miliene, Milan<br \/>\n1956<br \/>\nGreuze Gallery, Paris<br \/>\n1957<br \/>\nGallery Synth\u00e8se, Paris<br \/>\nGallery Millione, Milan<br \/>\nGallery Numero; Florence<br \/>\nGalleria del Cavallino; Venice<br \/>\nKunstkabinett Wirnitzer, Berlin<br \/>\nInstitute Fran\u00e7ais, Mainz<br \/>\n1960<br \/>\nGallery Synth\u00e8se, Paris<br \/>\nMus\u00e9e d'Art Moderne, Paris<br \/>\n1961<br \/>\nKunstkabinett Hanna Bekker vom Rath, Frankfurt am Main<br \/>\n1963<br \/>\nVariations sur Venice, Galerie Synthese, Paris<br \/>\n1967<br \/>\nImages, Galerie Nouvelles, The Hague<br \/>\nKieffer Gallery, Paris<br \/>\nMus\u00e9e d'Art Moderne, Paris<br \/>\nTandwerlin Gallery, Strasbourg<br \/>\n1968<br \/>\nEinaudi Gallery, Milan<br \/>\nGallery Die Insel, Hamburg<br \/>\nNanteshi Gallery, Tokyo<br \/>\n1969<br \/>\nLe joli mois de mai, Winter Garden of the Moulin Rouge, Paris<br \/>\nStudio Hermes, Rome<br \/>\n1970<br \/>\nNanteshi Gallery, Tokyo<br \/>\n1971<br \/>\nSalon 71 of the Ward Nasse Gallery, Boston<br \/>\nGallery Die Treppe, Lahr<br \/>\nNew Side Art Gallery, Amsterdam<br \/>\n1972<br \/>\nSalon of the Ward Nasse Gallery, New York<br \/>\nGallery Die Treppe, Lahr<br \/>\nGallery Magdalena Sothmann, Amsterdam<br \/>\nGallery \"Delle Imagine Nuove\", Milan<br \/>\n1973<br \/>\nSalon of the Ward Nasse Gallery; New York<br \/>\nH\u00e8rmes Gallery, Rome<br \/>\nGallery Magdalena Sothmann, Amsterdam<br \/>\n1974<br \/>\nWard Nasse Gallery, New York<br \/>\nGallery Montjoie, Brussels<br \/>\n1975<br \/>\nRetrospective, Palais de la Culture, Brest<br \/>\n1976<br \/>\nMus\u00e9e d'Art Moderne, Lausanne<br \/>\nWard Nasse Lincoln, New York<br \/>\n1977<br \/>\nParis, Galerie des Futurs, Paris<br \/>\nWard Nasse Gallery, New York<br \/>\n1978<br \/>\nGalerie des Futurs, Paris<br \/>\n1979<br \/>\nWard Nasse Gallery, New York<br \/>\n1980<br \/>\nWard Nasse Gallery, New York<br \/>\n1981<br \/>\nInstituto Italiano: M\u00e9ditations sur Venise, Strasbourg<br \/>\n1982<br \/>\nGallery La Passerelle, Paris<br \/>\n1983<br \/>\nHammer Gallery, Weiden<br \/>\nCallart Gallery, Geneva<br \/>\n1984<br \/>\nCalart Gallery, Geneva<br \/>\nFalsted Gallery, Copenhagen<br \/>\nGaleria d'Arte, Arcola<br \/>\n1985<br \/>\nCenter Audiovisuel, Paris<br \/>\n1986<br \/>\nMinistry of Women's Rights, Paris<br \/>\nMus\u00e9e d'Art Moderne, Lausanne<br \/>\nUniversity of San Francisco, San Francisco<br \/>\nGallery Pospieszczyik and Gallery Hammer, Regensburg<br \/>\n1987<br \/>\nToninelli Gallery, Madrid<br \/>\n1988<br \/>\nWard Nasse Gallery, New York<br \/>\n1989<br \/>\nGaler\u00eda de Arte Orfila, Madrid<br \/>\n1990<br \/>\nHammer Gallery, Regensburg<br \/>\n1991<br \/>\nInstitut Fran\u00e7ais, Paris<br \/>\nInstitut Fran\u00e7ais, Brussels<br \/>\n1993<br \/>\nPre Saint Gilles, Brussels<br \/>\nHammer Gallery, Regensburg<br \/>\nSaint-Gilles Town Hall, Brussels<br \/>\n1994<br \/>\nFrench Cultural Institute, Munich<br \/>\nHammer Gallery, Regensburg<br \/>\nGallery La fourmi ail\u00e9e, Paris<br \/>\n1995<br \/>\nGallery MAECENAS, Pilsen<br \/>\n1996<br \/>\nCenter Culturel Calouse Gulbenkian, Paris<br \/>\n2001<br \/>\nGallery Chantal Kenzey, Paris<br \/>\n2002<br \/>\nMuseum Lapidar Infante D. Henrique, Faro<br \/>\n2004<br \/>\nHammer Gallery, Regensburg<br \/>\n2005<br \/>\nUniversity, Galeria de Exposi\u00e7\u00f5es da Livraria, Aveiro<br \/>\nHammer Gallery, Regensburg<br \/>\nHotel del Ville, Goxwiller<br \/>\n2006<br \/>\nUniversity, Galeria de Exposi\u00e7\u00f5es da Livraria, Aveiro<br \/>\n2007<br \/>\nMunicipal Gallery, Erlangen<br \/>\n2008<br \/>\nPheasant Gallery, Berlin<br \/>\nGallery Il Quadro, Aachen<br \/>\nGallery Saby Lazi, Stuttgart<br \/>\nH\u00f4tel du Departement, Strasbourg<br \/>\n2009<br \/>\nKunstkabinett Hanna Bekker vom Rath, Frankfurt am Main<br \/>\n2010<br \/>\nHammer Gallery, Regensburg<br \/>\n2011<br \/>\nHoly Spirit House, Nuremberg<br \/>\n2012<br \/>\nUniversity, Aveiro<br \/>\nHumanist Library, Selestat<br \/>\nTown hall, Goxwiller<br \/>\n2013<br \/>\nHammer Gallery, Regensburg<br \/>\n2014<br \/>\nINSTITUT FRAN\u00c7AIS, Munich<br \/>\n2018<br \/>\nW\u00fcrth Art, Erstein<\/p>\n\n\t\t<\/div>\n\t<\/div>\n<\/div><\/div><\/div><\/div><\/div><\/div><\/div><\/div><\/div><\/div>\n<\/div>","protected":false},"excerpt":{"rendered":"<p>H\u00c9L\u00c8NE DE BEAUVOIRWorksBiographyExhibitionsWorks Bird over lake, 50 x 33 cm, copperplate engraving, 4\/5 Triangles, 38 x 57 cm, copperplate engraving, 2\/30 Birds over lake, 33 x 50 cm, copperplate engraving, 4\/5 Aqua (Italy, Trebiano), 1956, watercolor, 34 x 48 cm Mountains with summit crosses, 38 x 56 cm, copperplate engraving, 5\/5 Biography As early as 1961, Hanna Bekker vom Rath...<\/p>","protected":false},"author":1,"featured_media":0,"comment_status":"closed","ping_status":"closed","sticky":false,"template":"","format":"standard","meta":{"footnotes":""},"categories":[1,22],"tags":[],"class_list":["post-2373","post","type-post","status-publish","format-standard","hentry","category-allgemein","category-kuenstler","category-1","category-22","description-off"],"yoast_head":"<!-- This site is optimized with the Yoast SEO plugin v27.5 - https:\/\/yoast.com\/product\/yoast-seo-wordpress\/ -->\n<title>H\u00e9l\u00e8ne de Beauvoir - Galerie Hanna Bekker vom Rath<\/title>\n<meta name=\"description\" content=\"GALERIE HANNA BEKKER VOM RATH, Braubachstra\u00dfe 12, Frankfurt am Main. Die Galerie zeigt neben klassischer Moderne in der Tradition Hanna Bekker vom Raths auch immer wieder Werke aus interessanten Nachl\u00e4ssen von K\u00fcnstlern.\" \/>\n<meta name=\"robots\" content=\"index, follow, max-snippet:-1, max-image-preview:large, max-video-preview:-1\" \/>\n<link rel=\"canonical\" href=\"https:\/\/www.galeriehannabekkervomrath.de\/en\/helene-de-beauvoir\/\" \/>\n<meta property=\"og:locale\" content=\"en_US\" \/>\n<meta property=\"og:type\" content=\"article\" \/>\n<meta property=\"og:title\" content=\"H\u00e9l\u00e8ne de Beauvoir - Galerie Hanna Bekker vom Rath\" \/>\n<meta property=\"og:description\" content=\"GALERIE HANNA BEKKER VOM RATH, Braubachstra\u00dfe 12, Frankfurt am Main. Die Galerie zeigt neben klassischer Moderne in der Tradition Hanna Bekker vom Raths auch immer wieder Werke aus interessanten Nachl\u00e4ssen von K\u00fcnstlern.\" \/>\n<meta property=\"og:url\" content=\"https:\/\/www.galeriehannabekkervomrath.de\/en\/helene-de-beauvoir\/\" \/>\n<meta property=\"og:site_name\" content=\"Galerie Hanna Bekker vom Rath\" \/>\n<meta property=\"article:publisher\" content=\"https:\/\/www.facebook.com\/galeriehannabekkervomrath\/\" \/>\n<meta property=\"article:published_time\" content=\"2019-02-27T18:45:27+00:00\" \/>\n<meta property=\"article:modified_time\" content=\"2025-09-27T19:28:30+00:00\" \/>\n<meta name=\"author\" content=\"HBVR\" \/>\n<meta name=\"twitter:card\" content=\"summary_large_image\" \/>\n<meta name=\"twitter:label1\" content=\"Written by\" \/>\n\t<meta name=\"twitter:data1\" content=\"HBVR\" \/>\n\t<meta name=\"twitter:label2\" content=\"Est. reading time\" \/>\n\t<meta name=\"twitter:data2\" content=\"6 minutes\" \/>\n<script type=\"application\/ld+json\" class=\"yoast-schema-graph\">{\"@context\":\"https:\\\/\\\/schema.org\",\"@graph\":[{\"@type\":\"WebPage\",\"@id\":\"https:\\\/\\\/www.galeriehannabekkervomrath.de\\\/helene-de-beauvoir\\\/\",\"url\":\"https:\\\/\\\/www.galeriehannabekkervomrath.de\\\/helene-de-beauvoir\\\/\",\"name\":\"H\u00e9l\u00e8ne de Beauvoir - Galerie Hanna Bekker vom Rath\",\"isPartOf\":{\"@id\":\"https:\\\/\\\/www.galeriehannabekkervomrath.de\\\/#website\"},\"datePublished\":\"2019-02-27T18:45:27+00:00\",\"dateModified\":\"2025-09-27T19:28:30+00:00\",\"description\":\"GALERIE HANNA BEKKER VOM RATH, Braubachstra\u00dfe 12, Frankfurt am Main. Die Galerie zeigt neben klassischer Moderne in der Tradition Hanna Bekker vom Raths auch immer wieder Werke aus interessanten Nachl\u00e4ssen von K\u00fcnstlern.\",\"breadcrumb\":{\"@id\":\"https:\\\/\\\/www.galeriehannabekkervomrath.de\\\/helene-de-beauvoir\\\/#breadcrumb\"},\"inLanguage\":\"en-US\",\"potentialAction\":[{\"@type\":\"ReadAction\",\"target\":[\"https:\\\/\\\/www.galeriehannabekkervomrath.de\\\/helene-de-beauvoir\\\/\"]}]},{\"@type\":\"BreadcrumbList\",\"@id\":\"https:\\\/\\\/www.galeriehannabekkervomrath.de\\\/helene-de-beauvoir\\\/#breadcrumb\",\"itemListElement\":[{\"@type\":\"ListItem\",\"position\":1,\"name\":\"Startseite\",\"item\":\"https:\\\/\\\/www.galeriehannabekkervomrath.de\\\/\"},{\"@type\":\"ListItem\",\"position\":2,\"name\":\"H\u00e9l\u00e8ne de Beauvoir\"}]},{\"@type\":\"WebSite\",\"@id\":\"https:\\\/\\\/www.galeriehannabekkervomrath.de\\\/#website\",\"url\":\"https:\\\/\\\/www.galeriehannabekkervomrath.de\\\/\",\"name\":\"Galerie Hanna Bekker vom Rath\",\"description\":\"Frankfurt am Main\",\"publisher\":{\"@id\":\"https:\\\/\\\/www.galeriehannabekkervomrath.de\\\/#organization\"},\"potentialAction\":[{\"@type\":\"SearchAction\",\"target\":{\"@type\":\"EntryPoint\",\"urlTemplate\":\"https:\\\/\\\/www.galeriehannabekkervomrath.de\\\/?s={search_term_string}\"},\"query-input\":{\"@type\":\"PropertyValueSpecification\",\"valueRequired\":true,\"valueName\":\"search_term_string\"}}],\"inLanguage\":\"en-US\"},{\"@type\":\"Organization\",\"@id\":\"https:\\\/\\\/www.galeriehannabekkervomrath.de\\\/#organization\",\"name\":\"Galerie Hanna Bekker vom Rath\",\"url\":\"https:\\\/\\\/www.galeriehannabekkervomrath.de\\\/\",\"logo\":{\"@type\":\"ImageObject\",\"inLanguage\":\"en-US\",\"@id\":\"https:\\\/\\\/www.galeriehannabekkervomrath.de\\\/#\\\/schema\\\/logo\\\/image\\\/\",\"url\":\"https:\\\/\\\/www.galeriehannabekkervomrath.de\\\/wp-content\\\/uploads\\\/ghbvr_icon.jpg\",\"contentUrl\":\"https:\\\/\\\/www.galeriehannabekkervomrath.de\\\/wp-content\\\/uploads\\\/ghbvr_icon.jpg\",\"width\":512,\"height\":512,\"caption\":\"Galerie Hanna Bekker vom Rath\"},\"image\":{\"@id\":\"https:\\\/\\\/www.galeriehannabekkervomrath.de\\\/#\\\/schema\\\/logo\\\/image\\\/\"},\"sameAs\":[\"https:\\\/\\\/www.facebook.com\\\/galeriehannabekkervomrath\\\/\",\"https:\\\/\\\/www.instagram.com\\\/galeriehbvr\\\/\"]}]}<\/script>\n<!-- \/ Yoast SEO plugin. -->","yoast_head_json":{"title":"H\u00e9l\u00e8ne de Beauvoir - Galerie Hanna Bekker vom Rath","description":"GALERIE HANNA BEKKER VOM RATH, Braubachstra\u00dfe 12, Frankfurt am Main. In addition to classic modern art in the tradition of Hanna Bekker vom Rath, the gallery also regularly shows works from interesting artists' estates.","robots":{"index":"index","follow":"follow","max-snippet":"max-snippet:-1","max-image-preview":"max-image-preview:large","max-video-preview":"max-video-preview:-1"},"canonical":"https:\/\/www.galeriehannabekkervomrath.de\/en\/helene-de-beauvoir\/","og_locale":"en_US","og_type":"article","og_title":"H\u00e9l\u00e8ne de Beauvoir - Galerie Hanna Bekker vom Rath","og_description":"GALERIE HANNA BEKKER VOM RATH, Braubachstra\u00dfe 12, Frankfurt am Main. Die Galerie zeigt neben klassischer Moderne in der Tradition Hanna Bekker vom Raths auch immer wieder Werke aus interessanten Nachl\u00e4ssen von K\u00fcnstlern.","og_url":"https:\/\/www.galeriehannabekkervomrath.de\/en\/helene-de-beauvoir\/","og_site_name":"Galerie Hanna Bekker vom Rath","article_publisher":"https:\/\/www.facebook.com\/galeriehannabekkervomrath\/","article_published_time":"2019-02-27T18:45:27+00:00","article_modified_time":"2025-09-27T19:28:30+00:00","author":"HBVR","twitter_card":"summary_large_image","twitter_misc":{"Written by":"HBVR","Est. reading time":"6 minutes"},"schema":{"@context":"https:\/\/schema.org","@graph":[{"@type":"WebPage","@id":"https:\/\/www.galeriehannabekkervomrath.de\/helene-de-beauvoir\/","url":"https:\/\/www.galeriehannabekkervomrath.de\/helene-de-beauvoir\/","name":"H\u00e9l\u00e8ne de Beauvoir - Galerie Hanna Bekker vom Rath","isPartOf":{"@id":"https:\/\/www.galeriehannabekkervomrath.de\/#website"},"datePublished":"2019-02-27T18:45:27+00:00","dateModified":"2025-09-27T19:28:30+00:00","description":"GALERIE HANNA BEKKER VOM RATH, Braubachstra\u00dfe 12, Frankfurt am Main. In addition to classic modern art in the tradition of Hanna Bekker vom Rath, the gallery also regularly shows works from interesting artists' estates.","breadcrumb":{"@id":"https:\/\/www.galeriehannabekkervomrath.de\/helene-de-beauvoir\/#breadcrumb"},"inLanguage":"en-US","potentialAction":[{"@type":"ReadAction","target":["https:\/\/www.galeriehannabekkervomrath.de\/helene-de-beauvoir\/"]}]},{"@type":"BreadcrumbList","@id":"https:\/\/www.galeriehannabekkervomrath.de\/helene-de-beauvoir\/#breadcrumb","itemListElement":[{"@type":"ListItem","position":1,"name":"Startseite","item":"https:\/\/www.galeriehannabekkervomrath.de\/"},{"@type":"ListItem","position":2,"name":"H\u00e9l\u00e8ne de Beauvoir"}]},{"@type":"WebSite","@id":"https:\/\/www.galeriehannabekkervomrath.de\/#website","url":"https:\/\/www.galeriehannabekkervomrath.de\/","name":"Gallery Hanna Bekker vom Rath","description":"Frankfurt am Main","publisher":{"@id":"https:\/\/www.galeriehannabekkervomrath.de\/#organization"},"potentialAction":[{"@type":"SearchAction","target":{"@type":"EntryPoint","urlTemplate":"https:\/\/www.galeriehannabekkervomrath.de\/?s={search_term_string}"},"query-input":{"@type":"PropertyValueSpecification","valueRequired":true,"valueName":"search_term_string"}}],"inLanguage":"en-US"},{"@type":"Organization","@id":"https:\/\/www.galeriehannabekkervomrath.de\/#organization","name":"Gallery Hanna Bekker vom Rath","url":"https:\/\/www.galeriehannabekkervomrath.de\/","logo":{"@type":"ImageObject","inLanguage":"en-US","@id":"https:\/\/www.galeriehannabekkervomrath.de\/#\/schema\/logo\/image\/","url":"https:\/\/www.galeriehannabekkervomrath.de\/wp-content\/uploads\/ghbvr_icon.jpg","contentUrl":"https:\/\/www.galeriehannabekkervomrath.de\/wp-content\/uploads\/ghbvr_icon.jpg","width":512,"height":512,"caption":"Galerie Hanna Bekker vom Rath"},"image":{"@id":"https:\/\/www.galeriehannabekkervomrath.de\/#\/schema\/logo\/image\/"},"sameAs":["https:\/\/www.facebook.com\/galeriehannabekkervomrath\/","https:\/\/www.instagram.com\/galeriehbvr\/"]}]}},"_links":{"self":[{"href":"https:\/\/www.galeriehannabekkervomrath.de\/en\/wp-json\/wp\/v2\/posts\/2373","targetHints":{"allow":["GET"]}}],"collection":[{"href":"https:\/\/www.galeriehannabekkervomrath.de\/en\/wp-json\/wp\/v2\/posts"}],"about":[{"href":"https:\/\/www.galeriehannabekkervomrath.de\/en\/wp-json\/wp\/v2\/types\/post"}],"author":[{"embeddable":true,"href":"https:\/\/www.galeriehannabekkervomrath.de\/en\/wp-json\/wp\/v2\/users\/1"}],"replies":[{"embeddable":true,"href":"https:\/\/www.galeriehannabekkervomrath.de\/en\/wp-json\/wp\/v2\/comments?post=2373"}],"version-history":[{"count":8,"href":"https:\/\/www.galeriehannabekkervomrath.de\/en\/wp-json\/wp\/v2\/posts\/2373\/revisions"}],"predecessor-version":[{"id":7007,"href":"https:\/\/www.galeriehannabekkervomrath.de\/en\/wp-json\/wp\/v2\/posts\/2373\/revisions\/7007"}],"wp:attachment":[{"href":"https:\/\/www.galeriehannabekkervomrath.de\/en\/wp-json\/wp\/v2\/media?parent=2373"}],"wp:term":[{"taxonomy":"category","embeddable":true,"href":"https:\/\/www.galeriehannabekkervomrath.de\/en\/wp-json\/wp\/v2\/categories?post=2373"},{"taxonomy":"post_tag","embeddable":true,"href":"https:\/\/www.galeriehannabekkervomrath.de\/en\/wp-json\/wp\/v2\/tags?post=2373"}],"curies":[{"name":"wp","href":"https:\/\/api.w.org\/{rel}","templated":true}]}}