{"id":5471,"date":"2022-11-26T12:24:03","date_gmt":"2022-11-26T11:24:03","guid":{"rendered":"https:\/\/www.galeriehannabekkervomrath.de\/?p=5471"},"modified":"2025-05-21T13:18:23","modified_gmt":"2025-05-21T11:18:23","slug":"alexander-von-falkenhausen","status":"publish","type":"post","link":"https:\/\/www.galeriehannabekkervomrath.de\/en\/alexander-von-falkenhausen\/","title":{"rendered":"Alexander von Falkenhausen"},"content":{"rendered":"<div class=\"wpb-content-wrapper\"><div class=\"vc_row wpb_row vc_row-fluid dt-default\" style=\"margin-top: 0px;margin-bottom: 0px\"><div class=\"wpb_column vc_column_container vc_col-sm-12\"><div class=\"vc_column-inner\"><div class=\"wpb_wrapper\"><div class=\"vc_tta-container\" data-vc-action=\"collapse\"><h2>ALEXANDER VON FALKENHAUSEN<\/h2><div class=\"vc_general vc_tta vc_tta-tabs vc_tta-color-white vc_tta-style-flat vc_tta-shape-square vc_tta-spacing-1 vc_tta-o-no-fill vc_tta-tabs-position-top vc_tta-controls-align-left vc_custom_1669462175303\"><div class=\"vc_tta-tabs-container\"><ul class=\"vc_tta-tabs-list\" role=\"tablist\"><li class=\"vc_tta-tab vc_active\" data-vc-tab role=\"presentation\"><a href=\"#1543913696353-02356048-5724bcb2-4426\" data-vc-tabs data-vc-container=\".vc_tta\" role=\"tab\" aria-selected=\"false\" id=\"tab-1543913696353-02356048-5724bcb2-4426\"><span class=\"vc_tta-title-text\">works<\/span><\/a><\/li><li class=\"vc_tta-tab\" data-vc-tab role=\"presentation\"><a href=\"#1543913696482-38b43962-0ba7bcb2-4426\" data-vc-tabs data-vc-container=\".vc_tta\" role=\"tab\" aria-selected=\"false\" id=\"tab-1543913696482-38b43962-0ba7bcb2-4426\"><span class=\"vc_tta-title-text\">biography<\/span><\/a><\/li><li class=\"vc_tta-tab\" data-vc-tab role=\"presentation\"><a href=\"#1639221144501-e75e10e4-a22e\" data-vc-tabs data-vc-container=\".vc_tta\" role=\"tab\" aria-selected=\"false\" id=\"tab-1639221144501-e75e10e4-a22e\"><span class=\"vc_tta-title-text\">List of exhibitions<\/span><\/a><\/li><\/ul><\/div><div class=\"vc_tta-panels-container\"><div class=\"vc_tta-panels\"><div class=\"vc_tta-panel vc_active\" id=\"1543913696353-02356048-5724bcb2-4426\" data-vc-content=\".vc_tta-panel-body\"><div class=\"vc_tta-panel-heading\"><h4 class=\"vc_tta-panel-title\"><a href=\"#1543913696353-02356048-5724bcb2-4426\" data-vc-accordion data-vc-container=\".vc_tta-container\"><span class=\"vc_tta-title-text\">works<\/span><\/a><\/h4><\/div><div class=\"vc_tta-panel-body\">\n\t<div class=\"wpb_text_column wpb_content_element\" >\n\t\t<div class=\"wpb_wrapper\">\n\t\t\t<h4>To the artist's website: <a href=\"https:\/\/fountainstudies.com\/\"><strong>FOUNTAIN STUDIES<\/strong><\/a><\/h4>\n\n\t\t<\/div>\n\t<\/div>\n<div class=\"vc_row wpb_row vc_inner vc_row-fluid\"><div class=\"wpb_column vc_column_container vc_col-sm-4\"><div class=\"vc_column-inner\"><div class=\"wpb_wrapper\">\n\t<div  class=\"wpb_single_image wpb_content_element vc_align_left\">\n\t\t\n\t\t<figure class=\"wpb_wrapper vc_figure\">\n\t\t\t<a href=\"https:\/\/www.galeriehannabekkervomrath.de\/wp-content\/uploads\/image4-scaled.jpeg\" target=\"_self\" data-large_image_width=\"1200\" data-large_image_height=\"1642\"  class=\"vc_single_image-wrapper   vc_box_border_grey dt-pswp-item rollover rollover-zoom\"   ><img loading=\"lazy\" decoding=\"async\" width=\"292\" height=\"400\" src=\"https:\/\/www.galeriehannabekkervomrath.de\/wp-content\/uploads\/image4-292x400.jpeg\" class=\"vc_single_image-img attachment-medium\" alt=\"\" title=\"image4\" srcset=\"https:\/\/www.galeriehannabekkervomrath.de\/wp-content\/uploads\/image4-292x400.jpeg 292w, https:\/\/www.galeriehannabekkervomrath.de\/wp-content\/uploads\/image4-804x1100.jpeg 804w, https:\/\/www.galeriehannabekkervomrath.de\/wp-content\/uploads\/image4-110x150.jpeg 110w, https:\/\/www.galeriehannabekkervomrath.de\/wp-content\/uploads\/image4-768x1051.jpeg 768w, https:\/\/www.galeriehannabekkervomrath.de\/wp-content\/uploads\/image4-1122x1536.jpeg 1122w, https:\/\/www.galeriehannabekkervomrath.de\/wp-content\/uploads\/image4-1497x2048.jpeg 1497w, https:\/\/www.galeriehannabekkervomrath.de\/wp-content\/uploads\/image4-9x12.jpeg 9w, https:\/\/www.galeriehannabekkervomrath.de\/wp-content\/uploads\/image4-1320x1806.jpeg 1320w, https:\/\/www.galeriehannabekkervomrath.de\/wp-content\/uploads\/image4-scaled.jpeg 1200w\" sizes=\"auto, (max-width: 292px) 100vw, 292px\"  data-dt-location=\"https:\/\/www.galeriehannabekkervomrath.de\/en\/alexander-von-falkenhausen\/image4\/\" \/><\/a><figcaption class=\"vc_figure-caption\">From the series \"Hauptdarsteller\", 2022, gouache on cardboard, 29.5 x 21 cm, signed on the reverse<\/figcaption>\n\t\t<\/figure>\n\t<\/div>\n\n\t<div  class=\"wpb_single_image wpb_content_element vc_align_left\">\n\t\t\n\t\t<figure class=\"wpb_wrapper vc_figure\">\n\t\t\t<div class=\"vc_single_image-wrapper   vc_box_border_grey\"><img loading=\"lazy\" decoding=\"async\" width=\"295\" height=\"400\" src=\"https:\/\/www.galeriehannabekkervomrath.de\/wp-content\/uploads\/image6-295x400.jpeg\" class=\"vc_single_image-img attachment-medium\" alt=\"\" title=\"image6\" srcset=\"https:\/\/www.galeriehannabekkervomrath.de\/wp-content\/uploads\/image6-295x400.jpeg 295w, https:\/\/www.galeriehannabekkervomrath.de\/wp-content\/uploads\/image6-812x1100.jpeg 812w, https:\/\/www.galeriehannabekkervomrath.de\/wp-content\/uploads\/image6-111x150.jpeg 111w, https:\/\/www.galeriehannabekkervomrath.de\/wp-content\/uploads\/image6-768x1041.jpeg 768w, https:\/\/www.galeriehannabekkervomrath.de\/wp-content\/uploads\/image6-1134x1536.jpeg 1134w, https:\/\/www.galeriehannabekkervomrath.de\/wp-content\/uploads\/image6-1512x2048.jpeg 1512w, https:\/\/www.galeriehannabekkervomrath.de\/wp-content\/uploads\/image6-9x12.jpeg 9w, https:\/\/www.galeriehannabekkervomrath.de\/wp-content\/uploads\/image6-1320x1788.jpeg 1320w, https:\/\/www.galeriehannabekkervomrath.de\/wp-content\/uploads\/image6-scaled.jpeg 1200w\" sizes=\"auto, (max-width: 295px) 100vw, 295px\"  data-dt-location=\"https:\/\/www.galeriehannabekkervomrath.de\/en\/alexander-von-falkenhausen\/image6\/\" \/><\/div><figcaption class=\"vc_figure-caption\">From the series \"Hauptdarsteller\", 2022, gouache on cardboard, 29.5 x 21 cm, signed on the reverse<\/figcaption>\n\t\t<\/figure>\n\t<\/div>\n\n\t<div  class=\"wpb_single_image wpb_content_element vc_align_left\">\n\t\t\n\t\t<figure class=\"wpb_wrapper vc_figure\">\n\t\t\t<a href=\"https:\/\/www.galeriehannabekkervomrath.de\/wp-content\/uploads\/Hauptdarsteller2.jpg\" target=\"_self\" data-large_image_width=\"1165\" data-large_image_height=\"1668\"  class=\"vc_single_image-wrapper   vc_box_border_grey dt-pswp-item rollover rollover-zoom\"   ><img loading=\"lazy\" decoding=\"async\" width=\"279\" height=\"400\" src=\"https:\/\/www.galeriehannabekkervomrath.de\/wp-content\/uploads\/Hauptdarsteller2-279x400.jpg\" class=\"vc_single_image-img attachment-medium\" alt=\"\" title=\"Main actor2\" srcset=\"https:\/\/www.galeriehannabekkervomrath.de\/wp-content\/uploads\/Hauptdarsteller2-279x400.jpg 279w, https:\/\/www.galeriehannabekkervomrath.de\/wp-content\/uploads\/Hauptdarsteller2-768x1100.jpg 768w, https:\/\/www.galeriehannabekkervomrath.de\/wp-content\/uploads\/Hauptdarsteller2-105x150.jpg 105w, https:\/\/www.galeriehannabekkervomrath.de\/wp-content\/uploads\/Hauptdarsteller2-1073x1536.jpg 1073w, https:\/\/www.galeriehannabekkervomrath.de\/wp-content\/uploads\/Hauptdarsteller2-8x12.jpg 8w, https:\/\/www.galeriehannabekkervomrath.de\/wp-content\/uploads\/Hauptdarsteller2.jpg 1165w\" sizes=\"auto, (max-width: 279px) 100vw, 279px\"  data-dt-location=\"https:\/\/www.galeriehannabekkervomrath.de\/en\/alexander-von-falkenhausen\/hauptdarsteller2\/\" \/><\/a><figcaption class=\"vc_figure-caption\">From the series \"Hauptdarsteller\", 2022, gouache on paper, 29.7 x 21 cm, signed on the reverse<\/figcaption>\n\t\t<\/figure>\n\t<\/div>\n\n\t<div  class=\"wpb_single_image wpb_content_element vc_align_left\">\n\t\t\n\t\t<figure class=\"wpb_wrapper vc_figure\">\n\t\t\t<a href=\"https:\/\/www.galeriehannabekkervomrath.de\/wp-content\/uploads\/img005-scaled.jpg\" target=\"_self\" data-large_image_width=\"1200\" data-large_image_height=\"1695\"  class=\"vc_single_image-wrapper   vc_box_border_grey dt-pswp-item rollover rollover-zoom\"   ><img loading=\"lazy\" decoding=\"async\" width=\"283\" height=\"400\" src=\"https:\/\/www.galeriehannabekkervomrath.de\/wp-content\/uploads\/img005-283x400.jpg\" class=\"vc_single_image-img attachment-medium\" alt=\"\" title=\"img005\" srcset=\"https:\/\/www.galeriehannabekkervomrath.de\/wp-content\/uploads\/img005-283x400.jpg 283w, https:\/\/www.galeriehannabekkervomrath.de\/wp-content\/uploads\/img005-778x1100.jpg 778w, https:\/\/www.galeriehannabekkervomrath.de\/wp-content\/uploads\/img005-106x150.jpg 106w, https:\/\/www.galeriehannabekkervomrath.de\/wp-content\/uploads\/img005-768x1085.jpg 768w, https:\/\/www.galeriehannabekkervomrath.de\/wp-content\/uploads\/img005-1087x1536.jpg 1087w, https:\/\/www.galeriehannabekkervomrath.de\/wp-content\/uploads\/img005-1449x2048.jpg 1449w, https:\/\/www.galeriehannabekkervomrath.de\/wp-content\/uploads\/img005-8x12.jpg 8w, https:\/\/www.galeriehannabekkervomrath.de\/wp-content\/uploads\/img005-1320x1865.jpg 1320w, https:\/\/www.galeriehannabekkervomrath.de\/wp-content\/uploads\/img005-scaled.jpg 1200w\" sizes=\"auto, (max-width: 283px) 100vw, 283px\"  data-dt-location=\"https:\/\/www.galeriehannabekkervomrath.de\/en\/alexander-von-falkenhausen\/img005\/\" \/><\/a><figcaption class=\"vc_figure-caption\">From the series \"Hauptdarsteller\", 2022, acrylic on stretched wooden frame, 30 x 40 cm, signed on the back<\/figcaption>\n\t\t<\/figure>\n\t<\/div>\n<\/div><\/div><\/div><div class=\"wpb_column vc_column_container vc_col-sm-4\"><div class=\"vc_column-inner\"><div class=\"wpb_wrapper\">\n\t<div  class=\"wpb_single_image wpb_content_element vc_align_left\">\n\t\t\n\t\t<figure class=\"wpb_wrapper vc_figure\">\n\t\t\t<a href=\"https:\/\/www.galeriehannabekkervomrath.de\/wp-content\/uploads\/image3-scaled.jpeg\" target=\"_self\" data-large_image_width=\"1200\" data-large_image_height=\"1613\"  class=\"vc_single_image-wrapper   vc_box_border_grey dt-pswp-item rollover rollover-zoom\"   ><img loading=\"lazy\" decoding=\"async\" width=\"298\" height=\"400\" src=\"https:\/\/www.galeriehannabekkervomrath.de\/wp-content\/uploads\/image3-298x400.jpeg\" class=\"vc_single_image-img attachment-medium\" alt=\"\" title=\"image3\" srcset=\"https:\/\/www.galeriehannabekkervomrath.de\/wp-content\/uploads\/image3-298x400.jpeg 298w, https:\/\/www.galeriehannabekkervomrath.de\/wp-content\/uploads\/image3-818x1100.jpeg 818w, https:\/\/www.galeriehannabekkervomrath.de\/wp-content\/uploads\/image3-112x150.jpeg 112w, https:\/\/www.galeriehannabekkervomrath.de\/wp-content\/uploads\/image3-768x1032.jpeg 768w, https:\/\/www.galeriehannabekkervomrath.de\/wp-content\/uploads\/image3-1143x1536.jpeg 1143w, https:\/\/www.galeriehannabekkervomrath.de\/wp-content\/uploads\/image3-1524x2048.jpeg 1524w, https:\/\/www.galeriehannabekkervomrath.de\/wp-content\/uploads\/image3-9x12.jpeg 9w, https:\/\/www.galeriehannabekkervomrath.de\/wp-content\/uploads\/image3-1320x1774.jpeg 1320w, https:\/\/www.galeriehannabekkervomrath.de\/wp-content\/uploads\/image3-scaled.jpeg 1200w\" sizes=\"auto, (max-width: 298px) 100vw, 298px\"  data-dt-location=\"https:\/\/www.galeriehannabekkervomrath.de\/en\/alexander-von-falkenhausen\/image3\/\" \/><\/a><figcaption class=\"vc_figure-caption\">From the series \"Hauptdarsteller\", 2022, gouache on cardboard, 29.5 x 21 cm, signed on the reverse<\/figcaption>\n\t\t<\/figure>\n\t<\/div>\n\n\t<div  class=\"wpb_single_image wpb_content_element vc_align_left\">\n\t\t\n\t\t<figure class=\"wpb_wrapper vc_figure\">\n\t\t\t<a href=\"https:\/\/www.galeriehannabekkervomrath.de\/wp-content\/uploads\/image5-scaled.jpeg\" target=\"_self\" data-large_image_width=\"1200\" data-large_image_height=\"1606\"  class=\"vc_single_image-wrapper   vc_box_border_grey dt-pswp-item rollover rollover-zoom\"   ><img loading=\"lazy\" decoding=\"async\" width=\"299\" height=\"400\" src=\"https:\/\/www.galeriehannabekkervomrath.de\/wp-content\/uploads\/image5-299x400.jpeg\" class=\"vc_single_image-img attachment-medium\" alt=\"\" title=\"image5\" srcset=\"https:\/\/www.galeriehannabekkervomrath.de\/wp-content\/uploads\/image5-299x400.jpeg 299w, https:\/\/www.galeriehannabekkervomrath.de\/wp-content\/uploads\/image5-822x1100.jpeg 822w, https:\/\/www.galeriehannabekkervomrath.de\/wp-content\/uploads\/image5-112x150.jpeg 112w, https:\/\/www.galeriehannabekkervomrath.de\/wp-content\/uploads\/image5-768x1028.jpeg 768w, https:\/\/www.galeriehannabekkervomrath.de\/wp-content\/uploads\/image5-1148x1536.jpeg 1148w, https:\/\/www.galeriehannabekkervomrath.de\/wp-content\/uploads\/image5-1530x2048.jpeg 1530w, https:\/\/www.galeriehannabekkervomrath.de\/wp-content\/uploads\/image5-9x12.jpeg 9w, https:\/\/www.galeriehannabekkervomrath.de\/wp-content\/uploads\/image5-1320x1766.jpeg 1320w, https:\/\/www.galeriehannabekkervomrath.de\/wp-content\/uploads\/image5-scaled.jpeg 1200w\" sizes=\"auto, (max-width: 299px) 100vw, 299px\"  data-dt-location=\"https:\/\/www.galeriehannabekkervomrath.de\/en\/alexander-von-falkenhausen\/image5\/\" \/><\/a><figcaption class=\"vc_figure-caption\">From the series \"Hauptdarsteller\", 2022, gouache on cardboard, 29.5 x 21 cm, signed on the reverse<\/figcaption>\n\t\t<\/figure>\n\t<\/div>\n\n\t<div  class=\"wpb_single_image wpb_content_element vc_align_left\">\n\t\t\n\t\t<figure class=\"wpb_wrapper vc_figure\">\n\t\t\t<a href=\"https:\/\/www.galeriehannabekkervomrath.de\/wp-content\/uploads\/Hauptdarsteller3.jpg\" target=\"_self\" data-large_image_width=\"1164\" data-large_image_height=\"1680\"  class=\"vc_single_image-wrapper   vc_box_border_grey dt-pswp-item rollover rollover-zoom\"   ><img loading=\"lazy\" decoding=\"async\" width=\"277\" height=\"400\" src=\"https:\/\/www.galeriehannabekkervomrath.de\/wp-content\/uploads\/Hauptdarsteller3-277x400.jpg\" class=\"vc_single_image-img attachment-medium\" alt=\"\" title=\"Main actor3\" srcset=\"https:\/\/www.galeriehannabekkervomrath.de\/wp-content\/uploads\/Hauptdarsteller3-277x400.jpg 277w, https:\/\/www.galeriehannabekkervomrath.de\/wp-content\/uploads\/Hauptdarsteller3-762x1100.jpg 762w, https:\/\/www.galeriehannabekkervomrath.de\/wp-content\/uploads\/Hauptdarsteller3-104x150.jpg 104w, https:\/\/www.galeriehannabekkervomrath.de\/wp-content\/uploads\/Hauptdarsteller3-768x1108.jpg 768w, https:\/\/www.galeriehannabekkervomrath.de\/wp-content\/uploads\/Hauptdarsteller3-1064x1536.jpg 1064w, https:\/\/www.galeriehannabekkervomrath.de\/wp-content\/uploads\/Hauptdarsteller3-8x12.jpg 8w, https:\/\/www.galeriehannabekkervomrath.de\/wp-content\/uploads\/Hauptdarsteller3.jpg 1164w\" sizes=\"auto, (max-width: 277px) 100vw, 277px\"  data-dt-location=\"https:\/\/www.galeriehannabekkervomrath.de\/en\/alexander-von-falkenhausen\/hauptdarsteller3\/\" \/><\/a><figcaption class=\"vc_figure-caption\">From the series \"Hauptdarsteller\", 2022, gouache on paper, 29.7 x 21 cm, signed on the reverse<\/figcaption>\n\t\t<\/figure>\n\t<\/div>\n\n\t<div  class=\"wpb_single_image wpb_content_element vc_align_left\">\n\t\t\n\t\t<figure class=\"wpb_wrapper vc_figure\">\n\t\t\t<a href=\"https:\/\/www.galeriehannabekkervomrath.de\/wp-content\/uploads\/img003-Kopie.jpg\" target=\"_self\" data-large_image_width=\"1677\" data-large_image_height=\"1200\"  class=\"vc_single_image-wrapper   vc_box_border_grey dt-pswp-item rollover rollover-zoom\"   ><img loading=\"lazy\" decoding=\"async\" width=\"400\" height=\"286\" src=\"https:\/\/www.galeriehannabekkervomrath.de\/wp-content\/uploads\/img003-Kopie-400x286.jpg\" class=\"vc_single_image-img attachment-medium\" alt=\"\" title=\"img003 - Copy\" srcset=\"https:\/\/www.galeriehannabekkervomrath.de\/wp-content\/uploads\/img003-Kopie-400x286.jpg 400w, https:\/\/www.galeriehannabekkervomrath.de\/wp-content\/uploads\/img003-Kopie-1100x787.jpg 1100w, https:\/\/www.galeriehannabekkervomrath.de\/wp-content\/uploads\/img003-Kopie-200x143.jpg 200w, https:\/\/www.galeriehannabekkervomrath.de\/wp-content\/uploads\/img003-Kopie-768x550.jpg 768w, https:\/\/www.galeriehannabekkervomrath.de\/wp-content\/uploads\/img003-Kopie-1536x1099.jpg 1536w, https:\/\/www.galeriehannabekkervomrath.de\/wp-content\/uploads\/img003-Kopie-2048x1466.jpg 2048w, https:\/\/www.galeriehannabekkervomrath.de\/wp-content\/uploads\/img003-Kopie-18x12.jpg 18w, https:\/\/www.galeriehannabekkervomrath.de\/wp-content\/uploads\/img003-Kopie-1320x945.jpg 1320w, https:\/\/www.galeriehannabekkervomrath.de\/wp-content\/uploads\/img003-Kopie.jpg 1677w\" sizes=\"auto, (max-width: 400px) 100vw, 400px\"  data-dt-location=\"https:\/\/www.galeriehannabekkervomrath.de\/en\/alexander-von-falkenhausen\/img003-kopie\/\" \/><\/a><figcaption class=\"vc_figure-caption\">From the series \"Hauptdarsteller\", 2022, acrylic on stretched wooden frame, 30 x 40 cm, signed on the back<\/figcaption>\n\t\t<\/figure>\n\t<\/div>\n<\/div><\/div><\/div><div class=\"wpb_column vc_column_container vc_col-sm-4\"><div class=\"vc_column-inner\"><div class=\"wpb_wrapper\">\n\t<div  class=\"wpb_single_image wpb_content_element vc_align_left\">\n\t\t\n\t\t<figure class=\"wpb_wrapper vc_figure\">\n\t\t\t<a href=\"https:\/\/www.galeriehannabekkervomrath.de\/wp-content\/uploads\/image0-scaled.jpeg\" target=\"_self\" data-large_image_width=\"1200\" data-large_image_height=\"1625\"  class=\"vc_single_image-wrapper   vc_box_border_grey dt-pswp-item rollover rollover-zoom\"   ><img loading=\"lazy\" decoding=\"async\" width=\"295\" height=\"400\" src=\"https:\/\/www.galeriehannabekkervomrath.de\/wp-content\/uploads\/image0-295x400.jpeg\" class=\"vc_single_image-img attachment-medium\" alt=\"\" title=\"image0\" srcset=\"https:\/\/www.galeriehannabekkervomrath.de\/wp-content\/uploads\/image0-295x400.jpeg 295w, https:\/\/www.galeriehannabekkervomrath.de\/wp-content\/uploads\/image0-812x1100.jpeg 812w, https:\/\/www.galeriehannabekkervomrath.de\/wp-content\/uploads\/image0-111x150.jpeg 111w, https:\/\/www.galeriehannabekkervomrath.de\/wp-content\/uploads\/image0-768x1040.jpeg 768w, https:\/\/www.galeriehannabekkervomrath.de\/wp-content\/uploads\/image0-1134x1536.jpeg 1134w, https:\/\/www.galeriehannabekkervomrath.de\/wp-content\/uploads\/image0-1513x2048.jpeg 1513w, https:\/\/www.galeriehannabekkervomrath.de\/wp-content\/uploads\/image0-9x12.jpeg 9w, https:\/\/www.galeriehannabekkervomrath.de\/wp-content\/uploads\/image0-1320x1787.jpeg 1320w, https:\/\/www.galeriehannabekkervomrath.de\/wp-content\/uploads\/image0-scaled.jpeg 1200w\" sizes=\"auto, (max-width: 295px) 100vw, 295px\"  data-dt-location=\"https:\/\/www.galeriehannabekkervomrath.de\/en\/alexander-von-falkenhausen\/image0\/\" \/><\/a><figcaption class=\"vc_figure-caption\">From the series \"Hauptdarsteller\", 2022, gouache on cardboard, 29.5 x 21 cm, signed on the reverse<\/figcaption>\n\t\t<\/figure>\n\t<\/div>\n\n\t<div  class=\"wpb_single_image wpb_content_element vc_align_left\">\n\t\t\n\t\t<figure class=\"wpb_wrapper vc_figure\">\n\t\t\t<a href=\"https:\/\/www.galeriehannabekkervomrath.de\/wp-content\/uploads\/Hauptdarsteller.jpg\" target=\"_self\" data-large_image_width=\"1168\" data-large_image_height=\"1680\"  class=\"vc_single_image-wrapper   vc_box_border_grey dt-pswp-item rollover rollover-zoom\"   ><img loading=\"lazy\" decoding=\"async\" width=\"278\" height=\"400\" src=\"https:\/\/www.galeriehannabekkervomrath.de\/wp-content\/uploads\/Hauptdarsteller-278x400.jpg\" class=\"vc_single_image-img attachment-medium\" alt=\"\" title=\"Leading actor\" srcset=\"https:\/\/www.galeriehannabekkervomrath.de\/wp-content\/uploads\/Hauptdarsteller-278x400.jpg 278w, https:\/\/www.galeriehannabekkervomrath.de\/wp-content\/uploads\/Hauptdarsteller-765x1100.jpg 765w, https:\/\/www.galeriehannabekkervomrath.de\/wp-content\/uploads\/Hauptdarsteller-104x150.jpg 104w, https:\/\/www.galeriehannabekkervomrath.de\/wp-content\/uploads\/Hauptdarsteller-768x1105.jpg 768w, https:\/\/www.galeriehannabekkervomrath.de\/wp-content\/uploads\/Hauptdarsteller-1068x1536.jpg 1068w, https:\/\/www.galeriehannabekkervomrath.de\/wp-content\/uploads\/Hauptdarsteller-8x12.jpg 8w, https:\/\/www.galeriehannabekkervomrath.de\/wp-content\/uploads\/Hauptdarsteller.jpg 1168w\" sizes=\"auto, (max-width: 278px) 100vw, 278px\"  data-dt-location=\"https:\/\/www.galeriehannabekkervomrath.de\/en\/alexander-von-falkenhausen\/hauptdarsteller\/\" \/><\/a><figcaption class=\"vc_figure-caption\">From the series \"Hauptdarsteller\",Untitled, gouache on paper, 29.7 x 21 cm, , signed on reverse<\/figcaption>\n\t\t<\/figure>\n\t<\/div>\n\n\t<div  class=\"wpb_single_image wpb_content_element vc_align_left\">\n\t\t\n\t\t<figure class=\"wpb_wrapper vc_figure\">\n\t\t\t<a href=\"https:\/\/www.galeriehannabekkervomrath.de\/wp-content\/uploads\/Hauptdarsteller_NEW.jpg\" target=\"_self\" data-large_image_width=\"1164\" data-large_image_height=\"1696\"  class=\"vc_single_image-wrapper   vc_box_border_grey dt-pswp-item rollover rollover-zoom\"   ><img loading=\"lazy\" decoding=\"async\" width=\"275\" height=\"400\" src=\"https:\/\/www.galeriehannabekkervomrath.de\/wp-content\/uploads\/Hauptdarsteller_NEW-275x400.jpg\" class=\"vc_single_image-img attachment-medium\" alt=\"\" title=\"Main actor_NEW\" srcset=\"https:\/\/www.galeriehannabekkervomrath.de\/wp-content\/uploads\/Hauptdarsteller_NEW-275x400.jpg 275w, https:\/\/www.galeriehannabekkervomrath.de\/wp-content\/uploads\/Hauptdarsteller_NEW-755x1100.jpg 755w, https:\/\/www.galeriehannabekkervomrath.de\/wp-content\/uploads\/Hauptdarsteller_NEW-103x150.jpg 103w, https:\/\/www.galeriehannabekkervomrath.de\/wp-content\/uploads\/Hauptdarsteller_NEW-768x1119.jpg 768w, https:\/\/www.galeriehannabekkervomrath.de\/wp-content\/uploads\/Hauptdarsteller_NEW-1054x1536.jpg 1054w, https:\/\/www.galeriehannabekkervomrath.de\/wp-content\/uploads\/Hauptdarsteller_NEW-8x12.jpg 8w, https:\/\/www.galeriehannabekkervomrath.de\/wp-content\/uploads\/Hauptdarsteller_NEW.jpg 1164w\" sizes=\"auto, (max-width: 275px) 100vw, 275px\"  data-dt-location=\"https:\/\/www.galeriehannabekkervomrath.de\/en\/alexander-von-falkenhausen\/hauptdarsteller_new\/\" \/><\/a><figcaption class=\"vc_figure-caption\">From the series \"Hauptdarsteller\", 2022, gouache on paper, 29.7 x 21 cm, signed on the reverse<\/figcaption>\n\t\t<\/figure>\n\t<\/div>\n\n\t<div  class=\"wpb_single_image wpb_content_element vc_align_left\">\n\t\t\n\t\t<figure class=\"wpb_wrapper vc_figure\">\n\t\t\t<a href=\"https:\/\/www.galeriehannabekkervomrath.de\/wp-content\/uploads\/img006-Kopie.jpg\" target=\"_self\" data-large_image_width=\"1637\" data-large_image_height=\"1200\"  class=\"vc_single_image-wrapper   vc_box_border_grey dt-pswp-item rollover rollover-zoom\"   ><img loading=\"lazy\" decoding=\"async\" width=\"400\" height=\"293\" src=\"https:\/\/www.galeriehannabekkervomrath.de\/wp-content\/uploads\/img006-Kopie-400x293.jpg\" class=\"vc_single_image-img attachment-medium\" alt=\"\" title=\"img006 - Copy\" srcset=\"https:\/\/www.galeriehannabekkervomrath.de\/wp-content\/uploads\/img006-Kopie-400x293.jpg 400w, https:\/\/www.galeriehannabekkervomrath.de\/wp-content\/uploads\/img006-Kopie-1100x806.jpg 1100w, https:\/\/www.galeriehannabekkervomrath.de\/wp-content\/uploads\/img006-Kopie-200x147.jpg 200w, https:\/\/www.galeriehannabekkervomrath.de\/wp-content\/uploads\/img006-Kopie-768x563.jpg 768w, https:\/\/www.galeriehannabekkervomrath.de\/wp-content\/uploads\/img006-Kopie-1536x1126.jpg 1536w, https:\/\/www.galeriehannabekkervomrath.de\/wp-content\/uploads\/img006-Kopie-2048x1501.jpg 2048w, https:\/\/www.galeriehannabekkervomrath.de\/wp-content\/uploads\/img006-Kopie-16x12.jpg 16w, https:\/\/www.galeriehannabekkervomrath.de\/wp-content\/uploads\/img006-Kopie-1320x968.jpg 1320w, https:\/\/www.galeriehannabekkervomrath.de\/wp-content\/uploads\/img006-Kopie.jpg 1637w\" sizes=\"auto, (max-width: 400px) 100vw, 400px\"  data-dt-location=\"https:\/\/www.galeriehannabekkervomrath.de\/en\/alexander-von-falkenhausen\/img006-kopie\/\" \/><\/a><figcaption class=\"vc_figure-caption\">From the series \"Hauptdarsteller\", 2022, acrylic on stretched wooden frame, 30 x 40 cm, signed on the back<\/figcaption>\n\t\t<\/figure>\n\t<\/div>\n<\/div><\/div><\/div><\/div><\/div><\/div><div class=\"vc_tta-panel\" id=\"1543913696482-38b43962-0ba7bcb2-4426\" data-vc-content=\".vc_tta-panel-body\"><div class=\"vc_tta-panel-heading\"><h4 class=\"vc_tta-panel-title\"><a href=\"#1543913696482-38b43962-0ba7bcb2-4426\" data-vc-accordion data-vc-container=\".vc_tta-container\"><span class=\"vc_tta-title-text\">biography<\/span><\/a><\/h4><\/div><div class=\"vc_tta-panel-body\">\n\t<div class=\"wpb_text_column wpb_content_element\" >\n\t\t<div class=\"wpb_wrapper\">\n\t\t\t<p>\"I have been photographing, drawing and painting fountains since 1994 and in 2006 I decided to concentrate almost exclusively on this subject. I also collect images of fountains: from works of art, postcards, the Internet, brochures and all other sources available to me. These serve as inspiration and models.<\/p>\n<p>I prefer to work in series and my picture for this auction is from the series \"Haupdarsteller\" (meaning, of course, the fountains). Some groups of works grow and\/or vary over the years, others come to a standstill, but I may take them up again later and continue them.<\/p>\n<p>I appreciate the motif of the fountain for many reasons: one of them is that it gets to the heart of the dependence on repetition and variation: the standing movement of a jet of water shooting up and falling down is always the same and yet constantly changing. Change as the seemingly universal constant.\"<\/p>\n<p><em>Alexander v. Falkenhausen, September 2020<\/em><\/p>\n<p>&nbsp;<\/p>\n<p><strong>Short vita<\/strong>:<br \/>\nBorn 1970 in Nuremberg.<br \/>\nLives and works in Offenbach\/Main.<\/p>\n<p><strong>1990\/1991\u00a0<\/strong><br \/>\nInternship as a photographer<br \/>\n<strong>1991-1996\u00a0<\/strong><br \/>\nStudied at the Academy of Fine Arts, Nuremberg<br \/>\n<strong>1992<\/strong><br \/>\nClass prize (Prof. G. Dollhopf)<br \/>\n<strong>1993<\/strong><br \/>\nAcademy competition (commendation)<br \/>\nArt Prize of the City of Lauf (2nd prize)<br \/>\n<strong>1995<\/strong><br \/>\nAcademy competition (commendation)<br \/>\nArt Promotion Prize of the City of Lauf (commendation)<br \/>\nMaster student with Prof. Hans Peter Reuter<br \/>\n<strong>1996<\/strong><br \/>\nArt Prize of the City of Lauf (3rd prize)<br \/>\n<strong>2008\/2009\u00a0<\/strong><br \/>\nOne-year stay in Berlin<\/p>\n\n\t\t<\/div>\n\t<\/div>\n<\/div><\/div><div class=\"vc_tta-panel\" id=\"1639221144501-e75e10e4-a22e\" data-vc-content=\".vc_tta-panel-body\"><div class=\"vc_tta-panel-heading\"><h4 class=\"vc_tta-panel-title\"><a href=\"#1639221144501-e75e10e4-a22e\" data-vc-accordion data-vc-container=\".vc_tta-container\"><span class=\"vc_tta-title-text\">List of exhibitions<\/span><\/a><\/h4><\/div><div class=\"vc_tta-panel-body\">\n\t<div class=\"wpb_text_column wpb_content_element\" >\n\t\t<div class=\"wpb_wrapper\">\n\t\t\t<p><strong>Exhibitions:<\/strong><br \/>\n<strong>1989<\/strong><br \/>\nExtreme insights - internal outlooks, Gallery 68elf, Cologne<br \/>\n<strong>1992<\/strong><br \/>\nAcademy exhibition at the LGA, Nuremberg<br \/>\n<strong>1993<\/strong><br \/>\n10 bus stops, light boxes for Nuremberg city advertising<br \/>\nDIN - Art, Interim - Interspaces for Art, Nuremberg<br \/>\n<strong>1994<\/strong><br \/>\nClass Reuter, Academy of Fine Arts, Nuremberg<br \/>\nCompany AEG Hausger\u00e4te Nuremberg<br \/>\nCityscapes - Architecture: an occasion, Kunsthaus N\u00fcrnberg<br \/>\n<strong>1995<\/strong><br \/>\nAnnual exhibition, Academy of Fine Arts, Nuremberg<br \/>\nImperial Castle Lauf an der Pegnitz<br \/>\n<strong>1996<\/strong><br \/>\nGermanic National Museum, Nuremberg<br \/>\n<strong>1997<\/strong><br \/>\nRAUS! Graduate exhibition, Academy of Fine Arts, Nuremberg<br \/>\n<strong>2001<\/strong><br \/>\nConcrete and Constructive - today, Gallery of the KSK Esslingen-N\u00fcrtingen<br \/>\n<strong>2002<\/strong><br \/>\nGallery in the Tower, Offenbach\/Main<br \/>\nCome, see, marvel, exhibition space Portikussi, Offenbach\/Main (solo exhibition)<br \/>\n<strong>2003<\/strong><br \/>\nArtvent, Artbox - Gallery of Editions, Frankfurt\/Main<br \/>\nPanel painting, Dommuseum Frankfurt\/Main (solo exhibition with catalog)<br \/>\n<strong>2004<\/strong><br \/>\nArt Frankfurt, Network Offenbach, Frankfurt\/Main<br \/>\nArt for all, Artbox, Galerie der Editionen, Frankfurt\/Main<br \/>\n<strong>2005<\/strong><br \/>\nArt Cologne, Artbox - Gallery of Editions, Cologne<br \/>\nFeldarbeit, exhibition space Fahrradhalle, Offenbach\/Main (solo exhibition with catalog)<br \/>\nArt, fair, Artbox - Gallery of Editions, Cologne<br \/>\n<strong>2006<\/strong><br \/>\nCologne Fine Art, Artbox - Gallery of Editions, Cologne<br \/>\n<strong>2007<\/strong><br \/>\nArtvent, Bernsteinzimmer Gallery, Nuremberg<br \/>\n4th Berliner Kunstsalon, Network Offenbach, Berlin<br \/>\nA salute to the Amber Room, Galerie Bernsteinzimmer, Nuremberg<br \/>\n<strong>2008<\/strong><br \/>\ntease art fair, Network Offenbach, Cologne<br \/>\n<strong>2010<\/strong><br \/>\nFountains, Gallery in the Gallus Center, Frankfurt\/Main (solo exhibition)<br \/>\nThe art of nature is the nature of art, K\u00fcnstlerverein Walkm\u00fchle, Wiesbaden (catalog)<br \/>\nSubstance, Exhibition Hall, Frankfurt\/Main<br \/>\n<strong>2011<\/strong><br \/>\nArtists helping artists, Museum of Applied Arts, Frankfurt\/Main (catalog)<br \/>\nGlashaus, AusstellungsHalle, Frankfurt\/Main (Catalog)<br \/>\nSmall formats, Galerie Martina Detterer, Frankfurt\/Main<br \/>\n<strong>2012<\/strong><br \/>\nFinally, a big group show (part III), exhibition space Hafen 2, Offenbach\/Main<br \/>\nWei\u00dfes Rauschen, Dommuseum Frankfurt\/Main, Museum Goch and Arnold Jansen Haus Goch as well as<br \/>\n<strong>2013<\/strong><br \/>\nVonderau Museum Fulda (solo exhibitions with catalog)<br \/>\nWindow, window, Kunsthaus L6, Freiburg im Breisgau<br \/>\nOil hall, Offenbach\/Main<br \/>\nDedicating far more attention to roots, Kunstverein Familie Montez, AEG Nordareal, Nuremberg<br \/>\n<strong>2014<\/strong><br \/>\nDedicating far more attention to roots, Kunstverein Familie Montez, Kunstwerk K\u00f6ln e.V.<br \/>\nroots far more attention, Kunstverein Familie Montez, Frankfurt\/Main<br \/>\n<strong>2015<\/strong><br \/>\nDrawing and Wonder II (with J\u00fcrgen Krause, Susanne Roth and Matthias Str\u00f6ckel), Kunsthaus N\u00fcrnberg (leaflet and poster)<br \/>\nSummer exhibition, Galerie Hanna Bekker vom Rath, Frankfurt\/Main<br \/>\n<strong>2016<\/strong><br \/>\nSlow down, exhibition space in the Haus der Stadtgeschichte, Offenbach\/Main (solo exhibition)<br \/>\n<strong>2017<\/strong><br \/>\nDoppelpacken, Kunstverein Familie Montez, Frankfurt am Main (together with Eun-Joo Shin), (solo exhibition)<br \/>\n<strong>2018<\/strong><br \/>\nNewly arrived, Kunstmuseum im Marstall, Schloss Neuhaus, Paderborn<br \/>\nUrban Future, Kunstvilla - Museum for Regional Art, Nuremberg<br \/>\n<strong>2019<\/strong><br \/>\nCarte blanche \u00e0 Galerie Hafemann, espace despalles, Paris<br \/>\nEverything Museum 2, Museum Goch<br \/>\nAtelier Jens Lehmann, Offenbach am Main<br \/>\nThe collection, 30 years of Werner Meyer, Kunsthalle G\u00f6ppingen<br \/>\n<strong>2020<\/strong><br \/>\nma\u00f1ana es tuya, art association ma\u00f1ana bold, Offenbach\/Main<br \/>\nLustwandel, Gallery Hanna Bekker vom Rath, Frankfurt\/Main<\/p>\n<p><strong>2021<\/strong><br \/>\nStill Alive, Deutscher K\u00fcnstlerbund, Berlin<br \/>\nWhat remains, Heidelberg Forum for Art<\/p>\n<p><strong>2022<\/strong><br \/>\nAtelier Jens Lehmann, Offenbach\/Main (catalog)<br \/>\nWindow Shopping, Galerie Hanna Becker vom Rath, Frankfurt\/Main<br \/>\nHeartwork, K21 St\u00e4ndehaus, Kunstsammlung NRW, D\u00fcsseldorf (handout)<br \/>\nanonymous art, Kunstverein Familie Montez, Frankfurt\/Main<\/p>\n<p><strong>2023<\/strong><br \/>\nLove, Kunstverein Familie Montez, Frankfurt\/Main<br \/>\nHeartwork, benefit auction at the K21 St\u00e4ndehaus, Kunstsammlung NRW, D\u00fcsseldorf (handout)<br \/>\nAnonymous Art II, Kunstverein Familie Montez, Frankfurt\/Main<\/p>\n\n\t\t<\/div>\n\t<\/div>\n<\/div><\/div><\/div><\/div><\/div><\/div><\/div><\/div><\/div><\/div><div class=\"vc_row wpb_row vc_row-fluid dt-default\" style=\"margin-top: 0px;margin-bottom: 0px\"><div class=\"wpb_column vc_column_container vc_col-sm-12\"><div class=\"vc_column-inner\"><div class=\"wpb_wrapper\"><\/div><\/div><\/div><\/div>\n<\/div>","protected":false},"excerpt":{"rendered":"<p>ALEXANDER VON FALKENHAUSENWorksBiographyExhibition catalogWorks To the artist's website: FOUNTAIN STUDIES From the series \"Hauptdarsteller\", 2022, gouache on cardboard, 29.5 x 21 cm, signed on the reverse From the series \"Hauptdarsteller\", 2022, gouache on cardboard, 29.5 x 21 cm, signed on the reverse From the series \"Hauptdarsteller\", 2022, gouache on paper, 29.7 x 21 cm, signed on the reverse From the series \"Hauptdarsteller\", 2022, gouache on paper, 29.7 x...<\/p>","protected":false},"author":5,"featured_media":5476,"comment_status":"closed","ping_status":"open","sticky":false,"template":"","format":"standard","meta":{"footnotes":""},"categories":[22],"tags":[],"class_list":["post-5471","post","type-post","status-publish","format-standard","has-post-thumbnail","hentry","category-kuenstler","category-22","description-off"],"yoast_head":"<!-- This site is optimized with the Yoast SEO plugin v27.5 - https:\/\/yoast.com\/product\/yoast-seo-wordpress\/ -->\n<title>Alexander von Falkenhausen - Galerie Hanna Bekker vom Rath<\/title>\n<meta name=\"description\" content=\"GALERIE HANNA BEKKER VOM RATH, Braubachstra\u00dfe 12, Frankfurt am Main. Die Galerie zeigt neben klassischer Moderne in der Tradition Hanna Bekker vom Raths auch immer wieder Werke aus interessanten Nachl\u00e4ssen von K\u00fcnstlern.\" \/>\n<meta name=\"robots\" content=\"index, follow, max-snippet:-1, max-image-preview:large, max-video-preview:-1\" \/>\n<link rel=\"canonical\" href=\"https:\/\/www.galeriehannabekkervomrath.de\/en\/alexander-von-falkenhausen\/\" \/>\n<meta property=\"og:locale\" content=\"en_US\" \/>\n<meta property=\"og:type\" content=\"article\" \/>\n<meta property=\"og:title\" content=\"Alexander von Falkenhausen - Galerie Hanna Bekker vom Rath\" \/>\n<meta property=\"og:description\" content=\"GALERIE HANNA BEKKER VOM RATH, Braubachstra\u00dfe 12, Frankfurt am Main. Die Galerie zeigt neben klassischer Moderne in der Tradition Hanna Bekker vom Raths auch immer wieder Werke aus interessanten Nachl\u00e4ssen von K\u00fcnstlern.\" \/>\n<meta property=\"og:url\" content=\"https:\/\/www.galeriehannabekkervomrath.de\/en\/alexander-von-falkenhausen\/\" \/>\n<meta property=\"og:site_name\" content=\"Galerie Hanna Bekker vom Rath\" \/>\n<meta property=\"article:publisher\" content=\"https:\/\/www.facebook.com\/galeriehannabekkervomrath\/\" \/>\n<meta property=\"article:published_time\" content=\"2022-11-26T11:24:03+00:00\" \/>\n<meta property=\"article:modified_time\" content=\"2025-05-21T11:18:23+00:00\" \/>\n<meta property=\"og:image\" content=\"https:\/\/www.galeriehannabekkervomrath.de\/wp-content\/uploads\/Hauptdarsteller2.jpg\" \/>\n\t<meta property=\"og:image:width\" content=\"1165\" \/>\n\t<meta property=\"og:image:height\" content=\"1668\" \/>\n\t<meta property=\"og:image:type\" content=\"image\/jpeg\" \/>\n<meta name=\"author\" content=\"Katrin Kobberger\" \/>\n<meta name=\"twitter:card\" content=\"summary_large_image\" \/>\n<meta name=\"twitter:label1\" content=\"Written by\" \/>\n\t<meta name=\"twitter:data1\" content=\"Katrin Kobberger\" \/>\n\t<meta name=\"twitter:label2\" content=\"Est. reading time\" \/>\n\t<meta name=\"twitter:data2\" content=\"5 minutes\" \/>\n<script type=\"application\/ld+json\" class=\"yoast-schema-graph\">{\"@context\":\"https:\\\/\\\/schema.org\",\"@graph\":[{\"@type\":\"WebPage\",\"@id\":\"https:\\\/\\\/www.galeriehannabekkervomrath.de\\\/alexander-von-falkenhausen\\\/\",\"url\":\"https:\\\/\\\/www.galeriehannabekkervomrath.de\\\/alexander-von-falkenhausen\\\/\",\"name\":\"Alexander von Falkenhausen - Galerie Hanna Bekker vom Rath\",\"isPartOf\":{\"@id\":\"https:\\\/\\\/www.galeriehannabekkervomrath.de\\\/#website\"},\"primaryImageOfPage\":{\"@id\":\"https:\\\/\\\/www.galeriehannabekkervomrath.de\\\/alexander-von-falkenhausen\\\/#primaryimage\"},\"image\":{\"@id\":\"https:\\\/\\\/www.galeriehannabekkervomrath.de\\\/alexander-von-falkenhausen\\\/#primaryimage\"},\"thumbnailUrl\":\"https:\\\/\\\/www.galeriehannabekkervomrath.de\\\/wp-content\\\/uploads\\\/Hauptdarsteller2.jpg\",\"datePublished\":\"2022-11-26T11:24:03+00:00\",\"dateModified\":\"2025-05-21T11:18:23+00:00\",\"description\":\"GALERIE HANNA BEKKER VOM RATH, Braubachstra\u00dfe 12, Frankfurt am Main. Die Galerie zeigt neben klassischer Moderne in der Tradition Hanna Bekker vom Raths auch immer wieder Werke aus interessanten Nachl\u00e4ssen von K\u00fcnstlern.\",\"breadcrumb\":{\"@id\":\"https:\\\/\\\/www.galeriehannabekkervomrath.de\\\/alexander-von-falkenhausen\\\/#breadcrumb\"},\"inLanguage\":\"en-US\",\"potentialAction\":[{\"@type\":\"ReadAction\",\"target\":[\"https:\\\/\\\/www.galeriehannabekkervomrath.de\\\/alexander-von-falkenhausen\\\/\"]}]},{\"@type\":\"ImageObject\",\"inLanguage\":\"en-US\",\"@id\":\"https:\\\/\\\/www.galeriehannabekkervomrath.de\\\/alexander-von-falkenhausen\\\/#primaryimage\",\"url\":\"https:\\\/\\\/www.galeriehannabekkervomrath.de\\\/wp-content\\\/uploads\\\/Hauptdarsteller2.jpg\",\"contentUrl\":\"https:\\\/\\\/www.galeriehannabekkervomrath.de\\\/wp-content\\\/uploads\\\/Hauptdarsteller2.jpg\",\"width\":1165,\"height\":1668,\"caption\":\"Aus der Serie \\\"Hauptdarsteller\\\", 2022, Gouache auf Papier, 29,7 x 21 cm, auf R\u00fcckseite signiert\"},{\"@type\":\"BreadcrumbList\",\"@id\":\"https:\\\/\\\/www.galeriehannabekkervomrath.de\\\/alexander-von-falkenhausen\\\/#breadcrumb\",\"itemListElement\":[{\"@type\":\"ListItem\",\"position\":1,\"name\":\"Startseite\",\"item\":\"https:\\\/\\\/www.galeriehannabekkervomrath.de\\\/\"},{\"@type\":\"ListItem\",\"position\":2,\"name\":\"Alexander von Falkenhausen\"}]},{\"@type\":\"WebSite\",\"@id\":\"https:\\\/\\\/www.galeriehannabekkervomrath.de\\\/#website\",\"url\":\"https:\\\/\\\/www.galeriehannabekkervomrath.de\\\/\",\"name\":\"Galerie Hanna Bekker vom Rath\",\"description\":\"Frankfurt am Main\",\"publisher\":{\"@id\":\"https:\\\/\\\/www.galeriehannabekkervomrath.de\\\/#organization\"},\"potentialAction\":[{\"@type\":\"SearchAction\",\"target\":{\"@type\":\"EntryPoint\",\"urlTemplate\":\"https:\\\/\\\/www.galeriehannabekkervomrath.de\\\/?s={search_term_string}\"},\"query-input\":{\"@type\":\"PropertyValueSpecification\",\"valueRequired\":true,\"valueName\":\"search_term_string\"}}],\"inLanguage\":\"en-US\"},{\"@type\":\"Organization\",\"@id\":\"https:\\\/\\\/www.galeriehannabekkervomrath.de\\\/#organization\",\"name\":\"Galerie Hanna Bekker vom Rath\",\"url\":\"https:\\\/\\\/www.galeriehannabekkervomrath.de\\\/\",\"logo\":{\"@type\":\"ImageObject\",\"inLanguage\":\"en-US\",\"@id\":\"https:\\\/\\\/www.galeriehannabekkervomrath.de\\\/#\\\/schema\\\/logo\\\/image\\\/\",\"url\":\"https:\\\/\\\/www.galeriehannabekkervomrath.de\\\/wp-content\\\/uploads\\\/ghbvr_icon.jpg\",\"contentUrl\":\"https:\\\/\\\/www.galeriehannabekkervomrath.de\\\/wp-content\\\/uploads\\\/ghbvr_icon.jpg\",\"width\":512,\"height\":512,\"caption\":\"Galerie Hanna Bekker vom Rath\"},\"image\":{\"@id\":\"https:\\\/\\\/www.galeriehannabekkervomrath.de\\\/#\\\/schema\\\/logo\\\/image\\\/\"},\"sameAs\":[\"https:\\\/\\\/www.facebook.com\\\/galeriehannabekkervomrath\\\/\",\"https:\\\/\\\/www.instagram.com\\\/galeriehbvr\\\/\"]}]}<\/script>\n<!-- \/ Yoast SEO plugin. -->","yoast_head_json":{"title":"Alexander von Falkenhausen - Gallery Hanna Bekker vom Rath","description":"GALERIE HANNA BEKKER VOM RATH, Braubachstra\u00dfe 12, Frankfurt am Main. In addition to classic modern art in the tradition of Hanna Bekker vom Rath, the gallery also regularly shows works from interesting artists' estates.","robots":{"index":"index","follow":"follow","max-snippet":"max-snippet:-1","max-image-preview":"max-image-preview:large","max-video-preview":"max-video-preview:-1"},"canonical":"https:\/\/www.galeriehannabekkervomrath.de\/en\/alexander-von-falkenhausen\/","og_locale":"en_US","og_type":"article","og_title":"Alexander von Falkenhausen - Galerie Hanna Bekker vom Rath","og_description":"GALERIE HANNA BEKKER VOM RATH, Braubachstra\u00dfe 12, Frankfurt am Main. Die Galerie zeigt neben klassischer Moderne in der Tradition Hanna Bekker vom Raths auch immer wieder Werke aus interessanten Nachl\u00e4ssen von K\u00fcnstlern.","og_url":"https:\/\/www.galeriehannabekkervomrath.de\/en\/alexander-von-falkenhausen\/","og_site_name":"Galerie Hanna Bekker vom Rath","article_publisher":"https:\/\/www.facebook.com\/galeriehannabekkervomrath\/","article_published_time":"2022-11-26T11:24:03+00:00","article_modified_time":"2025-05-21T11:18:23+00:00","og_image":[{"width":1165,"height":1668,"url":"https:\/\/www.galeriehannabekkervomrath.de\/wp-content\/uploads\/Hauptdarsteller2.jpg","type":"image\/jpeg"}],"author":"Katrin Kobberger","twitter_card":"summary_large_image","twitter_misc":{"Written by":"Katrin Kobberger","Est. reading time":"5 minutes"},"schema":{"@context":"https:\/\/schema.org","@graph":[{"@type":"WebPage","@id":"https:\/\/www.galeriehannabekkervomrath.de\/alexander-von-falkenhausen\/","url":"https:\/\/www.galeriehannabekkervomrath.de\/alexander-von-falkenhausen\/","name":"Alexander von Falkenhausen - Gallery Hanna Bekker vom Rath","isPartOf":{"@id":"https:\/\/www.galeriehannabekkervomrath.de\/#website"},"primaryImageOfPage":{"@id":"https:\/\/www.galeriehannabekkervomrath.de\/alexander-von-falkenhausen\/#primaryimage"},"image":{"@id":"https:\/\/www.galeriehannabekkervomrath.de\/alexander-von-falkenhausen\/#primaryimage"},"thumbnailUrl":"https:\/\/www.galeriehannabekkervomrath.de\/wp-content\/uploads\/Hauptdarsteller2.jpg","datePublished":"2022-11-26T11:24:03+00:00","dateModified":"2025-05-21T11:18:23+00:00","description":"GALERIE HANNA BEKKER VOM RATH, Braubachstra\u00dfe 12, Frankfurt am Main. In addition to classic modern art in the tradition of Hanna Bekker vom Rath, the gallery also regularly shows works from interesting artists' estates.","breadcrumb":{"@id":"https:\/\/www.galeriehannabekkervomrath.de\/alexander-von-falkenhausen\/#breadcrumb"},"inLanguage":"en-US","potentialAction":[{"@type":"ReadAction","target":["https:\/\/www.galeriehannabekkervomrath.de\/alexander-von-falkenhausen\/"]}]},{"@type":"ImageObject","inLanguage":"en-US","@id":"https:\/\/www.galeriehannabekkervomrath.de\/alexander-von-falkenhausen\/#primaryimage","url":"https:\/\/www.galeriehannabekkervomrath.de\/wp-content\/uploads\/Hauptdarsteller2.jpg","contentUrl":"https:\/\/www.galeriehannabekkervomrath.de\/wp-content\/uploads\/Hauptdarsteller2.jpg","width":1165,"height":1668,"caption":"Aus der Serie \"Hauptdarsteller\", 2022, Gouache auf Papier, 29,7 x 21 cm, auf R\u00fcckseite signiert"},{"@type":"BreadcrumbList","@id":"https:\/\/www.galeriehannabekkervomrath.de\/alexander-von-falkenhausen\/#breadcrumb","itemListElement":[{"@type":"ListItem","position":1,"name":"Startseite","item":"https:\/\/www.galeriehannabekkervomrath.de\/"},{"@type":"ListItem","position":2,"name":"Alexander von Falkenhausen"}]},{"@type":"WebSite","@id":"https:\/\/www.galeriehannabekkervomrath.de\/#website","url":"https:\/\/www.galeriehannabekkervomrath.de\/","name":"Gallery Hanna Bekker vom Rath","description":"Frankfurt am Main","publisher":{"@id":"https:\/\/www.galeriehannabekkervomrath.de\/#organization"},"potentialAction":[{"@type":"SearchAction","target":{"@type":"EntryPoint","urlTemplate":"https:\/\/www.galeriehannabekkervomrath.de\/?s={search_term_string}"},"query-input":{"@type":"PropertyValueSpecification","valueRequired":true,"valueName":"search_term_string"}}],"inLanguage":"en-US"},{"@type":"Organization","@id":"https:\/\/www.galeriehannabekkervomrath.de\/#organization","name":"Gallery Hanna Bekker vom Rath","url":"https:\/\/www.galeriehannabekkervomrath.de\/","logo":{"@type":"ImageObject","inLanguage":"en-US","@id":"https:\/\/www.galeriehannabekkervomrath.de\/#\/schema\/logo\/image\/","url":"https:\/\/www.galeriehannabekkervomrath.de\/wp-content\/uploads\/ghbvr_icon.jpg","contentUrl":"https:\/\/www.galeriehannabekkervomrath.de\/wp-content\/uploads\/ghbvr_icon.jpg","width":512,"height":512,"caption":"Galerie Hanna Bekker vom Rath"},"image":{"@id":"https:\/\/www.galeriehannabekkervomrath.de\/#\/schema\/logo\/image\/"},"sameAs":["https:\/\/www.facebook.com\/galeriehannabekkervomrath\/","https:\/\/www.instagram.com\/galeriehbvr\/"]}]}},"_links":{"self":[{"href":"https:\/\/www.galeriehannabekkervomrath.de\/en\/wp-json\/wp\/v2\/posts\/5471","targetHints":{"allow":["GET"]}}],"collection":[{"href":"https:\/\/www.galeriehannabekkervomrath.de\/en\/wp-json\/wp\/v2\/posts"}],"about":[{"href":"https:\/\/www.galeriehannabekkervomrath.de\/en\/wp-json\/wp\/v2\/types\/post"}],"author":[{"embeddable":true,"href":"https:\/\/www.galeriehannabekkervomrath.de\/en\/wp-json\/wp\/v2\/users\/5"}],"replies":[{"embeddable":true,"href":"https:\/\/www.galeriehannabekkervomrath.de\/en\/wp-json\/wp\/v2\/comments?post=5471"}],"version-history":[{"count":11,"href":"https:\/\/www.galeriehannabekkervomrath.de\/en\/wp-json\/wp\/v2\/posts\/5471\/revisions"}],"predecessor-version":[{"id":6703,"href":"https:\/\/www.galeriehannabekkervomrath.de\/en\/wp-json\/wp\/v2\/posts\/5471\/revisions\/6703"}],"wp:featuredmedia":[{"embeddable":true,"href":"https:\/\/www.galeriehannabekkervomrath.de\/en\/wp-json\/wp\/v2\/media\/5476"}],"wp:attachment":[{"href":"https:\/\/www.galeriehannabekkervomrath.de\/en\/wp-json\/wp\/v2\/media?parent=5471"}],"wp:term":[{"taxonomy":"category","embeddable":true,"href":"https:\/\/www.galeriehannabekkervomrath.de\/en\/wp-json\/wp\/v2\/categories?post=5471"},{"taxonomy":"post_tag","embeddable":true,"href":"https:\/\/www.galeriehannabekkervomrath.de\/en\/wp-json\/wp\/v2\/tags?post=5471"}],"curies":[{"name":"wp","href":"https:\/\/api.w.org\/{rel}","templated":true}]}}