{"id":5630,"date":"2023-04-28T20:17:37","date_gmt":"2023-04-28T18:17:37","guid":{"rendered":"https:\/\/www.galeriehannabekkervomrath.de\/?p=5630"},"modified":"2025-05-21T13:18:15","modified_gmt":"2025-05-21T11:18:15","slug":"roberto-fabelo","status":"publish","type":"post","link":"https:\/\/www.galeriehannabekkervomrath.de\/en\/roberto-fabelo\/","title":{"rendered":"Roberto Fabelo"},"content":{"rendered":"<div class=\"wpb-content-wrapper\"><div class=\"vc_row wpb_row vc_row-fluid dt-default\" style=\"margin-top: 0px;margin-bottom: 0px\"><div class=\"wpb_column vc_column_container vc_col-sm-12\"><div class=\"vc_column-inner\"><div class=\"wpb_wrapper\"><div class=\"vc_tta-container\" data-vc-action=\"collapse\"><h2>Roberto Fabelo<\/h2><div class=\"vc_general vc_tta vc_tta-tabs vc_tta-color-white vc_tta-style-flat vc_tta-shape-square vc_tta-spacing-1 vc_tta-o-no-fill vc_tta-tabs-position-top vc_tta-controls-align-left vc_custom_1682705541921\"><div class=\"vc_tta-tabs-container\"><ul class=\"vc_tta-tabs-list\" role=\"tablist\"><li class=\"vc_tta-tab vc_active\" data-vc-tab role=\"presentation\"><a href=\"#1543913696353-02356048-5724bcb2-4426\" data-vc-tabs data-vc-container=\".vc_tta\" role=\"tab\" aria-selected=\"false\" id=\"tab-1543913696353-02356048-5724bcb2-4426\"><span class=\"vc_tta-title-text\">works<\/span><\/a><\/li><li class=\"vc_tta-tab\" data-vc-tab role=\"presentation\"><a href=\"#1543913696482-38b43962-0ba7bcb2-4426\" data-vc-tabs data-vc-container=\".vc_tta\" role=\"tab\" aria-selected=\"false\" id=\"tab-1543913696482-38b43962-0ba7bcb2-4426\"><span class=\"vc_tta-title-text\">biography<\/span><\/a><\/li><\/ul><\/div><div class=\"vc_tta-panels-container\"><div class=\"vc_tta-panels\"><div class=\"vc_tta-panel vc_active\" id=\"1543913696353-02356048-5724bcb2-4426\" data-vc-content=\".vc_tta-panel-body\"><div class=\"vc_tta-panel-heading\"><h4 class=\"vc_tta-panel-title\"><a href=\"#1543913696353-02356048-5724bcb2-4426\" data-vc-accordion data-vc-container=\".vc_tta-container\"><span class=\"vc_tta-title-text\">works<\/span><\/a><\/h4><\/div><div class=\"vc_tta-panel-body\"><div class=\"vc_row wpb_row vc_inner vc_row-fluid\"><div class=\"wpb_column vc_column_container vc_col-sm-9\"><div class=\"vc_column-inner\"><div class=\"wpb_wrapper\">\n\t<div  class=\"wpb_single_image wpb_content_element vc_align_left\">\n\t\t\n\t\t<figure class=\"wpb_wrapper vc_figure\">\n\t\t\t<a href=\"https:\/\/www.galeriehannabekkervomrath.de\/wp-content\/uploads\/roberto-fabelo-3.jpg\" target=\"_self\" data-large_image_width=\"1048\" data-large_image_height=\"1500\"  class=\"vc_single_image-wrapper   vc_box_border_grey dt-pswp-item rollover rollover-zoom\"   ><img loading=\"lazy\" decoding=\"async\" width=\"769\" height=\"1100\" src=\"https:\/\/www.galeriehannabekkervomrath.de\/wp-content\/uploads\/roberto-fabelo-3-769x1100.jpg\" class=\"vc_single_image-img attachment-large\" alt=\"\" title=\"Roberto Fabelo\" srcset=\"https:\/\/www.galeriehannabekkervomrath.de\/wp-content\/uploads\/roberto-fabelo-3-769x1100.jpg 769w, https:\/\/www.galeriehannabekkervomrath.de\/wp-content\/uploads\/roberto-fabelo-3-279x400.jpg 279w, https:\/\/www.galeriehannabekkervomrath.de\/wp-content\/uploads\/roberto-fabelo-3-105x150.jpg 105w, https:\/\/www.galeriehannabekkervomrath.de\/wp-content\/uploads\/roberto-fabelo-3-768x1099.jpg 768w, https:\/\/www.galeriehannabekkervomrath.de\/wp-content\/uploads\/roberto-fabelo-3-8x12.jpg 8w, https:\/\/www.galeriehannabekkervomrath.de\/wp-content\/uploads\/roberto-fabelo-3.jpg 1048w\" sizes=\"auto, (max-width: 769px) 100vw, 769px\"  data-dt-location=\"https:\/\/www.galeriehannabekkervomrath.de\/en\/roberto-fabelo-3\/\" \/><\/a><figcaption class=\"vc_figure-caption\">Roberto Fabelo, born: 1950 Cuba, \"El mar en tu mente\" 2019, u. re. sign. u. dat. a. w. d. title Fabelo 2019, colored chalk drawing on black cardboard, 108 x 75 cm\n<\/figcaption>\n\t\t<\/figure>\n\t<\/div>\n\n\t<div  class=\"wpb_single_image wpb_content_element vc_align_left\">\n\t\t\n\t\t<figure class=\"wpb_wrapper vc_figure\">\n\t\t\t<a href=\"https:\/\/www.galeriehannabekkervomrath.de\/wp-content\/uploads\/roberto-fabelo-2.jpg\" target=\"_self\" data-large_image_width=\"1199\" data-large_image_height=\"1500\"  class=\"vc_single_image-wrapper   vc_box_border_grey dt-pswp-item rollover rollover-zoom\"   ><img loading=\"lazy\" decoding=\"async\" width=\"879\" height=\"1100\" src=\"https:\/\/www.galeriehannabekkervomrath.de\/wp-content\/uploads\/roberto-fabelo-2-879x1100.jpg\" class=\"vc_single_image-img attachment-large\" alt=\"\" title=\"Roberto Fabelo\" srcset=\"https:\/\/www.galeriehannabekkervomrath.de\/wp-content\/uploads\/roberto-fabelo-2-879x1100.jpg 879w, https:\/\/www.galeriehannabekkervomrath.de\/wp-content\/uploads\/roberto-fabelo-2-320x400.jpg 320w, https:\/\/www.galeriehannabekkervomrath.de\/wp-content\/uploads\/roberto-fabelo-2-120x150.jpg 120w, https:\/\/www.galeriehannabekkervomrath.de\/wp-content\/uploads\/roberto-fabelo-2-768x961.jpg 768w, https:\/\/www.galeriehannabekkervomrath.de\/wp-content\/uploads\/roberto-fabelo-2-10x12.jpg 10w, https:\/\/www.galeriehannabekkervomrath.de\/wp-content\/uploads\/roberto-fabelo-2.jpg 1199w\" sizes=\"auto, (max-width: 879px) 100vw, 879px\"  data-dt-location=\"https:\/\/www.galeriehannabekkervomrath.de\/en\/roberto-fabelo-2\/\" \/><\/a><figcaption class=\"vc_figure-caption\">Roberto Fabelo, born 1950 Cuba, \"La fiesta del fauns\" 2019, signed, dated and titled Fabelo 2019 on the right, acrylic on embroidered silk, 165 x 130 cm<\/figcaption>\n\t\t<\/figure>\n\t<\/div>\n\n\t<div  class=\"wpb_single_image wpb_content_element vc_align_left\">\n\t\t\n\t\t<figure class=\"wpb_wrapper vc_figure\">\n\t\t\t<a href=\"https:\/\/www.galeriehannabekkervomrath.de\/wp-content\/uploads\/roberto-fabelo-1.jpg\" target=\"_self\" data-large_image_width=\"1053\" data-large_image_height=\"1500\"  class=\"vc_single_image-wrapper   vc_box_border_grey dt-pswp-item rollover rollover-zoom\"   ><img loading=\"lazy\" decoding=\"async\" width=\"772\" height=\"1100\" src=\"https:\/\/www.galeriehannabekkervomrath.de\/wp-content\/uploads\/roberto-fabelo-1-772x1100.jpg\" class=\"vc_single_image-img attachment-large\" alt=\"\" title=\"Roberto Fabelo\" srcset=\"https:\/\/www.galeriehannabekkervomrath.de\/wp-content\/uploads\/roberto-fabelo-1-772x1100.jpg 772w, https:\/\/www.galeriehannabekkervomrath.de\/wp-content\/uploads\/roberto-fabelo-1-281x400.jpg 281w, https:\/\/www.galeriehannabekkervomrath.de\/wp-content\/uploads\/roberto-fabelo-1-105x150.jpg 105w, https:\/\/www.galeriehannabekkervomrath.de\/wp-content\/uploads\/roberto-fabelo-1-768x1094.jpg 768w, https:\/\/www.galeriehannabekkervomrath.de\/wp-content\/uploads\/roberto-fabelo-1-8x12.jpg 8w, https:\/\/www.galeriehannabekkervomrath.de\/wp-content\/uploads\/roberto-fabelo-1.jpg 1053w\" sizes=\"auto, (max-width: 772px) 100vw, 772px\"  data-dt-location=\"https:\/\/www.galeriehannabekkervomrath.de\/en\/roberto-fabelo-1\/\" \/><\/a><figcaption class=\"vc_figure-caption\">Roberto Fabelo, born 1950 Cuba, \"Mango, Mango, Mango...\" 2019, u. re. sign. and dat. Fabelo 2019, inscribed at lower edge. colored chalk drawing on black cardboard, 108 x 75 cm<\/figcaption>\n\t\t<\/figure>\n\t<\/div>\n<\/div><\/div><\/div><\/div><\/div><\/div><div class=\"vc_tta-panel\" id=\"1543913696482-38b43962-0ba7bcb2-4426\" data-vc-content=\".vc_tta-panel-body\"><div class=\"vc_tta-panel-heading\"><h4 class=\"vc_tta-panel-title\"><a href=\"#1543913696482-38b43962-0ba7bcb2-4426\" data-vc-accordion data-vc-container=\".vc_tta-container\"><span class=\"vc_tta-title-text\">biography<\/span><\/a><\/h4><\/div><div class=\"vc_tta-panel-body\">\n\t<div class=\"wpb_text_column wpb_content_element\" >\n\t\t<div class=\"wpb_wrapper\">\n\t\t\t<h3><strong>Roberto Fabelo<\/strong><\/h3>\n<p>born 1951 Camag\u00fcey, in Gu\u00e1imaro, Camag\u00fcey, Cuba.<\/p>\n<p>&nbsp;<\/p>\n<p>Roberto Fabelo studied at the National School of Art and the Instituto Superior de Arte in Havana and later at the Hochschule f\u00fcr Bildende K\u00fcnste in Hamburg, Germany. He has been a professor and jury member at national and international visual arts competitions. The Cuban state awarded him the Medal of National Culture and the Alejo Carpentier Medal for his outstanding artistic career.<\/p>\n<p>Some of his best-known works are the \"Cabezas\" (Heads) series, in which he depicts bizarre and imaginative heads of both animals and human beings, and the \"Juegos de manos\" (Hand Games) series, which shows surreal and humorous situations of hands in various shapes and sizes.<\/p>\n<p>Fabelo's works are in numerous public and private collections internationally, including the collection of the National Museum of Fine Arts of Cuba (MNBA), the Wifredo Lam Centre in Cuba, the Casa de las Am\u00e9ricas in Havana, Museo Nacional de Bellas Artes in Havana, the Museum of Modern Art of New Delhi , Museum of Modern Art of Mexico City, \"El Chopo\" University Museum in Mexico City, Nordillaan Kunstmuseum of Denmark, in the permanent exhibition of the Uffizi Gallery in Florence, at the UN headquarters in New York, the P\u00e9rez Art Museum of Miami, PAMM and the Museum of Latin American Art of California, MOLAA, as well as various international galleries.<\/p>\n<p>He is currently associated with Francisco de Goya: In the exhibition \"Mundos. Goya y Fabelo\", the Foundaci\u00f3n iberCaja shows the undeniable similarities in the messages of two creative geniuses separated by centuries: Francisco de Goya (1746-1828) and Roberto Fabelo (*1950).<\/p>\n<p><a href=\"https:\/\/www.fundacionibercaja.es\/actividades\/exposiciones\/mundos-goya-y-fabelo\/\" target=\"_blank\" rel=\"noopener\">https:\/\/www.fundacionibercaja.es\/actividades\/exposiciones\/mundos-goya-y-fabelo\/<\/a><\/p>\n\n\t\t<\/div>\n\t<\/div>\n<\/div><\/div><\/div><\/div><\/div><\/div><\/div><\/div><\/div><\/div>\n<\/div>","protected":false},"excerpt":{"rendered":"<p>Roberto FabeloWorksBiographyWorks Roberto Fabelo, born: 1950 Cuba, \"El mar en tu mente\" 2019, below right signed, dated and titled Fabelo 2019, colored chalk drawing on black cardboard, 108 x 75 cm Roberto Fabelo, born 1950 Cuba, \"La fiesta del fauns\" 2019, below right signed, dated and titled Fabelo 2019, acrylic on...<\/p>","protected":false},"author":1,"featured_media":5629,"comment_status":"closed","ping_status":"closed","sticky":false,"template":"","format":"standard","meta":{"footnotes":""},"categories":[22],"tags":[],"class_list":["post-5630","post","type-post","status-publish","format-standard","has-post-thumbnail","hentry","category-kuenstler","category-22","description-off"],"yoast_head":"<!-- This site is optimized with the Yoast SEO plugin v27.5 - https:\/\/yoast.com\/product\/yoast-seo-wordpress\/ -->\n<title>Roberto Fabelo - Galerie Hanna Bekker vom Rath<\/title>\n<meta name=\"description\" content=\"GALERIE HANNA BEKKER VOM RATH, Braubachstra\u00dfe 12, Frankfurt am Main. Die Galerie zeigt neben klassischer Moderne in der Tradition Hanna Bekker vom Raths auch immer wieder Werke aus interessanten Nachl\u00e4ssen von K\u00fcnstlern.\" \/>\n<meta name=\"robots\" content=\"index, follow, max-snippet:-1, max-image-preview:large, max-video-preview:-1\" \/>\n<link rel=\"canonical\" href=\"https:\/\/www.galeriehannabekkervomrath.de\/en\/roberto-fabelo\/\" \/>\n<meta property=\"og:locale\" content=\"en_US\" \/>\n<meta property=\"og:type\" content=\"article\" \/>\n<meta property=\"og:title\" content=\"Roberto Fabelo - Galerie Hanna Bekker vom Rath\" \/>\n<meta property=\"og:description\" content=\"GALERIE HANNA BEKKER VOM RATH, Braubachstra\u00dfe 12, Frankfurt am Main. Die Galerie zeigt neben klassischer Moderne in der Tradition Hanna Bekker vom Raths auch immer wieder Werke aus interessanten Nachl\u00e4ssen von K\u00fcnstlern.\" \/>\n<meta property=\"og:url\" content=\"https:\/\/www.galeriehannabekkervomrath.de\/en\/roberto-fabelo\/\" \/>\n<meta property=\"og:site_name\" content=\"Galerie Hanna Bekker vom Rath\" \/>\n<meta property=\"article:publisher\" content=\"https:\/\/www.facebook.com\/galeriehannabekkervomrath\/\" \/>\n<meta property=\"article:published_time\" content=\"2023-04-28T18:17:37+00:00\" \/>\n<meta property=\"article:modified_time\" content=\"2025-05-21T11:18:15+00:00\" \/>\n<meta property=\"og:image\" content=\"https:\/\/www.galeriehannabekkervomrath.de\/wp-content\/uploads\/roberto-fabelo-3.jpg\" \/>\n\t<meta property=\"og:image:width\" content=\"1048\" \/>\n\t<meta property=\"og:image:height\" content=\"1500\" \/>\n\t<meta property=\"og:image:type\" content=\"image\/jpeg\" \/>\n<meta name=\"author\" content=\"HBVR\" \/>\n<meta name=\"twitter:card\" content=\"summary_large_image\" \/>\n<meta name=\"twitter:label1\" content=\"Written by\" \/>\n\t<meta name=\"twitter:data1\" content=\"HBVR\" \/>\n\t<meta name=\"twitter:label2\" content=\"Est. reading time\" \/>\n\t<meta name=\"twitter:data2\" content=\"2 minutes\" \/>\n<script type=\"application\/ld+json\" class=\"yoast-schema-graph\">{\"@context\":\"https:\\\/\\\/schema.org\",\"@graph\":[{\"@type\":\"WebPage\",\"@id\":\"https:\\\/\\\/www.galeriehannabekkervomrath.de\\\/roberto-fabelo\\\/\",\"url\":\"https:\\\/\\\/www.galeriehannabekkervomrath.de\\\/roberto-fabelo\\\/\",\"name\":\"Roberto Fabelo - Galerie Hanna Bekker vom Rath\",\"isPartOf\":{\"@id\":\"https:\\\/\\\/www.galeriehannabekkervomrath.de\\\/#website\"},\"primaryImageOfPage\":{\"@id\":\"https:\\\/\\\/www.galeriehannabekkervomrath.de\\\/roberto-fabelo\\\/#primaryimage\"},\"image\":{\"@id\":\"https:\\\/\\\/www.galeriehannabekkervomrath.de\\\/roberto-fabelo\\\/#primaryimage\"},\"thumbnailUrl\":\"https:\\\/\\\/www.galeriehannabekkervomrath.de\\\/wp-content\\\/uploads\\\/roberto-fabelo-3.jpg\",\"datePublished\":\"2023-04-28T18:17:37+00:00\",\"dateModified\":\"2025-05-21T11:18:15+00:00\",\"description\":\"GALERIE HANNA BEKKER VOM RATH, Braubachstra\u00dfe 12, Frankfurt am Main. Die Galerie zeigt neben klassischer Moderne in der Tradition Hanna Bekker vom Raths auch immer wieder Werke aus interessanten Nachl\u00e4ssen von K\u00fcnstlern.\",\"breadcrumb\":{\"@id\":\"https:\\\/\\\/www.galeriehannabekkervomrath.de\\\/roberto-fabelo\\\/#breadcrumb\"},\"inLanguage\":\"en-US\",\"potentialAction\":[{\"@type\":\"ReadAction\",\"target\":[\"https:\\\/\\\/www.galeriehannabekkervomrath.de\\\/roberto-fabelo\\\/\"]}]},{\"@type\":\"ImageObject\",\"inLanguage\":\"en-US\",\"@id\":\"https:\\\/\\\/www.galeriehannabekkervomrath.de\\\/roberto-fabelo\\\/#primaryimage\",\"url\":\"https:\\\/\\\/www.galeriehannabekkervomrath.de\\\/wp-content\\\/uploads\\\/roberto-fabelo-3.jpg\",\"contentUrl\":\"https:\\\/\\\/www.galeriehannabekkervomrath.de\\\/wp-content\\\/uploads\\\/roberto-fabelo-3.jpg\",\"width\":1048,\"height\":1500,\"caption\":\"Roberto Fabelo, geb.: 1950 Cuba, \u201eEl mar en tu mente\u201c 2019, u. re. sign. u. dat. u. m. d. Titel Fabelo 2019, farbige Kreidezeichnung auf schwarzem Karton, 108 x 75 cm\"},{\"@type\":\"BreadcrumbList\",\"@id\":\"https:\\\/\\\/www.galeriehannabekkervomrath.de\\\/roberto-fabelo\\\/#breadcrumb\",\"itemListElement\":[{\"@type\":\"ListItem\",\"position\":1,\"name\":\"Startseite\",\"item\":\"https:\\\/\\\/www.galeriehannabekkervomrath.de\\\/\"},{\"@type\":\"ListItem\",\"position\":2,\"name\":\"Roberto Fabelo\"}]},{\"@type\":\"WebSite\",\"@id\":\"https:\\\/\\\/www.galeriehannabekkervomrath.de\\\/#website\",\"url\":\"https:\\\/\\\/www.galeriehannabekkervomrath.de\\\/\",\"name\":\"Galerie Hanna Bekker vom Rath\",\"description\":\"Frankfurt am Main\",\"publisher\":{\"@id\":\"https:\\\/\\\/www.galeriehannabekkervomrath.de\\\/#organization\"},\"potentialAction\":[{\"@type\":\"SearchAction\",\"target\":{\"@type\":\"EntryPoint\",\"urlTemplate\":\"https:\\\/\\\/www.galeriehannabekkervomrath.de\\\/?s={search_term_string}\"},\"query-input\":{\"@type\":\"PropertyValueSpecification\",\"valueRequired\":true,\"valueName\":\"search_term_string\"}}],\"inLanguage\":\"en-US\"},{\"@type\":\"Organization\",\"@id\":\"https:\\\/\\\/www.galeriehannabekkervomrath.de\\\/#organization\",\"name\":\"Galerie Hanna Bekker vom Rath\",\"url\":\"https:\\\/\\\/www.galeriehannabekkervomrath.de\\\/\",\"logo\":{\"@type\":\"ImageObject\",\"inLanguage\":\"en-US\",\"@id\":\"https:\\\/\\\/www.galeriehannabekkervomrath.de\\\/#\\\/schema\\\/logo\\\/image\\\/\",\"url\":\"https:\\\/\\\/www.galeriehannabekkervomrath.de\\\/wp-content\\\/uploads\\\/ghbvr_icon.jpg\",\"contentUrl\":\"https:\\\/\\\/www.galeriehannabekkervomrath.de\\\/wp-content\\\/uploads\\\/ghbvr_icon.jpg\",\"width\":512,\"height\":512,\"caption\":\"Galerie Hanna Bekker vom Rath\"},\"image\":{\"@id\":\"https:\\\/\\\/www.galeriehannabekkervomrath.de\\\/#\\\/schema\\\/logo\\\/image\\\/\"},\"sameAs\":[\"https:\\\/\\\/www.facebook.com\\\/galeriehannabekkervomrath\\\/\",\"https:\\\/\\\/www.instagram.com\\\/galeriehbvr\\\/\"]}]}<\/script>\n<!-- \/ Yoast SEO plugin. -->","yoast_head_json":{"title":"Roberto Fabelo - Gallery Hanna Bekker vom Rath","description":"GALERIE HANNA BEKKER VOM RATH, Braubachstra\u00dfe 12, Frankfurt am Main. In addition to classic modern art in the tradition of Hanna Bekker vom Rath, the gallery also regularly shows works from interesting artists' estates.","robots":{"index":"index","follow":"follow","max-snippet":"max-snippet:-1","max-image-preview":"max-image-preview:large","max-video-preview":"max-video-preview:-1"},"canonical":"https:\/\/www.galeriehannabekkervomrath.de\/en\/roberto-fabelo\/","og_locale":"en_US","og_type":"article","og_title":"Roberto Fabelo - Galerie Hanna Bekker vom Rath","og_description":"GALERIE HANNA BEKKER VOM RATH, Braubachstra\u00dfe 12, Frankfurt am Main. Die Galerie zeigt neben klassischer Moderne in der Tradition Hanna Bekker vom Raths auch immer wieder Werke aus interessanten Nachl\u00e4ssen von K\u00fcnstlern.","og_url":"https:\/\/www.galeriehannabekkervomrath.de\/en\/roberto-fabelo\/","og_site_name":"Galerie Hanna Bekker vom Rath","article_publisher":"https:\/\/www.facebook.com\/galeriehannabekkervomrath\/","article_published_time":"2023-04-28T18:17:37+00:00","article_modified_time":"2025-05-21T11:18:15+00:00","og_image":[{"width":1048,"height":1500,"url":"https:\/\/www.galeriehannabekkervomrath.de\/wp-content\/uploads\/roberto-fabelo-3.jpg","type":"image\/jpeg"}],"author":"HBVR","twitter_card":"summary_large_image","twitter_misc":{"Written by":"HBVR","Est. reading time":"2 minutes"},"schema":{"@context":"https:\/\/schema.org","@graph":[{"@type":"WebPage","@id":"https:\/\/www.galeriehannabekkervomrath.de\/roberto-fabelo\/","url":"https:\/\/www.galeriehannabekkervomrath.de\/roberto-fabelo\/","name":"Roberto Fabelo - Gallery Hanna Bekker vom Rath","isPartOf":{"@id":"https:\/\/www.galeriehannabekkervomrath.de\/#website"},"primaryImageOfPage":{"@id":"https:\/\/www.galeriehannabekkervomrath.de\/roberto-fabelo\/#primaryimage"},"image":{"@id":"https:\/\/www.galeriehannabekkervomrath.de\/roberto-fabelo\/#primaryimage"},"thumbnailUrl":"https:\/\/www.galeriehannabekkervomrath.de\/wp-content\/uploads\/roberto-fabelo-3.jpg","datePublished":"2023-04-28T18:17:37+00:00","dateModified":"2025-05-21T11:18:15+00:00","description":"GALERIE HANNA BEKKER VOM RATH, Braubachstra\u00dfe 12, Frankfurt am Main. In addition to classic modern art in the tradition of Hanna Bekker vom Rath, the gallery also regularly shows works from interesting artists' estates.","breadcrumb":{"@id":"https:\/\/www.galeriehannabekkervomrath.de\/roberto-fabelo\/#breadcrumb"},"inLanguage":"en-US","potentialAction":[{"@type":"ReadAction","target":["https:\/\/www.galeriehannabekkervomrath.de\/roberto-fabelo\/"]}]},{"@type":"ImageObject","inLanguage":"en-US","@id":"https:\/\/www.galeriehannabekkervomrath.de\/roberto-fabelo\/#primaryimage","url":"https:\/\/www.galeriehannabekkervomrath.de\/wp-content\/uploads\/roberto-fabelo-3.jpg","contentUrl":"https:\/\/www.galeriehannabekkervomrath.de\/wp-content\/uploads\/roberto-fabelo-3.jpg","width":1048,"height":1500,"caption":"Roberto Fabelo, geb.: 1950 Cuba, \u201eEl mar en tu mente\u201c 2019, u. re. sign. u. dat. u. m. d. Titel Fabelo 2019, farbige Kreidezeichnung auf schwarzem Karton, 108 x 75 cm"},{"@type":"BreadcrumbList","@id":"https:\/\/www.galeriehannabekkervomrath.de\/roberto-fabelo\/#breadcrumb","itemListElement":[{"@type":"ListItem","position":1,"name":"Startseite","item":"https:\/\/www.galeriehannabekkervomrath.de\/"},{"@type":"ListItem","position":2,"name":"Roberto Fabelo"}]},{"@type":"WebSite","@id":"https:\/\/www.galeriehannabekkervomrath.de\/#website","url":"https:\/\/www.galeriehannabekkervomrath.de\/","name":"Gallery Hanna Bekker vom Rath","description":"Frankfurt am Main","publisher":{"@id":"https:\/\/www.galeriehannabekkervomrath.de\/#organization"},"potentialAction":[{"@type":"SearchAction","target":{"@type":"EntryPoint","urlTemplate":"https:\/\/www.galeriehannabekkervomrath.de\/?s={search_term_string}"},"query-input":{"@type":"PropertyValueSpecification","valueRequired":true,"valueName":"search_term_string"}}],"inLanguage":"en-US"},{"@type":"Organization","@id":"https:\/\/www.galeriehannabekkervomrath.de\/#organization","name":"Gallery Hanna Bekker vom Rath","url":"https:\/\/www.galeriehannabekkervomrath.de\/","logo":{"@type":"ImageObject","inLanguage":"en-US","@id":"https:\/\/www.galeriehannabekkervomrath.de\/#\/schema\/logo\/image\/","url":"https:\/\/www.galeriehannabekkervomrath.de\/wp-content\/uploads\/ghbvr_icon.jpg","contentUrl":"https:\/\/www.galeriehannabekkervomrath.de\/wp-content\/uploads\/ghbvr_icon.jpg","width":512,"height":512,"caption":"Galerie Hanna Bekker vom Rath"},"image":{"@id":"https:\/\/www.galeriehannabekkervomrath.de\/#\/schema\/logo\/image\/"},"sameAs":["https:\/\/www.facebook.com\/galeriehannabekkervomrath\/","https:\/\/www.instagram.com\/galeriehbvr\/"]}]}},"_links":{"self":[{"href":"https:\/\/www.galeriehannabekkervomrath.de\/en\/wp-json\/wp\/v2\/posts\/5630","targetHints":{"allow":["GET"]}}],"collection":[{"href":"https:\/\/www.galeriehannabekkervomrath.de\/en\/wp-json\/wp\/v2\/posts"}],"about":[{"href":"https:\/\/www.galeriehannabekkervomrath.de\/en\/wp-json\/wp\/v2\/types\/post"}],"author":[{"embeddable":true,"href":"https:\/\/www.galeriehannabekkervomrath.de\/en\/wp-json\/wp\/v2\/users\/1"}],"replies":[{"embeddable":true,"href":"https:\/\/www.galeriehannabekkervomrath.de\/en\/wp-json\/wp\/v2\/comments?post=5630"}],"version-history":[{"count":10,"href":"https:\/\/www.galeriehannabekkervomrath.de\/en\/wp-json\/wp\/v2\/posts\/5630\/revisions"}],"predecessor-version":[{"id":5640,"href":"https:\/\/www.galeriehannabekkervomrath.de\/en\/wp-json\/wp\/v2\/posts\/5630\/revisions\/5640"}],"wp:featuredmedia":[{"embeddable":true,"href":"https:\/\/www.galeriehannabekkervomrath.de\/en\/wp-json\/wp\/v2\/media\/5629"}],"wp:attachment":[{"href":"https:\/\/www.galeriehannabekkervomrath.de\/en\/wp-json\/wp\/v2\/media?parent=5630"}],"wp:term":[{"taxonomy":"category","embeddable":true,"href":"https:\/\/www.galeriehannabekkervomrath.de\/en\/wp-json\/wp\/v2\/categories?post=5630"},{"taxonomy":"post_tag","embeddable":true,"href":"https:\/\/www.galeriehannabekkervomrath.de\/en\/wp-json\/wp\/v2\/tags?post=5630"}],"curies":[{"name":"wp","href":"https:\/\/api.w.org\/{rel}","templated":true}]}}