{"id":6425,"date":"2024-06-27T15:48:20","date_gmt":"2024-06-27T13:48:20","guid":{"rendered":"https:\/\/www.galeriehannabekkervomrath.de\/?p=6425"},"modified":"2025-05-21T13:16:25","modified_gmt":"2025-05-21T11:16:25","slug":"michael-mohr","status":"publish","type":"post","link":"https:\/\/www.galeriehannabekkervomrath.de\/en\/michael-mohr\/","title":{"rendered":"Michael Mohr"},"content":{"rendered":"<div class=\"wpb-content-wrapper\"><div class=\"vc_row wpb_row vc_row-fluid dt-default\" style=\"margin-top: 0px;margin-bottom: 0px\"><div class=\"wpb_column vc_column_container vc_col-sm-12\"><div class=\"vc_column-inner\"><div class=\"wpb_wrapper\"><div class=\"vc_tta-container\" data-vc-action=\"collapse\"><h2>Michael Mohr<\/h2><div class=\"vc_general vc_tta vc_tta-tabs vc_tta-color-white vc_tta-style-flat vc_tta-shape-square vc_tta-spacing-1 vc_tta-o-no-fill vc_tta-tabs-position-top vc_tta-controls-align-left vc_custom_1689249060591\"><div class=\"vc_tta-tabs-container\"><ul class=\"vc_tta-tabs-list\" role=\"tablist\"><li class=\"vc_tta-tab vc_active\" data-vc-tab role=\"presentation\"><a href=\"#1543913696353-02356048-5724bcb2-4426\" data-vc-tabs data-vc-container=\".vc_tta\" role=\"tab\" aria-selected=\"false\" id=\"tab-1543913696353-02356048-5724bcb2-4426\"><span class=\"vc_tta-title-text\">works<\/span><\/a><\/li><li class=\"vc_tta-tab\" data-vc-tab role=\"presentation\"><a href=\"#1543913696482-38b43962-0ba7bcb2-4426\" data-vc-tabs data-vc-container=\".vc_tta\" role=\"tab\" aria-selected=\"false\" id=\"tab-1543913696482-38b43962-0ba7bcb2-4426\"><span class=\"vc_tta-title-text\">biography<\/span><\/a><\/li><\/ul><\/div><div class=\"vc_tta-panels-container\"><div class=\"vc_tta-panels\"><div class=\"vc_tta-panel vc_active\" id=\"1543913696353-02356048-5724bcb2-4426\" data-vc-content=\".vc_tta-panel-body\"><div class=\"vc_tta-panel-heading\"><h4 class=\"vc_tta-panel-title\"><a href=\"#1543913696353-02356048-5724bcb2-4426\" data-vc-accordion data-vc-container=\".vc_tta-container\"><span class=\"vc_tta-title-text\">works<\/span><\/a><\/h4><\/div><div class=\"vc_tta-panel-body\"><div class=\"vc_row wpb_row vc_inner vc_row-fluid\"><div class=\"wpb_column vc_column_container vc_col-sm-4\"><div class=\"vc_column-inner\"><div class=\"wpb_wrapper\">\n\t<div  class=\"wpb_single_image wpb_content_element vc_align_left\">\n\t\t\n\t\t<figure class=\"wpb_wrapper vc_figure\">\n\t\t\t<a href=\"https:\/\/www.galeriehannabekkervomrath.de\/wp-content\/uploads\/Mohr-17.02.24_0001-3.-Korr.jpg\" target=\"_self\" data-large_image_width=\"1210\" data-large_image_height=\"1200\"  class=\"vc_single_image-wrapper   vc_box_border_grey dt-pswp-item rollover rollover-zoom\"   ><img loading=\"lazy\" decoding=\"async\" width=\"400\" height=\"397\" src=\"https:\/\/www.galeriehannabekkervomrath.de\/wp-content\/uploads\/Mohr-17.02.24_0001-3.-Korr-400x397.jpg\" class=\"vc_single_image-img attachment-medium\" alt=\"\" title=\"Mohr 17.02.24_0001 3rd corr\" srcset=\"https:\/\/www.galeriehannabekkervomrath.de\/wp-content\/uploads\/Mohr-17.02.24_0001-3.-Korr-400x397.jpg 400w, https:\/\/www.galeriehannabekkervomrath.de\/wp-content\/uploads\/Mohr-17.02.24_0001-3.-Korr-1100x1091.jpg 1100w, https:\/\/www.galeriehannabekkervomrath.de\/wp-content\/uploads\/Mohr-17.02.24_0001-3.-Korr-151x150.jpg 151w, https:\/\/www.galeriehannabekkervomrath.de\/wp-content\/uploads\/Mohr-17.02.24_0001-3.-Korr-768x762.jpg 768w, https:\/\/www.galeriehannabekkervomrath.de\/wp-content\/uploads\/Mohr-17.02.24_0001-3.-Korr-1536x1524.jpg 1536w, https:\/\/www.galeriehannabekkervomrath.de\/wp-content\/uploads\/Mohr-17.02.24_0001-3.-Korr-2048x2032.jpg 2048w, https:\/\/www.galeriehannabekkervomrath.de\/wp-content\/uploads\/Mohr-17.02.24_0001-3.-Korr-12x12.jpg 12w, https:\/\/www.galeriehannabekkervomrath.de\/wp-content\/uploads\/Mohr-17.02.24_0001-3.-Korr-1320x1310.jpg 1320w, https:\/\/www.galeriehannabekkervomrath.de\/wp-content\/uploads\/Mohr-17.02.24_0001-3.-Korr.jpg 1210w\" sizes=\"auto, (max-width: 400px) 100vw, 400px\"  data-dt-location=\"https:\/\/www.galeriehannabekkervomrath.de\/en\/michael-mohr\/mohr-17-02-24_0001-3-korr\/\" \/><\/a><figcaption class=\"vc_figure-caption\">31.12.2023, oil on canvas, 140 x 140 cm<\/figcaption>\n\t\t<\/figure>\n\t<\/div>\n\n\t<div  class=\"wpb_single_image wpb_content_element vc_align_left\">\n\t\t\n\t\t<figure class=\"wpb_wrapper vc_figure\">\n\t\t\t<a href=\"https:\/\/www.galeriehannabekkervomrath.de\/wp-content\/uploads\/03_Mohr_05.03.19_frei-scaled.jpg\" target=\"_self\" data-large_image_width=\"2560\" data-large_image_height=\"713\"  class=\"vc_single_image-wrapper   vc_box_border_grey dt-pswp-item rollover rollover-zoom\"   ><img loading=\"lazy\" decoding=\"async\" width=\"400\" height=\"111\" src=\"https:\/\/www.galeriehannabekkervomrath.de\/wp-content\/uploads\/03_Mohr_05.03.19_frei-400x111.jpg\" class=\"vc_single_image-img attachment-medium\" alt=\"\" title=\"03_Mohr_05.03.19_frei\" srcset=\"https:\/\/www.galeriehannabekkervomrath.de\/wp-content\/uploads\/03_Mohr_05.03.19_frei-400x111.jpg 400w, https:\/\/www.galeriehannabekkervomrath.de\/wp-content\/uploads\/03_Mohr_05.03.19_frei-1100x307.jpg 1100w, https:\/\/www.galeriehannabekkervomrath.de\/wp-content\/uploads\/03_Mohr_05.03.19_frei-200x56.jpg 200w, https:\/\/www.galeriehannabekkervomrath.de\/wp-content\/uploads\/03_Mohr_05.03.19_frei-768x214.jpg 768w, https:\/\/www.galeriehannabekkervomrath.de\/wp-content\/uploads\/03_Mohr_05.03.19_frei-1536x428.jpg 1536w, https:\/\/www.galeriehannabekkervomrath.de\/wp-content\/uploads\/03_Mohr_05.03.19_frei-2048x571.jpg 2048w, https:\/\/www.galeriehannabekkervomrath.de\/wp-content\/uploads\/03_Mohr_05.03.19_frei-18x5.jpg 18w, https:\/\/www.galeriehannabekkervomrath.de\/wp-content\/uploads\/03_Mohr_05.03.19_frei-1320x368.jpg 1320w\" sizes=\"auto, (max-width: 400px) 100vw, 400px\"  data-dt-location=\"https:\/\/www.galeriehannabekkervomrath.de\/en\/michael-mohr\/03_mohr_05-03-19_frei\/\" \/><\/a><figcaption class=\"vc_figure-caption\">31.12.2013, oil on wood, 50 x 184 cm\n\n<\/figcaption>\n\t\t<\/figure>\n\t<\/div>\n\n\t<div  class=\"wpb_single_image wpb_content_element vc_align_left\">\n\t\t\n\t\t<figure class=\"wpb_wrapper vc_figure\">\n\t\t\t<a href=\"https:\/\/www.galeriehannabekkervomrath.de\/wp-content\/uploads\/06-Mohr_08.12.19_0728.jpg\" target=\"_self\" data-large_image_width=\"1200\" data-large_image_height=\"1200\"  class=\"vc_single_image-wrapper   vc_box_border_grey dt-pswp-item rollover rollover-zoom\"   ><img loading=\"lazy\" decoding=\"async\" width=\"400\" height=\"400\" src=\"https:\/\/www.galeriehannabekkervomrath.de\/wp-content\/uploads\/06-Mohr_08.12.19_0728-400x400.jpg\" class=\"vc_single_image-img attachment-medium\" alt=\"\" title=\"06 Mohr_08.12.19_0728\" srcset=\"https:\/\/www.galeriehannabekkervomrath.de\/wp-content\/uploads\/06-Mohr_08.12.19_0728-400x400.jpg 400w, https:\/\/www.galeriehannabekkervomrath.de\/wp-content\/uploads\/06-Mohr_08.12.19_0728-1100x1100.jpg 1100w, https:\/\/www.galeriehannabekkervomrath.de\/wp-content\/uploads\/06-Mohr_08.12.19_0728-150x150.jpg 150w, https:\/\/www.galeriehannabekkervomrath.de\/wp-content\/uploads\/06-Mohr_08.12.19_0728-768x768.jpg 768w, https:\/\/www.galeriehannabekkervomrath.de\/wp-content\/uploads\/06-Mohr_08.12.19_0728-12x12.jpg 12w, https:\/\/www.galeriehannabekkervomrath.de\/wp-content\/uploads\/06-Mohr_08.12.19_0728-1320x1320.jpg 1320w, https:\/\/www.galeriehannabekkervomrath.de\/wp-content\/uploads\/06-Mohr_08.12.19_0728.jpg 1200w\" sizes=\"auto, (max-width: 400px) 100vw, 400px\"  data-dt-location=\"https:\/\/www.galeriehannabekkervomrath.de\/en\/michael-mohr\/06-mohr_08-12-19_0728\/\" \/><\/a><figcaption class=\"vc_figure-caption\">3.4.2012, oil on wood, 30 x 30 cm\n<\/figcaption>\n\t\t<\/figure>\n\t<\/div>\n\n\t<div  class=\"wpb_single_image wpb_content_element vc_align_left\">\n\t\t\n\t\t<figure class=\"wpb_wrapper vc_figure\">\n\t\t\t<a href=\"https:\/\/www.galeriehannabekkervomrath.de\/wp-content\/uploads\/02-Mohr_30.11.19_0722_frei-4.jpg\" target=\"_self\" data-large_image_width=\"1200\" data-large_image_height=\"1208\"  class=\"vc_single_image-wrapper   vc_box_border_grey dt-pswp-item rollover rollover-zoom\"   ><img loading=\"lazy\" decoding=\"async\" width=\"397\" height=\"400\" src=\"https:\/\/www.galeriehannabekkervomrath.de\/wp-content\/uploads\/02-Mohr_30.11.19_0722_frei-4-397x400.jpg\" class=\"vc_single_image-img attachment-medium\" alt=\"\" title=\"02 Mohr_30.11.19_0722_free 4\" srcset=\"https:\/\/www.galeriehannabekkervomrath.de\/wp-content\/uploads\/02-Mohr_30.11.19_0722_frei-4-397x400.jpg 397w, https:\/\/www.galeriehannabekkervomrath.de\/wp-content\/uploads\/02-Mohr_30.11.19_0722_frei-4-1092x1100.jpg 1092w, https:\/\/www.galeriehannabekkervomrath.de\/wp-content\/uploads\/02-Mohr_30.11.19_0722_frei-4-149x150.jpg 149w, https:\/\/www.galeriehannabekkervomrath.de\/wp-content\/uploads\/02-Mohr_30.11.19_0722_frei-4-768x773.jpg 768w, https:\/\/www.galeriehannabekkervomrath.de\/wp-content\/uploads\/02-Mohr_30.11.19_0722_frei-4-12x12.jpg 12w, https:\/\/www.galeriehannabekkervomrath.de\/wp-content\/uploads\/02-Mohr_30.11.19_0722_frei-4-1320x1329.jpg 1320w, https:\/\/www.galeriehannabekkervomrath.de\/wp-content\/uploads\/02-Mohr_30.11.19_0722_frei-4.jpg 1200w\" sizes=\"auto, (max-width: 397px) 100vw, 397px\"  data-dt-location=\"https:\/\/www.galeriehannabekkervomrath.de\/en\/michael-mohr\/02-mohr_30-11-19_0722_frei-4\/\" \/><\/a><figcaption class=\"vc_figure-caption\">2.4..2011, oil on wood, 30 x 30 cm\n<\/figcaption>\n\t\t<\/figure>\n\t<\/div>\n\n\t<div  class=\"wpb_single_image wpb_content_element vc_align_left\">\n\t\t\n\t\t<figure class=\"wpb_wrapper vc_figure\">\n\t\t\t<a href=\"https:\/\/www.galeriehannabekkervomrath.de\/wp-content\/uploads\/04_Mohr_04.04.21_frei.jpg\" target=\"_self\" data-large_image_width=\"1203\" data-large_image_height=\"1200\"  class=\"vc_single_image-wrapper   vc_box_border_grey dt-pswp-item rollover rollover-zoom\"   ><img loading=\"lazy\" decoding=\"async\" width=\"400\" height=\"400\" src=\"https:\/\/www.galeriehannabekkervomrath.de\/wp-content\/uploads\/04_Mohr_04.04.21_frei-400x400.jpg\" class=\"vc_single_image-img attachment-medium\" alt=\"\" title=\"04_Mohr_04.04.21_frei\" srcset=\"https:\/\/www.galeriehannabekkervomrath.de\/wp-content\/uploads\/04_Mohr_04.04.21_frei-400x400.jpg 400w, https:\/\/www.galeriehannabekkervomrath.de\/wp-content\/uploads\/04_Mohr_04.04.21_frei-1100x1098.jpg 1100w, https:\/\/www.galeriehannabekkervomrath.de\/wp-content\/uploads\/04_Mohr_04.04.21_frei-150x150.jpg 150w, https:\/\/www.galeriehannabekkervomrath.de\/wp-content\/uploads\/04_Mohr_04.04.21_frei-768x766.jpg 768w, https:\/\/www.galeriehannabekkervomrath.de\/wp-content\/uploads\/04_Mohr_04.04.21_frei-1536x1533.jpg 1536w, https:\/\/www.galeriehannabekkervomrath.de\/wp-content\/uploads\/04_Mohr_04.04.21_frei-2048x2044.jpg 2048w, https:\/\/www.galeriehannabekkervomrath.de\/wp-content\/uploads\/04_Mohr_04.04.21_frei-12x12.jpg 12w, https:\/\/www.galeriehannabekkervomrath.de\/wp-content\/uploads\/04_Mohr_04.04.21_frei-1320x1317.jpg 1320w, https:\/\/www.galeriehannabekkervomrath.de\/wp-content\/uploads\/04_Mohr_04.04.21_frei.jpg 1203w\" sizes=\"auto, (max-width: 400px) 100vw, 400px\"  data-dt-location=\"https:\/\/www.galeriehannabekkervomrath.de\/en\/michael-mohr\/04_mohr_04-04-21_frei\/\" \/><\/a><figcaption class=\"vc_figure-caption\">5.8.2008, oil on wood, 60 x 60 cm<\/figcaption>\n\t\t<\/figure>\n\t<\/div>\n\n\t<div  class=\"wpb_single_image wpb_content_element vc_align_left\">\n\t\t\n\t\t<figure class=\"wpb_wrapper vc_figure\">\n\t\t\t<a href=\"https:\/\/www.galeriehannabekkervomrath.de\/wp-content\/uploads\/01-Mohr-Kohlezeichnung-13.04.23-bearb.jpg\" target=\"_self\" data-large_image_width=\"1200\" data-large_image_height=\"1200\"  class=\"vc_single_image-wrapper   vc_box_border_grey dt-pswp-item rollover rollover-zoom\"   ><img loading=\"lazy\" decoding=\"async\" width=\"400\" height=\"400\" src=\"https:\/\/www.galeriehannabekkervomrath.de\/wp-content\/uploads\/01-Mohr-Kohlezeichnung-13.04.23-bearb-400x400.jpg\" class=\"vc_single_image-img attachment-medium\" alt=\"\" title=\"01 Mohr charcoal drawing 13.04.23 edited\" srcset=\"https:\/\/www.galeriehannabekkervomrath.de\/wp-content\/uploads\/01-Mohr-Kohlezeichnung-13.04.23-bearb-400x400.jpg 400w, https:\/\/www.galeriehannabekkervomrath.de\/wp-content\/uploads\/01-Mohr-Kohlezeichnung-13.04.23-bearb-1100x1100.jpg 1100w, https:\/\/www.galeriehannabekkervomrath.de\/wp-content\/uploads\/01-Mohr-Kohlezeichnung-13.04.23-bearb-150x150.jpg 150w, https:\/\/www.galeriehannabekkervomrath.de\/wp-content\/uploads\/01-Mohr-Kohlezeichnung-13.04.23-bearb-768x768.jpg 768w, https:\/\/www.galeriehannabekkervomrath.de\/wp-content\/uploads\/01-Mohr-Kohlezeichnung-13.04.23-bearb-1536x1536.jpg 1536w, https:\/\/www.galeriehannabekkervomrath.de\/wp-content\/uploads\/01-Mohr-Kohlezeichnung-13.04.23-bearb-2048x2048.jpg 2048w, https:\/\/www.galeriehannabekkervomrath.de\/wp-content\/uploads\/01-Mohr-Kohlezeichnung-13.04.23-bearb-12x12.jpg 12w, https:\/\/www.galeriehannabekkervomrath.de\/wp-content\/uploads\/01-Mohr-Kohlezeichnung-13.04.23-bearb-1320x1320.jpg 1320w, https:\/\/www.galeriehannabekkervomrath.de\/wp-content\/uploads\/01-Mohr-Kohlezeichnung-13.04.23-bearb.jpg 1200w\" sizes=\"auto, (max-width: 400px) 100vw, 400px\"  data-dt-location=\"https:\/\/www.galeriehannabekkervomrath.de\/en\/michael-mohr\/01-mohr-kohlezeichnung-13-04-23-bearb\/\" \/><\/a><figcaption class=\"vc_figure-caption\">Charcoal, graphite, chalk, 2022, 20 x 20 cm\n\n<\/figcaption>\n\t\t<\/figure>\n\t<\/div>\n\n\t<div  class=\"wpb_single_image wpb_content_element vc_align_left\">\n\t\t\n\t\t<figure class=\"wpb_wrapper vc_figure\">\n\t\t\t<a href=\"https:\/\/www.galeriehannabekkervomrath.de\/wp-content\/uploads\/03-Mohr-Kohlezeichnung-13.04.23-3-2.jpg\" target=\"_self\" data-large_image_width=\"1200\" data-large_image_height=\"1207\"  class=\"vc_single_image-wrapper   vc_box_border_grey dt-pswp-item rollover rollover-zoom\"   ><img loading=\"lazy\" decoding=\"async\" width=\"398\" height=\"400\" src=\"https:\/\/www.galeriehannabekkervomrath.de\/wp-content\/uploads\/03-Mohr-Kohlezeichnung-13.04.23-3-2-398x400.jpg\" class=\"vc_single_image-img attachment-medium\" alt=\"\" title=\"03 Mohr charcoal drawing 13.04.23 (3) 2\" srcset=\"https:\/\/www.galeriehannabekkervomrath.de\/wp-content\/uploads\/03-Mohr-Kohlezeichnung-13.04.23-3-2-398x400.jpg 398w, https:\/\/www.galeriehannabekkervomrath.de\/wp-content\/uploads\/03-Mohr-Kohlezeichnung-13.04.23-3-2-1094x1100.jpg 1094w, https:\/\/www.galeriehannabekkervomrath.de\/wp-content\/uploads\/03-Mohr-Kohlezeichnung-13.04.23-3-2-149x150.jpg 149w, https:\/\/www.galeriehannabekkervomrath.de\/wp-content\/uploads\/03-Mohr-Kohlezeichnung-13.04.23-3-2-768x772.jpg 768w, https:\/\/www.galeriehannabekkervomrath.de\/wp-content\/uploads\/03-Mohr-Kohlezeichnung-13.04.23-3-2-1528x1536.jpg 1528w, https:\/\/www.galeriehannabekkervomrath.de\/wp-content\/uploads\/03-Mohr-Kohlezeichnung-13.04.23-3-2-2037x2048.jpg 2037w, https:\/\/www.galeriehannabekkervomrath.de\/wp-content\/uploads\/03-Mohr-Kohlezeichnung-13.04.23-3-2-12x12.jpg 12w, https:\/\/www.galeriehannabekkervomrath.de\/wp-content\/uploads\/03-Mohr-Kohlezeichnung-13.04.23-3-2-1320x1327.jpg 1320w, https:\/\/www.galeriehannabekkervomrath.de\/wp-content\/uploads\/03-Mohr-Kohlezeichnung-13.04.23-3-2.jpg 1200w\" sizes=\"auto, (max-width: 398px) 100vw, 398px\"  data-dt-location=\"https:\/\/www.galeriehannabekkervomrath.de\/en\/michael-mohr\/03-mohr-kohlezeichnung-13-04-23-3-2\/\" \/><\/a><figcaption class=\"vc_figure-caption\">Graphite, charcoal, chalk, 2022, 20 x 20 cm\n<\/figcaption>\n\t\t<\/figure>\n\t<\/div>\n<\/div><\/div><\/div><div class=\"wpb_column vc_column_container vc_col-sm-4\"><div class=\"vc_column-inner\"><div class=\"wpb_wrapper\">\n\t<div  class=\"wpb_single_image wpb_content_element vc_align_left\">\n\t\t\n\t\t<figure class=\"wpb_wrapper vc_figure\">\n\t\t\t<a href=\"https:\/\/www.galeriehannabekkervomrath.de\/wp-content\/uploads\/09-Mohr_Sylvester-2019-08.02.20_0754_frei.jpg\" target=\"_self\" data-large_image_width=\"1205\" data-large_image_height=\"1200\"  class=\"vc_single_image-wrapper   vc_box_border_grey dt-pswp-item rollover rollover-zoom\"   ><img loading=\"lazy\" decoding=\"async\" width=\"400\" height=\"398\" src=\"https:\/\/www.galeriehannabekkervomrath.de\/wp-content\/uploads\/09-Mohr_Sylvester-2019-08.02.20_0754_frei-400x398.jpg\" class=\"vc_single_image-img attachment-medium\" alt=\"\" title=\"09 Mohr_Sylvester 2019 08.02.20_0754_free\" srcset=\"https:\/\/www.galeriehannabekkervomrath.de\/wp-content\/uploads\/09-Mohr_Sylvester-2019-08.02.20_0754_frei-400x398.jpg 400w, https:\/\/www.galeriehannabekkervomrath.de\/wp-content\/uploads\/09-Mohr_Sylvester-2019-08.02.20_0754_frei-1100x1095.jpg 1100w, https:\/\/www.galeriehannabekkervomrath.de\/wp-content\/uploads\/09-Mohr_Sylvester-2019-08.02.20_0754_frei-151x150.jpg 151w, https:\/\/www.galeriehannabekkervomrath.de\/wp-content\/uploads\/09-Mohr_Sylvester-2019-08.02.20_0754_frei-768x765.jpg 768w, https:\/\/www.galeriehannabekkervomrath.de\/wp-content\/uploads\/09-Mohr_Sylvester-2019-08.02.20_0754_frei-12x12.jpg 12w, https:\/\/www.galeriehannabekkervomrath.de\/wp-content\/uploads\/09-Mohr_Sylvester-2019-08.02.20_0754_frei-1320x1314.jpg 1320w, https:\/\/www.galeriehannabekkervomrath.de\/wp-content\/uploads\/09-Mohr_Sylvester-2019-08.02.20_0754_frei.jpg 1205w\" sizes=\"auto, (max-width: 400px) 100vw, 400px\"  data-dt-location=\"https:\/\/www.galeriehannabekkervomrath.de\/en\/michael-mohr\/09-mohr_sylvester-2019-08-02-20_0754_frei\/\" \/><\/a><figcaption class=\"vc_figure-caption\">31.12.2019, oil on wood<\/figcaption>\n\t\t<\/figure>\n\t<\/div>\n\n\t<div  class=\"wpb_single_image wpb_content_element vc_align_left\">\n\t\t\n\t\t<figure class=\"wpb_wrapper vc_figure\">\n\t\t\t<a href=\"https:\/\/www.galeriehannabekkervomrath.de\/wp-content\/uploads\/01_Mohr-_frei_04.04.21-scaled.jpg\" target=\"_self\" data-large_image_width=\"1200\" data-large_image_height=\"1586\"  class=\"vc_single_image-wrapper   vc_box_border_grey dt-pswp-item rollover rollover-zoom\"   ><img loading=\"lazy\" decoding=\"async\" width=\"303\" height=\"400\" src=\"https:\/\/www.galeriehannabekkervomrath.de\/wp-content\/uploads\/01_Mohr-_frei_04.04.21-303x400.jpg\" class=\"vc_single_image-img attachment-medium\" alt=\"\" title=\"01_Mohr _free_04.04.21\" srcset=\"https:\/\/www.galeriehannabekkervomrath.de\/wp-content\/uploads\/01_Mohr-_frei_04.04.21-303x400.jpg 303w, https:\/\/www.galeriehannabekkervomrath.de\/wp-content\/uploads\/01_Mohr-_frei_04.04.21-832x1100.jpg 832w, https:\/\/www.galeriehannabekkervomrath.de\/wp-content\/uploads\/01_Mohr-_frei_04.04.21-114x150.jpg 114w, https:\/\/www.galeriehannabekkervomrath.de\/wp-content\/uploads\/01_Mohr-_frei_04.04.21-768x1015.jpg 768w, https:\/\/www.galeriehannabekkervomrath.de\/wp-content\/uploads\/01_Mohr-_frei_04.04.21-1162x1536.jpg 1162w, https:\/\/www.galeriehannabekkervomrath.de\/wp-content\/uploads\/01_Mohr-_frei_04.04.21-1550x2048.jpg 1550w, https:\/\/www.galeriehannabekkervomrath.de\/wp-content\/uploads\/01_Mohr-_frei_04.04.21-9x12.jpg 9w, https:\/\/www.galeriehannabekkervomrath.de\/wp-content\/uploads\/01_Mohr-_frei_04.04.21-1320x1744.jpg 1320w, https:\/\/www.galeriehannabekkervomrath.de\/wp-content\/uploads\/01_Mohr-_frei_04.04.21-scaled.jpg 1200w\" sizes=\"auto, (max-width: 303px) 100vw, 303px\"  data-dt-location=\"https:\/\/www.galeriehannabekkervomrath.de\/en\/michael-mohr\/01_mohr-_frei_04-04-21\/\" \/><\/a><figcaption class=\"vc_figure-caption\">31.12.2020, oil on wood, 80 x 60 cm<\/figcaption>\n\t\t<\/figure>\n\t<\/div>\n\n\t<div  class=\"wpb_single_image wpb_content_element vc_align_left\">\n\t\t\n\t\t<figure class=\"wpb_wrapper vc_figure\">\n\t\t\t<a href=\"https:\/\/www.galeriehannabekkervomrath.de\/wp-content\/uploads\/01_Mohr_11.03.19_frei-scaled.jpg\" target=\"_self\" data-large_image_width=\"1200\" data-large_image_height=\"2358\"  class=\"vc_single_image-wrapper   vc_box_border_grey dt-pswp-item rollover rollover-zoom\"   ><img loading=\"lazy\" decoding=\"async\" width=\"204\" height=\"400\" src=\"https:\/\/www.galeriehannabekkervomrath.de\/wp-content\/uploads\/01_Mohr_11.03.19_frei-204x400.jpg\" class=\"vc_single_image-img attachment-medium\" alt=\"\" title=\"01_Mohr_11.03.19_frei\" srcset=\"https:\/\/www.galeriehannabekkervomrath.de\/wp-content\/uploads\/01_Mohr_11.03.19_frei-204x400.jpg 204w, https:\/\/www.galeriehannabekkervomrath.de\/wp-content\/uploads\/01_Mohr_11.03.19_frei-560x1100.jpg 560w, https:\/\/www.galeriehannabekkervomrath.de\/wp-content\/uploads\/01_Mohr_11.03.19_frei-76x150.jpg 76w, https:\/\/www.galeriehannabekkervomrath.de\/wp-content\/uploads\/01_Mohr_11.03.19_frei-768x1509.jpg 768w, https:\/\/www.galeriehannabekkervomrath.de\/wp-content\/uploads\/01_Mohr_11.03.19_frei-782x1536.jpg 782w, https:\/\/www.galeriehannabekkervomrath.de\/wp-content\/uploads\/01_Mohr_11.03.19_frei-1042x2048.jpg 1042w, https:\/\/www.galeriehannabekkervomrath.de\/wp-content\/uploads\/01_Mohr_11.03.19_frei-6x12.jpg 6w, https:\/\/www.galeriehannabekkervomrath.de\/wp-content\/uploads\/01_Mohr_11.03.19_frei-1320x2594.jpg 1320w, https:\/\/www.galeriehannabekkervomrath.de\/wp-content\/uploads\/01_Mohr_11.03.19_frei-scaled.jpg 1200w\" sizes=\"auto, (max-width: 204px) 100vw, 204px\"  data-dt-location=\"https:\/\/www.galeriehannabekkervomrath.de\/en\/michael-mohr\/01_mohr_11-03-19_frei\/\" \/><\/a><figcaption class=\"vc_figure-caption\">31.12.2018, oil on wood, 100 x 50 cm\n\n<\/figcaption>\n\t\t<\/figure>\n\t<\/div>\n\n\t<div  class=\"wpb_single_image wpb_content_element vc_align_left\">\n\t\t\n\t\t<figure class=\"wpb_wrapper vc_figure\">\n\t\t\t<a href=\"https:\/\/www.galeriehannabekkervomrath.de\/wp-content\/uploads\/21_Mohr-1-2.jpeg\" target=\"_self\" data-large_image_width=\"1202\" data-large_image_height=\"1200\"  class=\"vc_single_image-wrapper   vc_box_border_grey dt-pswp-item rollover rollover-zoom\"   ><img loading=\"lazy\" decoding=\"async\" width=\"400\" height=\"400\" src=\"https:\/\/www.galeriehannabekkervomrath.de\/wp-content\/uploads\/21_Mohr-1-2-400x400.jpeg\" class=\"vc_single_image-img attachment-medium\" alt=\"\" title=\"21_Mohr 1 2\" srcset=\"https:\/\/www.galeriehannabekkervomrath.de\/wp-content\/uploads\/21_Mohr-1-2-400x400.jpeg 400w, https:\/\/www.galeriehannabekkervomrath.de\/wp-content\/uploads\/21_Mohr-1-2-1100x1098.jpeg 1100w, https:\/\/www.galeriehannabekkervomrath.de\/wp-content\/uploads\/21_Mohr-1-2-150x150.jpeg 150w, https:\/\/www.galeriehannabekkervomrath.de\/wp-content\/uploads\/21_Mohr-1-2-768x767.jpeg 768w, https:\/\/www.galeriehannabekkervomrath.de\/wp-content\/uploads\/21_Mohr-1-2-1536x1534.jpeg 1536w, https:\/\/www.galeriehannabekkervomrath.de\/wp-content\/uploads\/21_Mohr-1-2-12x12.jpeg 12w, https:\/\/www.galeriehannabekkervomrath.de\/wp-content\/uploads\/21_Mohr-1-2-1320x1318.jpeg 1320w, https:\/\/www.galeriehannabekkervomrath.de\/wp-content\/uploads\/21_Mohr-1-2.jpeg 1202w\" sizes=\"auto, (max-width: 400px) 100vw, 400px\"  data-dt-location=\"https:\/\/www.galeriehannabekkervomrath.de\/en\/michael-mohr\/21_mohr-1-2\/\" \/><\/a><figcaption class=\"vc_figure-caption\">2.5..2008, oil on wood, 30 x 30 cm<\/figcaption>\n\t\t<\/figure>\n\t<\/div>\n\n\t<div  class=\"wpb_single_image wpb_content_element vc_align_left\">\n\t\t\n\t\t<figure class=\"wpb_wrapper vc_figure\">\n\t\t\t<a href=\"https:\/\/www.galeriehannabekkervomrath.de\/wp-content\/uploads\/06-Mohr-Kohlezeichnung-13.04.23-6-2.jpg\" target=\"_self\" data-large_image_width=\"1200\" data-large_image_height=\"1200\"  class=\"vc_single_image-wrapper   vc_box_border_grey dt-pswp-item rollover rollover-zoom\"   ><img loading=\"lazy\" decoding=\"async\" width=\"400\" height=\"400\" src=\"https:\/\/www.galeriehannabekkervomrath.de\/wp-content\/uploads\/06-Mohr-Kohlezeichnung-13.04.23-6-2-400x400.jpg\" class=\"vc_single_image-img attachment-medium\" alt=\"\" title=\"06 Mohr charcoal drawing 13.04.23 (6) 2\" srcset=\"https:\/\/www.galeriehannabekkervomrath.de\/wp-content\/uploads\/06-Mohr-Kohlezeichnung-13.04.23-6-2-400x400.jpg 400w, https:\/\/www.galeriehannabekkervomrath.de\/wp-content\/uploads\/06-Mohr-Kohlezeichnung-13.04.23-6-2-1100x1100.jpg 1100w, https:\/\/www.galeriehannabekkervomrath.de\/wp-content\/uploads\/06-Mohr-Kohlezeichnung-13.04.23-6-2-150x150.jpg 150w, https:\/\/www.galeriehannabekkervomrath.de\/wp-content\/uploads\/06-Mohr-Kohlezeichnung-13.04.23-6-2-768x768.jpg 768w, https:\/\/www.galeriehannabekkervomrath.de\/wp-content\/uploads\/06-Mohr-Kohlezeichnung-13.04.23-6-2-1536x1536.jpg 1536w, https:\/\/www.galeriehannabekkervomrath.de\/wp-content\/uploads\/06-Mohr-Kohlezeichnung-13.04.23-6-2-2048x2048.jpg 2048w, https:\/\/www.galeriehannabekkervomrath.de\/wp-content\/uploads\/06-Mohr-Kohlezeichnung-13.04.23-6-2-12x12.jpg 12w, https:\/\/www.galeriehannabekkervomrath.de\/wp-content\/uploads\/06-Mohr-Kohlezeichnung-13.04.23-6-2-1320x1320.jpg 1320w, https:\/\/www.galeriehannabekkervomrath.de\/wp-content\/uploads\/06-Mohr-Kohlezeichnung-13.04.23-6-2.jpg 1200w\" sizes=\"auto, (max-width: 400px) 100vw, 400px\"  data-dt-location=\"https:\/\/www.galeriehannabekkervomrath.de\/en\/michael-mohr\/06-mohr-kohlezeichnung-13-04-23-6-2\/\" \/><\/a><figcaption class=\"vc_figure-caption\">Graphite, charcoal, chalk, 2022, 20 x 20 cm<\/figcaption>\n\t\t<\/figure>\n\t<\/div>\n<\/div><\/div><\/div><div class=\"wpb_column vc_column_container vc_col-sm-4\"><div class=\"vc_column-inner\"><div class=\"wpb_wrapper\">\n\t<div  class=\"wpb_single_image wpb_content_element vc_align_left\">\n\t\t\n\t\t<figure class=\"wpb_wrapper vc_figure\">\n\t\t\t<a href=\"https:\/\/www.galeriehannabekkervomrath.de\/wp-content\/uploads\/10-Mohr_Sylvester-2019-08.02.20_0755_frei.jpg\" target=\"_self\" data-large_image_width=\"1200\" data-large_image_height=\"1201\"  class=\"vc_single_image-wrapper   vc_box_border_grey dt-pswp-item rollover rollover-zoom\"   ><img loading=\"lazy\" decoding=\"async\" width=\"400\" height=\"400\" src=\"https:\/\/www.galeriehannabekkervomrath.de\/wp-content\/uploads\/10-Mohr_Sylvester-2019-08.02.20_0755_frei-400x400.jpg\" class=\"vc_single_image-img attachment-medium\" alt=\"\" title=\"10 Mohr_Sylvester 2019 08.02.20_0755_free\" srcset=\"https:\/\/www.galeriehannabekkervomrath.de\/wp-content\/uploads\/10-Mohr_Sylvester-2019-08.02.20_0755_frei-400x400.jpg 400w, https:\/\/www.galeriehannabekkervomrath.de\/wp-content\/uploads\/10-Mohr_Sylvester-2019-08.02.20_0755_frei-1100x1100.jpg 1100w, https:\/\/www.galeriehannabekkervomrath.de\/wp-content\/uploads\/10-Mohr_Sylvester-2019-08.02.20_0755_frei-150x150.jpg 150w, https:\/\/www.galeriehannabekkervomrath.de\/wp-content\/uploads\/10-Mohr_Sylvester-2019-08.02.20_0755_frei-768x769.jpg 768w, https:\/\/www.galeriehannabekkervomrath.de\/wp-content\/uploads\/10-Mohr_Sylvester-2019-08.02.20_0755_frei-12x12.jpg 12w, https:\/\/www.galeriehannabekkervomrath.de\/wp-content\/uploads\/10-Mohr_Sylvester-2019-08.02.20_0755_frei-1320x1321.jpg 1320w, https:\/\/www.galeriehannabekkervomrath.de\/wp-content\/uploads\/10-Mohr_Sylvester-2019-08.02.20_0755_frei.jpg 1200w\" sizes=\"auto, (max-width: 400px) 100vw, 400px\"  data-dt-location=\"https:\/\/www.galeriehannabekkervomrath.de\/en\/michael-mohr\/10-mohr_sylvester-2019-08-02-20_0755_frei\/\" \/><\/a><figcaption class=\"vc_figure-caption\">31.12.2019, oil on wood, diptych, 120 x 60 cm\n<\/figcaption>\n\t\t<\/figure>\n\t<\/div>\n\n\t<div  class=\"wpb_single_image wpb_content_element vc_align_left\">\n\t\t\n\t\t<figure class=\"wpb_wrapper vc_figure\">\n\t\t\t<a href=\"https:\/\/www.galeriehannabekkervomrath.de\/wp-content\/uploads\/Mohr-13.02.2018_0223_1.Korr_.frei_-scaled.jpg\" target=\"_self\" data-large_image_width=\"1200\" data-large_image_height=\"1590\"  class=\"vc_single_image-wrapper   vc_box_border_grey dt-pswp-item rollover rollover-zoom\"   ><img loading=\"lazy\" decoding=\"async\" width=\"302\" height=\"400\" src=\"https:\/\/www.galeriehannabekkervomrath.de\/wp-content\/uploads\/Mohr-13.02.2018_0223_1.Korr_.frei_-302x400.jpg\" class=\"vc_single_image-img attachment-medium\" alt=\"\" title=\"Mohr 13.02.2018_0223_1.Korr.frei\" srcset=\"https:\/\/www.galeriehannabekkervomrath.de\/wp-content\/uploads\/Mohr-13.02.2018_0223_1.Korr_.frei_-302x400.jpg 302w, https:\/\/www.galeriehannabekkervomrath.de\/wp-content\/uploads\/Mohr-13.02.2018_0223_1.Korr_.frei_-830x1100.jpg 830w, https:\/\/www.galeriehannabekkervomrath.de\/wp-content\/uploads\/Mohr-13.02.2018_0223_1.Korr_.frei_-113x150.jpg 113w, https:\/\/www.galeriehannabekkervomrath.de\/wp-content\/uploads\/Mohr-13.02.2018_0223_1.Korr_.frei_-768x1018.jpg 768w, https:\/\/www.galeriehannabekkervomrath.de\/wp-content\/uploads\/Mohr-13.02.2018_0223_1.Korr_.frei_-1159x1536.jpg 1159w, https:\/\/www.galeriehannabekkervomrath.de\/wp-content\/uploads\/Mohr-13.02.2018_0223_1.Korr_.frei_-1546x2048.jpg 1546w, https:\/\/www.galeriehannabekkervomrath.de\/wp-content\/uploads\/Mohr-13.02.2018_0223_1.Korr_.frei_-9x12.jpg 9w, https:\/\/www.galeriehannabekkervomrath.de\/wp-content\/uploads\/Mohr-13.02.2018_0223_1.Korr_.frei_-1320x1749.jpg 1320w, https:\/\/www.galeriehannabekkervomrath.de\/wp-content\/uploads\/Mohr-13.02.2018_0223_1.Korr_.frei_-scaled.jpg 1200w\" sizes=\"auto, (max-width: 302px) 100vw, 302px\"  data-dt-location=\"https:\/\/www.galeriehannabekkervomrath.de\/en\/michael-mohr\/mohr-13-02-2018_0223_1-korr-frei\/\" \/><\/a><figcaption class=\"vc_figure-caption\">31.12.2017, oil on wood, 120 x 90 cm\n\n\n<\/figcaption>\n\t\t<\/figure>\n\t<\/div>\n\n\t<div  class=\"wpb_single_image wpb_content_element vc_align_left\">\n\t\t\n\t\t<figure class=\"wpb_wrapper vc_figure\">\n\t\t\t<a href=\"https:\/\/www.galeriehannabekkervomrath.de\/wp-content\/uploads\/08-Mohr_08.12.19_0730.jpg\" target=\"_self\" data-large_image_width=\"1200\" data-large_image_height=\"1201\"  class=\"vc_single_image-wrapper   vc_box_border_grey dt-pswp-item rollover rollover-zoom\"   ><img loading=\"lazy\" decoding=\"async\" width=\"400\" height=\"400\" src=\"https:\/\/www.galeriehannabekkervomrath.de\/wp-content\/uploads\/08-Mohr_08.12.19_0730-400x400.jpg\" class=\"vc_single_image-img attachment-medium\" alt=\"\" title=\"08 Mohr_08.12.19_0730\" srcset=\"https:\/\/www.galeriehannabekkervomrath.de\/wp-content\/uploads\/08-Mohr_08.12.19_0730-400x400.jpg 400w, https:\/\/www.galeriehannabekkervomrath.de\/wp-content\/uploads\/08-Mohr_08.12.19_0730-1100x1100.jpg 1100w, https:\/\/www.galeriehannabekkervomrath.de\/wp-content\/uploads\/08-Mohr_08.12.19_0730-150x150.jpg 150w, https:\/\/www.galeriehannabekkervomrath.de\/wp-content\/uploads\/08-Mohr_08.12.19_0730-768x769.jpg 768w, https:\/\/www.galeriehannabekkervomrath.de\/wp-content\/uploads\/08-Mohr_08.12.19_0730-12x12.jpg 12w, https:\/\/www.galeriehannabekkervomrath.de\/wp-content\/uploads\/08-Mohr_08.12.19_0730-1320x1321.jpg 1320w, https:\/\/www.galeriehannabekkervomrath.de\/wp-content\/uploads\/08-Mohr_08.12.19_0730.jpg 1200w\" sizes=\"auto, (max-width: 400px) 100vw, 400px\"  data-dt-location=\"https:\/\/www.galeriehannabekkervomrath.de\/en\/michael-mohr\/08-mohr_08-12-19_0730\/\" \/><\/a><figcaption class=\"vc_figure-caption\">3.4.2012, oil on wood, 30 x 30 cm\n<\/figcaption>\n\t\t<\/figure>\n\t<\/div>\n\n\t<div  class=\"wpb_single_image wpb_content_element vc_align_left\">\n\t\t\n\t\t<figure class=\"wpb_wrapper vc_figure\">\n\t\t\t<a href=\"https:\/\/www.galeriehannabekkervomrath.de\/wp-content\/uploads\/14_Mohr.jpg\" target=\"_self\" data-large_image_width=\"992\" data-large_image_height=\"986\"  class=\"vc_single_image-wrapper   vc_box_border_grey dt-pswp-item rollover rollover-zoom\"   ><img loading=\"lazy\" decoding=\"async\" width=\"400\" height=\"398\" src=\"https:\/\/www.galeriehannabekkervomrath.de\/wp-content\/uploads\/14_Mohr-400x398.jpg\" class=\"vc_single_image-img attachment-medium\" alt=\"\" title=\"14_Mohr\" srcset=\"https:\/\/www.galeriehannabekkervomrath.de\/wp-content\/uploads\/14_Mohr-400x398.jpg 400w, https:\/\/www.galeriehannabekkervomrath.de\/wp-content\/uploads\/14_Mohr-151x150.jpg 151w, https:\/\/www.galeriehannabekkervomrath.de\/wp-content\/uploads\/14_Mohr-768x763.jpg 768w, https:\/\/www.galeriehannabekkervomrath.de\/wp-content\/uploads\/14_Mohr-12x12.jpg 12w, https:\/\/www.galeriehannabekkervomrath.de\/wp-content\/uploads\/14_Mohr.jpg 992w\" sizes=\"auto, (max-width: 400px) 100vw, 400px\"  data-dt-location=\"https:\/\/www.galeriehannabekkervomrath.de\/en\/michael-mohr\/14_mohr\/\" \/><\/a><figcaption class=\"vc_figure-caption\">11.4.2009, oil on wood, 60 x 60 cm\n<\/figcaption>\n\t\t<\/figure>\n\t<\/div>\n\n\t<div  class=\"wpb_single_image wpb_content_element vc_align_left\">\n\t\t\n\t\t<figure class=\"wpb_wrapper vc_figure\">\n\t\t\t<a href=\"https:\/\/www.galeriehannabekkervomrath.de\/wp-content\/uploads\/11_Mohr-scaled.jpeg\" target=\"_self\" data-large_image_width=\"2560\" data-large_image_height=\"957\"  class=\"vc_single_image-wrapper   vc_box_border_grey dt-pswp-item rollover rollover-zoom\"   ><img loading=\"lazy\" decoding=\"async\" width=\"400\" height=\"150\" src=\"https:\/\/www.galeriehannabekkervomrath.de\/wp-content\/uploads\/11_Mohr-400x150.jpeg\" class=\"vc_single_image-img attachment-medium\" alt=\"\" title=\"11_Mohr\" srcset=\"https:\/\/www.galeriehannabekkervomrath.de\/wp-content\/uploads\/11_Mohr-400x150.jpeg 400w, https:\/\/www.galeriehannabekkervomrath.de\/wp-content\/uploads\/11_Mohr-1100x411.jpeg 1100w, https:\/\/www.galeriehannabekkervomrath.de\/wp-content\/uploads\/11_Mohr-200x75.jpeg 200w, https:\/\/www.galeriehannabekkervomrath.de\/wp-content\/uploads\/11_Mohr-768x287.jpeg 768w, https:\/\/www.galeriehannabekkervomrath.de\/wp-content\/uploads\/11_Mohr-1536x574.jpeg 1536w, https:\/\/www.galeriehannabekkervomrath.de\/wp-content\/uploads\/11_Mohr-2048x766.jpeg 2048w, https:\/\/www.galeriehannabekkervomrath.de\/wp-content\/uploads\/11_Mohr-18x7.jpeg 18w, https:\/\/www.galeriehannabekkervomrath.de\/wp-content\/uploads\/11_Mohr-1320x493.jpeg 1320w\" sizes=\"auto, (max-width: 400px) 100vw, 400px\"  data-dt-location=\"https:\/\/www.galeriehannabekkervomrath.de\/en\/michael-mohr\/11_mohr\/\" \/><\/a><figcaption class=\"vc_figure-caption\">11.9.2010, oil on cardboard, 37 x 100 cm\n<\/figcaption>\n\t\t<\/figure>\n\t<\/div>\n\n\t<div  class=\"wpb_single_image wpb_content_element vc_align_left\">\n\t\t\n\t\t<figure class=\"wpb_wrapper vc_figure\">\n\t\t\t<a href=\"https:\/\/www.galeriehannabekkervomrath.de\/wp-content\/uploads\/05-Mohr-Kohlezeichnung-13.04.23-5-2.jpg\" target=\"_self\" data-large_image_width=\"1200\" data-large_image_height=\"1200\"  class=\"vc_single_image-wrapper   vc_box_border_grey dt-pswp-item rollover rollover-zoom\"   ><img loading=\"lazy\" decoding=\"async\" width=\"400\" height=\"400\" src=\"https:\/\/www.galeriehannabekkervomrath.de\/wp-content\/uploads\/05-Mohr-Kohlezeichnung-13.04.23-5-2-400x400.jpg\" class=\"vc_single_image-img attachment-medium\" alt=\"\" title=\"05 Mohr charcoal drawing 13.04.23 (5) 2\" srcset=\"https:\/\/www.galeriehannabekkervomrath.de\/wp-content\/uploads\/05-Mohr-Kohlezeichnung-13.04.23-5-2-400x400.jpg 400w, https:\/\/www.galeriehannabekkervomrath.de\/wp-content\/uploads\/05-Mohr-Kohlezeichnung-13.04.23-5-2-1100x1100.jpg 1100w, https:\/\/www.galeriehannabekkervomrath.de\/wp-content\/uploads\/05-Mohr-Kohlezeichnung-13.04.23-5-2-150x150.jpg 150w, https:\/\/www.galeriehannabekkervomrath.de\/wp-content\/uploads\/05-Mohr-Kohlezeichnung-13.04.23-5-2-768x768.jpg 768w, https:\/\/www.galeriehannabekkervomrath.de\/wp-content\/uploads\/05-Mohr-Kohlezeichnung-13.04.23-5-2-1536x1536.jpg 1536w, https:\/\/www.galeriehannabekkervomrath.de\/wp-content\/uploads\/05-Mohr-Kohlezeichnung-13.04.23-5-2-2048x2048.jpg 2048w, https:\/\/www.galeriehannabekkervomrath.de\/wp-content\/uploads\/05-Mohr-Kohlezeichnung-13.04.23-5-2-12x12.jpg 12w, https:\/\/www.galeriehannabekkervomrath.de\/wp-content\/uploads\/05-Mohr-Kohlezeichnung-13.04.23-5-2-1320x1320.jpg 1320w, https:\/\/www.galeriehannabekkervomrath.de\/wp-content\/uploads\/05-Mohr-Kohlezeichnung-13.04.23-5-2.jpg 1200w\" sizes=\"auto, (max-width: 400px) 100vw, 400px\"  data-dt-location=\"https:\/\/www.galeriehannabekkervomrath.de\/en\/michael-mohr\/05-mohr-kohlezeichnung-13-04-23-5-2\/\" \/><\/a><figcaption class=\"vc_figure-caption\">Graphite, charcoal, chalk, 2022, 20 x 20 cm<\/figcaption>\n\t\t<\/figure>\n\t<\/div>\n<\/div><\/div><\/div><\/div><\/div><\/div><div class=\"vc_tta-panel\" id=\"1543913696482-38b43962-0ba7bcb2-4426\" data-vc-content=\".vc_tta-panel-body\"><div class=\"vc_tta-panel-heading\"><h4 class=\"vc_tta-panel-title\"><a href=\"#1543913696482-38b43962-0ba7bcb2-4426\" data-vc-accordion data-vc-container=\".vc_tta-container\"><span class=\"vc_tta-title-text\">biography<\/span><\/a><\/h4><\/div><div class=\"vc_tta-panel-body\">\n\t<div class=\"wpb_text_column wpb_content_element\" >\n\t\t<div class=\"wpb_wrapper\">\n\t\t\t<p><strong>Michael Mohr<\/strong><\/p>\n<p><strong>Born 1964 in Fulda, lives and works in Frankfurt a.M.\u00a0<\/strong><\/p>\n<p><strong>1979 - 82: Apprenticeship as a painter in a restoration workshop in Fulda <\/strong><\/p>\n<p><strong>1982 - 88: Studies at the Staatliche Hochschule f\u00fcr Bildende K\u00fcnste, St\u00e4delschule, Frankfurt a.M. with Thomas Bayrle and Johannes Schreiter\u00a0 <\/strong><\/p>\n<p><strong>1990: Annual Art Prize of the Frankfurter Verein f\u00fcr K\u00fcnstlerhilfe e.V.<\/strong><\/p>\n<p><strong>\u00a0Wall painting in St. Paul's Church in Steinau an der Stra\u00dfe <\/strong><\/p>\n<p><strong>2012\/13: extensive wall paintings in St. Mariae Himmelfahrt in Rommerz near Fulda;<\/strong><\/p>\n<p><strong>2016: Guest residency at Casa Baldi, Olevano, at the invitation of Villa Massimo, Rome\u00a0<\/strong><\/p>\n<p><strong>\u00a0<\/strong><\/p>\n<p><strong>Solo exhibitions (E) and participation in exhibitions (selection): (K): Catalog<\/strong><\/p>\n<p><strong>2024: Galerie Hanna Bekker vom Rath, Frankfurt a.M. (E) ; 2023: Galerie m50, Oberursel (together with Eckhard Gehrmann); 2020: Dr. Abel, Dr. Schulte, Frankfurt a.M. (E); 2019: Kinderakademie, Fulda; 2018: Galerie m50, Oberursel (together with Gerhard Wittner); 2017: H.W.Fichter Kunsthandel, Frankfurt a.M. (E\/K); 2016: K\u00fcnstlerverein Walkm\u00fchle, Wiesbaden (K); Galerie k9 aktuelle Kunst, Hanover (E); 2015: Museum Kronberg im Taunus; 2012: Vonderau Museum, Fulda (K); 2010: Galerie Nathalia Laue, Frankfurt a.M.; 2009: Galerie k9 aktuelle Kunst, Hanover (E); 2008: Le\u00dfmann&amp;Lenser, Aschaffenburg (E); 2007: Morat-lnstitut f\u00fcr Kunst und Kunstwissenschaft, Freiburg i.Br. (E\/K); H.W.Fichter Kunsthandel, Frankfurt a.M. (E); 2005: Museum Goch, Goch (E\/K); Vonderau Museum, Fulda (E\/K);Wilmington,Delaware\/USA (K); Georg-Meistermann-Museum, Wittlich (E\/K); 2004: Le\u00dfmann&amp;Lenser, Rodgau (E); 2003: 1822-Forum, Frankfurt a.M. (E\/K); Kunsthandel Dr. Bernhard Decker, Frankfurt a.M. (E); 2001: Galerie Bernd Slutzky, Frankfurt a.M. (E); 2000: Industrie und Handelskammer, Frankfurt a.M. (E); 1999: Raab Galerie, Berlin; 1998: Kunst-Raum Akademie, Weingarten; 1997: Turmschloss Holligen, Bern\/Switzerland; Raab Galerie, Berlin (E); Ausstellungsraum H\u00fcbner, Frankfurt a.M.; 1996: Galerie Buskies, Recklinghausen (E); 1995: Galerie Raab, Fulda (E); Kunst-Raum Akademie, Stuttgart (E); 1994: Galerie Bernd Slutzky, Frankfurt a.M. (E\/K); Kunstverein Frankfurt a.M. (K); 1993: Magdalen College Art Society, Oxford, England (E\/K); Galerie Elke Zink, Baden-Baden (E); Vonderau Museum, Fulda (E\/K); 1990: Galerie ak Hans Sworowski, Frankfurt a.M. (K); Galerie Bernd Slutzky, Frankfurt a.M. (E); 1989: Karmeliter Kloster Frankfurt a.M. (K); Kommunale Galerie im Leinwandhaus Frankfurt a.M. (E\/K); 1988: Vonderau Museum, Fulda (E\/K).<\/strong><\/p>\n<p><strong>\u00a0<\/strong><\/p>\n<p><strong>Bibliography:<\/strong><\/p>\n<p><strong>Michael Mohr, Zeichen Buch, text: Dorit Sch\u00e4fer, Michael Imhof-Verlag\/ Petersberg, 2021; Michael Mohr, <\/strong><strong>Olevano, Text: Isa Bickmann, Michael Imhof-Verlag \/ Petersberg, 2017; Michael Mohr,<\/strong> <strong>Landscape, contributions: Florian Illies and Christoph Sch\u00fctte, Michael Imhof-Verlag \/ Petersberg, 2014; Michael Mohr, Bilder 1995 - 2005, Morat-Institut f\u00fcr Kunst und Kunstwissenschaft \/ Freiburg i. Br., 2007; Michael Mohr, Bilder 1995 - 2005, ed.: Stephan Mann and Justinus Maria Calleen, texts: Reinhard Buskies, Justinus Maria Calleen and Stephan Kemperdick \/ Wittlich, Goch, Fulda, Freiburg i. Br., 2005; Michael Mohr,<\/strong> <strong>Painting, Text: Florian Illies, 1822-Forum \/ Frankfurt a.M., 2003; Michael Mohr, Malerei, Galerie Bernd Slutzky \/ Frankfurt a.M., 1994; Michael Mohr, Schwarz - Wei\u00df - Gr\u00fcn, Text: Stephan Mann, Galerie Bernd Slutzky \/ Frankfurt a.M., 1993; Michael Mohr, Text: Ursula Grzechca-Mohr, Vonderau Museum Fulda and Kommunale Galerie im Leinwandhaus \/ Frankfurt a.M., 1988<\/strong><\/p>\n\n\t\t<\/div>\n\t<\/div>\n\n\t<div class=\"wpb_text_column wpb_content_element\" >\n\t\t<div class=\"wpb_wrapper\">\n\t\t\t\n\t\t<\/div>\n\t<\/div>\n<\/div><\/div><\/div><\/div><\/div><\/div><\/div><\/div><\/div><\/div>\n<\/div>","protected":false},"excerpt":{"rendered":"<p>Michael MohrWorksBiographyWorks 31.12.2023, oil on canvas, 140 x 140 cm 31.12.2013, oil on wood, 50 x 184 cm 3.4.2012, oil on wood, 30 x 30 cm 2.4..2011, oil on wood, 30 x 30 cm 5.8.2008, oil on wood, 60 x 60 cm charcoal, graphite, chalk, 2022, 20 x 20 cm graphite, charcoal, chalk, 2022, 20...<\/p>","protected":false},"author":5,"featured_media":5997,"comment_status":"closed","ping_status":"closed","sticky":false,"template":"","format":"standard","meta":{"footnotes":""},"categories":[22],"tags":[],"class_list":["post-6425","post","type-post","status-publish","format-standard","has-post-thumbnail","hentry","category-kuenstler","category-22","description-off"],"yoast_head":"<!-- This site is optimized with the Yoast SEO plugin v27.5 - https:\/\/yoast.com\/product\/yoast-seo-wordpress\/ -->\n<title>Michael Mohr - Galerie Hanna Bekker vom Rath<\/title>\n<meta name=\"description\" content=\"GALERIE HANNA BEKKER VOM RATH, Braubachstra\u00dfe 12, Frankfurt am Main. Die Galerie zeigt neben klassischer Moderne in der Tradition Hanna Bekker vom Raths auch immer wieder Werke aus interessanten Nachl\u00e4ssen von K\u00fcnstlern.\" \/>\n<meta name=\"robots\" content=\"index, follow, max-snippet:-1, max-image-preview:large, max-video-preview:-1\" \/>\n<link rel=\"canonical\" href=\"https:\/\/www.galeriehannabekkervomrath.de\/en\/michael-mohr\/\" \/>\n<meta property=\"og:locale\" content=\"en_US\" \/>\n<meta property=\"og:type\" content=\"article\" \/>\n<meta property=\"og:title\" content=\"Michael Mohr - Galerie Hanna Bekker vom Rath\" \/>\n<meta property=\"og:description\" content=\"GALERIE HANNA BEKKER VOM RATH, Braubachstra\u00dfe 12, Frankfurt am Main. Die Galerie zeigt neben klassischer Moderne in der Tradition Hanna Bekker vom Raths auch immer wieder Werke aus interessanten Nachl\u00e4ssen von K\u00fcnstlern.\" \/>\n<meta property=\"og:url\" content=\"https:\/\/www.galeriehannabekkervomrath.de\/en\/michael-mohr\/\" \/>\n<meta property=\"og:site_name\" content=\"Galerie Hanna Bekker vom Rath\" \/>\n<meta property=\"article:publisher\" content=\"https:\/\/www.facebook.com\/galeriehannabekkervomrath\/\" \/>\n<meta property=\"article:published_time\" content=\"2024-06-27T13:48:20+00:00\" \/>\n<meta property=\"article:modified_time\" content=\"2025-05-21T11:16:25+00:00\" \/>\n<meta property=\"og:image\" content=\"https:\/\/www.galeriehannabekkervomrath.de\/wp-content\/uploads\/o.T.-1969-VII-5-14.15-scaled.jpg\" \/>\n\t<meta property=\"og:image:width\" content=\"1200\" \/>\n\t<meta property=\"og:image:height\" content=\"1703\" \/>\n\t<meta property=\"og:image:type\" content=\"image\/jpeg\" \/>\n<meta name=\"author\" content=\"Katrin Kobberger\" \/>\n<meta name=\"twitter:card\" content=\"summary_large_image\" \/>\n<meta name=\"twitter:label1\" content=\"Written by\" \/>\n\t<meta name=\"twitter:data1\" content=\"Katrin Kobberger\" \/>\n\t<meta name=\"twitter:label2\" content=\"Est. reading time\" \/>\n\t<meta name=\"twitter:data2\" content=\"4 minutes\" \/>\n<script type=\"application\/ld+json\" class=\"yoast-schema-graph\">{\"@context\":\"https:\\\/\\\/schema.org\",\"@graph\":[{\"@type\":\"WebPage\",\"@id\":\"https:\\\/\\\/www.galeriehannabekkervomrath.de\\\/michael-mohr\\\/\",\"url\":\"https:\\\/\\\/www.galeriehannabekkervomrath.de\\\/michael-mohr\\\/\",\"name\":\"Michael Mohr - Galerie Hanna Bekker vom Rath\",\"isPartOf\":{\"@id\":\"https:\\\/\\\/www.galeriehannabekkervomrath.de\\\/#website\"},\"primaryImageOfPage\":{\"@id\":\"https:\\\/\\\/www.galeriehannabekkervomrath.de\\\/michael-mohr\\\/#primaryimage\"},\"image\":{\"@id\":\"https:\\\/\\\/www.galeriehannabekkervomrath.de\\\/michael-mohr\\\/#primaryimage\"},\"thumbnailUrl\":\"https:\\\/\\\/www.galeriehannabekkervomrath.de\\\/wp-content\\\/uploads\\\/o.T.-1969-VII-5-14.15-scaled.jpg\",\"datePublished\":\"2024-06-27T13:48:20+00:00\",\"dateModified\":\"2025-05-21T11:16:25+00:00\",\"description\":\"GALERIE HANNA BEKKER VOM RATH, Braubachstra\u00dfe 12, Frankfurt am Main. Die Galerie zeigt neben klassischer Moderne in der Tradition Hanna Bekker vom Raths auch immer wieder Werke aus interessanten Nachl\u00e4ssen von K\u00fcnstlern.\",\"breadcrumb\":{\"@id\":\"https:\\\/\\\/www.galeriehannabekkervomrath.de\\\/michael-mohr\\\/#breadcrumb\"},\"inLanguage\":\"en-US\",\"potentialAction\":[{\"@type\":\"ReadAction\",\"target\":[\"https:\\\/\\\/www.galeriehannabekkervomrath.de\\\/michael-mohr\\\/\"]}]},{\"@type\":\"ImageObject\",\"inLanguage\":\"en-US\",\"@id\":\"https:\\\/\\\/www.galeriehannabekkervomrath.de\\\/michael-mohr\\\/#primaryimage\",\"url\":\"https:\\\/\\\/www.galeriehannabekkervomrath.de\\\/wp-content\\\/uploads\\\/o.T.-1969-VII-5-14.15-scaled.jpg\",\"contentUrl\":\"https:\\\/\\\/www.galeriehannabekkervomrath.de\\\/wp-content\\\/uploads\\\/o.T.-1969-VII-5-14.15-scaled.jpg\",\"width\":1200,\"height\":1703,\"caption\":\"ohne Titel, 1969, 132,5 x 90,5 cm, auf Keilrahmen sign., dat. u. bez. \\\"VII 5, 14.) 15.)\\\"\"},{\"@type\":\"BreadcrumbList\",\"@id\":\"https:\\\/\\\/www.galeriehannabekkervomrath.de\\\/michael-mohr\\\/#breadcrumb\",\"itemListElement\":[{\"@type\":\"ListItem\",\"position\":1,\"name\":\"Startseite\",\"item\":\"https:\\\/\\\/www.galeriehannabekkervomrath.de\\\/\"},{\"@type\":\"ListItem\",\"position\":2,\"name\":\"Michael Mohr\"}]},{\"@type\":\"WebSite\",\"@id\":\"https:\\\/\\\/www.galeriehannabekkervomrath.de\\\/#website\",\"url\":\"https:\\\/\\\/www.galeriehannabekkervomrath.de\\\/\",\"name\":\"Galerie Hanna Bekker vom Rath\",\"description\":\"Frankfurt am Main\",\"publisher\":{\"@id\":\"https:\\\/\\\/www.galeriehannabekkervomrath.de\\\/#organization\"},\"potentialAction\":[{\"@type\":\"SearchAction\",\"target\":{\"@type\":\"EntryPoint\",\"urlTemplate\":\"https:\\\/\\\/www.galeriehannabekkervomrath.de\\\/?s={search_term_string}\"},\"query-input\":{\"@type\":\"PropertyValueSpecification\",\"valueRequired\":true,\"valueName\":\"search_term_string\"}}],\"inLanguage\":\"en-US\"},{\"@type\":\"Organization\",\"@id\":\"https:\\\/\\\/www.galeriehannabekkervomrath.de\\\/#organization\",\"name\":\"Galerie Hanna Bekker vom Rath\",\"url\":\"https:\\\/\\\/www.galeriehannabekkervomrath.de\\\/\",\"logo\":{\"@type\":\"ImageObject\",\"inLanguage\":\"en-US\",\"@id\":\"https:\\\/\\\/www.galeriehannabekkervomrath.de\\\/#\\\/schema\\\/logo\\\/image\\\/\",\"url\":\"https:\\\/\\\/www.galeriehannabekkervomrath.de\\\/wp-content\\\/uploads\\\/ghbvr_icon.jpg\",\"contentUrl\":\"https:\\\/\\\/www.galeriehannabekkervomrath.de\\\/wp-content\\\/uploads\\\/ghbvr_icon.jpg\",\"width\":512,\"height\":512,\"caption\":\"Galerie Hanna Bekker vom Rath\"},\"image\":{\"@id\":\"https:\\\/\\\/www.galeriehannabekkervomrath.de\\\/#\\\/schema\\\/logo\\\/image\\\/\"},\"sameAs\":[\"https:\\\/\\\/www.facebook.com\\\/galeriehannabekkervomrath\\\/\",\"https:\\\/\\\/www.instagram.com\\\/galeriehbvr\\\/\"]}]}<\/script>\n<!-- \/ Yoast SEO plugin. -->","yoast_head_json":{"title":"Michael Mohr - Gallery Hanna Bekker vom Rath","description":"GALERIE HANNA BEKKER VOM RATH, Braubachstra\u00dfe 12, Frankfurt am Main. In addition to classic modern art in the tradition of Hanna Bekker vom Rath, the gallery also regularly shows works from interesting artists' estates.","robots":{"index":"index","follow":"follow","max-snippet":"max-snippet:-1","max-image-preview":"max-image-preview:large","max-video-preview":"max-video-preview:-1"},"canonical":"https:\/\/www.galeriehannabekkervomrath.de\/en\/michael-mohr\/","og_locale":"en_US","og_type":"article","og_title":"Michael Mohr - Galerie Hanna Bekker vom Rath","og_description":"GALERIE HANNA BEKKER VOM RATH, Braubachstra\u00dfe 12, Frankfurt am Main. Die Galerie zeigt neben klassischer Moderne in der Tradition Hanna Bekker vom Raths auch immer wieder Werke aus interessanten Nachl\u00e4ssen von K\u00fcnstlern.","og_url":"https:\/\/www.galeriehannabekkervomrath.de\/en\/michael-mohr\/","og_site_name":"Galerie Hanna Bekker vom Rath","article_publisher":"https:\/\/www.facebook.com\/galeriehannabekkervomrath\/","article_published_time":"2024-06-27T13:48:20+00:00","article_modified_time":"2025-05-21T11:16:25+00:00","og_image":[{"width":1200,"height":1703,"url":"https:\/\/www.galeriehannabekkervomrath.de\/wp-content\/uploads\/o.T.-1969-VII-5-14.15-scaled.jpg","type":"image\/jpeg"}],"author":"Katrin Kobberger","twitter_card":"summary_large_image","twitter_misc":{"Written by":"Katrin Kobberger","Est. reading time":"4 minutes"},"schema":{"@context":"https:\/\/schema.org","@graph":[{"@type":"WebPage","@id":"https:\/\/www.galeriehannabekkervomrath.de\/michael-mohr\/","url":"https:\/\/www.galeriehannabekkervomrath.de\/michael-mohr\/","name":"Michael Mohr - Gallery Hanna Bekker vom Rath","isPartOf":{"@id":"https:\/\/www.galeriehannabekkervomrath.de\/#website"},"primaryImageOfPage":{"@id":"https:\/\/www.galeriehannabekkervomrath.de\/michael-mohr\/#primaryimage"},"image":{"@id":"https:\/\/www.galeriehannabekkervomrath.de\/michael-mohr\/#primaryimage"},"thumbnailUrl":"https:\/\/www.galeriehannabekkervomrath.de\/wp-content\/uploads\/o.T.-1969-VII-5-14.15-scaled.jpg","datePublished":"2024-06-27T13:48:20+00:00","dateModified":"2025-05-21T11:16:25+00:00","description":"GALERIE HANNA BEKKER VOM RATH, Braubachstra\u00dfe 12, Frankfurt am Main. In addition to classic modern art in the tradition of Hanna Bekker vom Rath, the gallery also regularly shows works from interesting artists' estates.","breadcrumb":{"@id":"https:\/\/www.galeriehannabekkervomrath.de\/michael-mohr\/#breadcrumb"},"inLanguage":"en-US","potentialAction":[{"@type":"ReadAction","target":["https:\/\/www.galeriehannabekkervomrath.de\/michael-mohr\/"]}]},{"@type":"ImageObject","inLanguage":"en-US","@id":"https:\/\/www.galeriehannabekkervomrath.de\/michael-mohr\/#primaryimage","url":"https:\/\/www.galeriehannabekkervomrath.de\/wp-content\/uploads\/o.T.-1969-VII-5-14.15-scaled.jpg","contentUrl":"https:\/\/www.galeriehannabekkervomrath.de\/wp-content\/uploads\/o.T.-1969-VII-5-14.15-scaled.jpg","width":1200,"height":1703,"caption":"ohne Titel, 1969, 132,5 x 90,5 cm, auf Keilrahmen sign., dat. u. bez. \"VII 5, 14.) 15.)\""},{"@type":"BreadcrumbList","@id":"https:\/\/www.galeriehannabekkervomrath.de\/michael-mohr\/#breadcrumb","itemListElement":[{"@type":"ListItem","position":1,"name":"Startseite","item":"https:\/\/www.galeriehannabekkervomrath.de\/"},{"@type":"ListItem","position":2,"name":"Michael Mohr"}]},{"@type":"WebSite","@id":"https:\/\/www.galeriehannabekkervomrath.de\/#website","url":"https:\/\/www.galeriehannabekkervomrath.de\/","name":"Gallery Hanna Bekker vom Rath","description":"Frankfurt am Main","publisher":{"@id":"https:\/\/www.galeriehannabekkervomrath.de\/#organization"},"potentialAction":[{"@type":"SearchAction","target":{"@type":"EntryPoint","urlTemplate":"https:\/\/www.galeriehannabekkervomrath.de\/?s={search_term_string}"},"query-input":{"@type":"PropertyValueSpecification","valueRequired":true,"valueName":"search_term_string"}}],"inLanguage":"en-US"},{"@type":"Organization","@id":"https:\/\/www.galeriehannabekkervomrath.de\/#organization","name":"Gallery Hanna Bekker vom Rath","url":"https:\/\/www.galeriehannabekkervomrath.de\/","logo":{"@type":"ImageObject","inLanguage":"en-US","@id":"https:\/\/www.galeriehannabekkervomrath.de\/#\/schema\/logo\/image\/","url":"https:\/\/www.galeriehannabekkervomrath.de\/wp-content\/uploads\/ghbvr_icon.jpg","contentUrl":"https:\/\/www.galeriehannabekkervomrath.de\/wp-content\/uploads\/ghbvr_icon.jpg","width":512,"height":512,"caption":"Galerie Hanna Bekker vom Rath"},"image":{"@id":"https:\/\/www.galeriehannabekkervomrath.de\/#\/schema\/logo\/image\/"},"sameAs":["https:\/\/www.facebook.com\/galeriehannabekkervomrath\/","https:\/\/www.instagram.com\/galeriehbvr\/"]}]}},"_links":{"self":[{"href":"https:\/\/www.galeriehannabekkervomrath.de\/en\/wp-json\/wp\/v2\/posts\/6425","targetHints":{"allow":["GET"]}}],"collection":[{"href":"https:\/\/www.galeriehannabekkervomrath.de\/en\/wp-json\/wp\/v2\/posts"}],"about":[{"href":"https:\/\/www.galeriehannabekkervomrath.de\/en\/wp-json\/wp\/v2\/types\/post"}],"author":[{"embeddable":true,"href":"https:\/\/www.galeriehannabekkervomrath.de\/en\/wp-json\/wp\/v2\/users\/5"}],"replies":[{"embeddable":true,"href":"https:\/\/www.galeriehannabekkervomrath.de\/en\/wp-json\/wp\/v2\/comments?post=6425"}],"version-history":[{"count":8,"href":"https:\/\/www.galeriehannabekkervomrath.de\/en\/wp-json\/wp\/v2\/posts\/6425\/revisions"}],"predecessor-version":[{"id":6756,"href":"https:\/\/www.galeriehannabekkervomrath.de\/en\/wp-json\/wp\/v2\/posts\/6425\/revisions\/6756"}],"wp:featuredmedia":[{"embeddable":true,"href":"https:\/\/www.galeriehannabekkervomrath.de\/en\/wp-json\/wp\/v2\/media\/5997"}],"wp:attachment":[{"href":"https:\/\/www.galeriehannabekkervomrath.de\/en\/wp-json\/wp\/v2\/media?parent=6425"}],"wp:term":[{"taxonomy":"category","embeddable":true,"href":"https:\/\/www.galeriehannabekkervomrath.de\/en\/wp-json\/wp\/v2\/categories?post=6425"},{"taxonomy":"post_tag","embeddable":true,"href":"https:\/\/www.galeriehannabekkervomrath.de\/en\/wp-json\/wp\/v2\/tags?post=6425"}],"curies":[{"name":"wp","href":"https:\/\/api.w.org\/{rel}","templated":true}]}}