{"id":888,"date":"2016-03-16T19:20:45","date_gmt":"2016-03-16T18:20:45","guid":{"rendered":"http:\/\/test.galeriehannabekkervomrath.de\/?p=888"},"modified":"2024-07-25T14:45:13","modified_gmt":"2024-07-25T12:45:13","slug":"doro-koidl","status":"publish","type":"post","link":"https:\/\/www.galeriehannabekkervomrath.de\/en\/doro-koidl\/","title":{"rendered":"Doro Koidl"},"content":{"rendered":"<div class=\"wpb-content-wrapper\"><div class=\"vc_row wpb_row vc_row-fluid dt-default\" style=\"margin-top: 0px;margin-bottom: 0px\"><div class=\"wpb_column vc_column_container vc_col-sm-12\"><div class=\"vc_column-inner\"><div class=\"wpb_wrapper\"><div class=\"vc_tta-container\" data-vc-action=\"collapse\"><h2>DORO KOIDL<\/h2><div class=\"vc_general vc_tta vc_tta-tabs vc_tta-color-white vc_tta-style-flat vc_tta-shape-square vc_tta-spacing-1 vc_tta-o-no-fill vc_tta-tabs-position-top vc_tta-controls-align-left vc_custom_1549608571056\"><div class=\"vc_tta-tabs-container\"><ul class=\"vc_tta-tabs-list\" role=\"tablist\"><li class=\"vc_tta-tab vc_active\" data-vc-tab role=\"presentation\"><a href=\"#1543913696353-02356048-5724bcb2-4426\" data-vc-tabs data-vc-container=\".vc_tta\" role=\"tab\" aria-selected=\"false\" id=\"tab-1543913696353-02356048-5724bcb2-4426\"><span class=\"vc_tta-title-text\">Werke<\/span><\/a><\/li><li class=\"vc_tta-tab\" data-vc-tab role=\"presentation\"><a href=\"#1543913696482-38b43962-0ba7bcb2-4426\" data-vc-tabs data-vc-container=\".vc_tta\" role=\"tab\" aria-selected=\"false\" id=\"tab-1543913696482-38b43962-0ba7bcb2-4426\"><span class=\"vc_tta-title-text\">Biographie<\/span><\/a><\/li><li class=\"vc_tta-tab\" data-vc-tab role=\"presentation\"><a href=\"#1640088886869-1f84a1fe-c0fb\" data-vc-tabs data-vc-container=\".vc_tta\" role=\"tab\" aria-selected=\"false\" id=\"tab-1640088886869-1f84a1fe-c0fb\"><span class=\"vc_tta-title-text\">Ausstellung \"Floating\"<\/span><\/a><\/li><\/ul><\/div><div class=\"vc_tta-panels-container\"><div class=\"vc_tta-panels\"><div class=\"vc_tta-panel vc_active\" id=\"1543913696353-02356048-5724bcb2-4426\" data-vc-content=\".vc_tta-panel-body\"><div class=\"vc_tta-panel-heading\"><h4 class=\"vc_tta-panel-title\"><a href=\"#1543913696353-02356048-5724bcb2-4426\" data-vc-accordion data-vc-container=\".vc_tta-container\"><span class=\"vc_tta-title-text\">Werke<\/span><\/a><\/h4><\/div><div class=\"vc_tta-panel-body\"><\/div><\/div><div class=\"vc_tta-panel\" id=\"1543913696482-38b43962-0ba7bcb2-4426\" data-vc-content=\".vc_tta-panel-body\"><div class=\"vc_tta-panel-heading\"><h4 class=\"vc_tta-panel-title\"><a href=\"#1543913696482-38b43962-0ba7bcb2-4426\" data-vc-accordion data-vc-container=\".vc_tta-container\"><span class=\"vc_tta-title-text\">Biographie<\/span><\/a><\/h4><\/div><div class=\"vc_tta-panel-body\">\n\t<div class=\"wpb_text_column wpb_content_element \" >\n\t\t<div class=\"wpb_wrapper\">\n\t\t\t<div class=\"vc_row wpb_row vc_row-fluid dt-default\">\n<div class=\"wpb_column vc_column_container vc_col-sm-12\">\n<div class=\"vc_column-inner\">\n<div class=\"wpb_wrapper\">\n<div class=\"wpb_text_column wpb_content_element \">\n<div class=\"wpb_wrapper\">\n<p>Doro Koidl<\/p>\n<p>1943 geboren in Much\/Rhein-Sieg<\/p>\n<p>1982-87 Studium an der Hochschule f\u00fcr Bildende K\u00fcnste &#8222;St\u00e4delschule&#8220; in Frankfurt am Main<\/p>\n<p>bei Prof. Michael Croissant (Bildhauerei), Prof. Karl Bohrmann (Malerei) und Prof. Johann Georg Geyger<\/p>\n<p>Sie lebt und arbeitet in Italien und Frankfurt am Main.<\/p>\n<\/div>\n<\/div>\n<\/div>\n<\/div>\n<\/div>\n<\/div>\n<div class=\"vc_row wpb_row vc_row-fluid dt-default\">\n<div class=\"wpb_column vc_column_container vc_col-sm-12\">\n<div class=\"vc_column-inner\">\n<div class=\"wpb_wrapper\">\n<div class=\"vc_grid-container-wrapper vc_clearfix\">\n<div class=\"vc_grid-container vc_clearfix wpb_content_element vc_media_grid\" data-initial-loading-animation=\"fadeIn\" data-vc-grid-settings=\"{&quot;page_id&quot;:888,&quot;style&quot;:&quot;all&quot;,&quot;action&quot;:&quot;vc_get_vc_grid_data&quot;,&quot;shortcode_id&quot;:&quot;1513354420568-40059df8-81ec-1&quot;,&quot;tag&quot;:&quot;vc_media_grid&quot;}\" data-vc-request=\"https:\/\/www.galeriehannabekkervomrath.de\/wp-admin\/admin-ajax.php\" data-vc-post-id=\"888\" data-vc-public-nonce=\"ff09292c62\">\n<div class=\"vc_grid vc_row vc_grid-gutter-5px vc_pageable-wrapper vc_hook_hover\" data-vc-pageable-content=\"true\">\n<div class=\"vc_pageable-slide-wrapper vc_clearfix\" data-vc-grid-content=\"true\">\n<div class=\"vc_grid-item vc_clearfix vc_col-sm-4 vc_visible-item fadeIn animated\">\n<div class=\"vc_grid-item-mini vc_clearfix\">\n<div class=\"vc_gitem-animated-block \">\n<div class=\"vc_gitem-zone vc_gitem-zone-a vc-gitem-zone-height-mode-auto vc-gitem-zone-height-mode-auto-1-1 vc_gitem-is-link\"><\/div>\n<\/div>\n<\/div>\n<\/div>\n<\/div>\n<\/div>\n<\/div>\n<\/div>\n<\/div>\n<\/div>\n<\/div>\n<\/div>\n\n\t\t<\/div>\n\t<\/div>\n<\/div><\/div><div class=\"vc_tta-panel\" id=\"1640088886869-1f84a1fe-c0fb\" data-vc-content=\".vc_tta-panel-body\"><div class=\"vc_tta-panel-heading\"><h4 class=\"vc_tta-panel-title\"><a href=\"#1640088886869-1f84a1fe-c0fb\" data-vc-accordion data-vc-container=\".vc_tta-container\"><span class=\"vc_tta-title-text\">Ausstellung \"Floating\"<\/span><\/a><\/h4><\/div><div class=\"vc_tta-panel-body\">\n\t<div class=\"wpb_text_column wpb_content_element \" >\n\t\t<div class=\"wpb_wrapper\">\n\t\t\t<p><strong>Doro Koidl<\/strong><\/p>\n<h1>Floating<\/h1>\n<p>19. November 2021 bis 8. Januar 2022<\/p>\n<p>In ihrer dritten Einzelausstellung in unserer Galerie zeigt Doro Koidl j\u00fcngst entstandene Werke.<br \/>\nGleichbereichtigt stehen Malerei, Skulptur und Zeichnung nebeneinander. Dabei wandelt die K\u00fcnstlerin wie selbstverst\u00e4ndlich zwischen kompakter Form, sich aufl\u00f6sendem Bildgeschehen und zeichnerischer Verdichtung der Linien. Anhand der neuen Arbeiten zeigt sich, dass die Lust am Experiment bei der 1943 geborenen K\u00fcnstlerin ungebrochen ist.<br \/>\nZur Ausstellung erscheint ein<strong> <a href=\"https:\/\/www.galeriehannabekkervomrath.de\/wp-content\/uploads\/katalog_print_dorokoidl_floating_final_druck.pdf\">Katalog<\/a>.<\/strong><\/p>\n\n\t\t<\/div>\n\t<\/div>\n<\/div><\/div><\/div><\/div><\/div><\/div><div class=\"vc_row wpb_row vc_inner vc_row-fluid\"><div class=\"wpb_column vc_column_container vc_col-sm-12\"><div class=\"vc_column-inner\"><div class=\"wpb_wrapper\">\n\t<div class=\"wpb_text_column wpb_content_element \" >\n\t\t<div class=\"wpb_wrapper\">\n\t\t\t<h2><em><strong>&#8222;SOGNI DORO&#8220;<\/strong><\/em><\/h2>\n\n\t\t<\/div>\n\t<\/div>\n\n\t<div  class=\"wpb_single_image wpb_content_element vc_align_left  wpb_animate_when_almost_visible wpb_fadeInUp fadeInUp\">\n\t\t\n\t\t<figure class=\"wpb_wrapper vc_figure\">\n\t\t\t<a href=\"https:\/\/www.galeriehannabekkervomrath.de\/wp-content\/uploads\/IMG_3902.jpg\" target=\"_self\" data-large_image_width=\"1734\" data-large_image_height=\"1083\"  class=\"vc_single_image-wrapper   vc_box_border_grey dt-pswp-item rollover rollover-zoom\"   ><img loading=\"lazy\" decoding=\"async\" width=\"1100\" height=\"687\" src=\"https:\/\/www.galeriehannabekkervomrath.de\/wp-content\/uploads\/IMG_3902-1100x687.jpg\" class=\"vc_single_image-img attachment-large\" alt=\"\" title=\"IMG_3902\" srcset=\"https:\/\/www.galeriehannabekkervomrath.de\/wp-content\/uploads\/IMG_3902-1100x687.jpg 1100w, https:\/\/www.galeriehannabekkervomrath.de\/wp-content\/uploads\/IMG_3902-400x250.jpg 400w, https:\/\/www.galeriehannabekkervomrath.de\/wp-content\/uploads\/IMG_3902-200x125.jpg 200w, https:\/\/www.galeriehannabekkervomrath.de\/wp-content\/uploads\/IMG_3902-768x480.jpg 768w, https:\/\/www.galeriehannabekkervomrath.de\/wp-content\/uploads\/IMG_3902-1536x959.jpg 1536w, https:\/\/www.galeriehannabekkervomrath.de\/wp-content\/uploads\/IMG_3902-18x12.jpg 18w, https:\/\/www.galeriehannabekkervomrath.de\/wp-content\/uploads\/IMG_3902-1320x824.jpg 1320w, https:\/\/www.galeriehannabekkervomrath.de\/wp-content\/uploads\/IMG_3902.jpg 1734w\" sizes=\"auto, (max-width: 1100px) 100vw, 1100px\"  data-dt-location=\"https:\/\/www.galeriehannabekkervomrath.de\/en\/doro-koidl\/img_3902\/\" \/><\/a>\n\t\t<\/figure>\n\t<\/div>\n<\/div><\/div><\/div><\/div><div class=\"vc_separator wpb_content_element vc_separator_align_center vc_sep_width_100 vc_sep_pos_align_center vc_separator_no_text vc_sep_color_grey wpb_content_element  wpb_content_element\" ><span class=\"vc_sep_holder vc_sep_holder_l\"><span class=\"vc_sep_line\"><\/span><\/span><span class=\"vc_sep_holder vc_sep_holder_r\"><span class=\"vc_sep_line\"><\/span><\/span>\n<\/div><div class=\"vc_separator wpb_content_element vc_separator_align_center vc_sep_width_100 vc_sep_pos_align_center vc_separator_no_text vc_sep_color_grey wpb_content_element  wpb_content_element\" ><span class=\"vc_sep_holder vc_sep_holder_l\"><span class=\"vc_sep_line\"><\/span><\/span><span class=\"vc_sep_holder vc_sep_holder_r\"><span class=\"vc_sep_line\"><\/span><\/span>\n<\/div><\/div><\/div><\/div><\/div><div class=\"vc_row wpb_row vc_row-fluid dt-default\" style=\"margin-top: 0px;margin-bottom: 0px\"><div class=\"wpb_column vc_column_container vc_col-sm-6\"><div class=\"vc_column-inner\"><div class=\"wpb_wrapper\"><div id=\"ult-carousel-3269982269f54e0708e33\" class=\"ult-carousel-wrapper   ult_horizontal\" data-gutter=\"15\" data-rtl=\"false\" ><div class=\"ult-carousel-177737263269f54e0708e09 \" ><div class=\"ult-item-wrap\" data-animation=\"animated no-animation\">\n\t<div  class=\"wpb_single_image wpb_content_element vc_align_left\">\n\t\t\n\t\t<figure class=\"wpb_wrapper vc_figure\">\n\t\t\t<a href=\"https:\/\/www.galeriehannabekkervomrath.de\/wp-content\/uploads\/IMG_3909.jpg\" target=\"_self\" data-large_image_width=\"1080\" data-large_image_height=\"1348\"  class=\"vc_single_image-wrapper   vc_box_border_grey dt-pswp-item rollover rollover-zoom\"   ><img loading=\"lazy\" decoding=\"async\" width=\"881\" height=\"1100\" src=\"https:\/\/www.galeriehannabekkervomrath.de\/wp-content\/uploads\/IMG_3909-881x1100.jpg\" class=\"vc_single_image-img attachment-large\" alt=\"\" title=\"IMG_3909\" srcset=\"https:\/\/www.galeriehannabekkervomrath.de\/wp-content\/uploads\/IMG_3909-881x1100.jpg 881w, https:\/\/www.galeriehannabekkervomrath.de\/wp-content\/uploads\/IMG_3909-320x400.jpg 320w, https:\/\/www.galeriehannabekkervomrath.de\/wp-content\/uploads\/IMG_3909-120x150.jpg 120w, https:\/\/www.galeriehannabekkervomrath.de\/wp-content\/uploads\/IMG_3909-768x959.jpg 768w, https:\/\/www.galeriehannabekkervomrath.de\/wp-content\/uploads\/IMG_3909-10x12.jpg 10w, https:\/\/www.galeriehannabekkervomrath.de\/wp-content\/uploads\/IMG_3909.jpg 1080w\" sizes=\"auto, (max-width: 881px) 100vw, 881px\"  data-dt-location=\"https:\/\/www.galeriehannabekkervomrath.de\/en\/doro-koidl\/img_3909\/\" \/><\/a>\n\t\t<\/figure>\n\t<\/div>\n<\/div><div class=\"ult-item-wrap\" data-animation=\"animated no-animation\">\n\t<div  class=\"wpb_single_image wpb_content_element vc_align_left\">\n\t\t\n\t\t<figure class=\"wpb_wrapper vc_figure\">\n\t\t\t<a href=\"https:\/\/www.galeriehannabekkervomrath.de\/wp-content\/uploads\/o.T.AusDerSerie-Sogni-Doro-2023-Mischtechnik-auf-Papier-rueckseitigsigniert-64x50cm_2-scaled.jpg\" target=\"_self\" data-large_image_width=\"1200\" data-large_image_height=\"1559\"  class=\"vc_single_image-wrapper   vc_box_border_grey dt-pswp-item rollover rollover-zoom\"   ><img loading=\"lazy\" decoding=\"async\" width=\"847\" height=\"1100\" src=\"https:\/\/www.galeriehannabekkervomrath.de\/wp-content\/uploads\/o.T.AusDerSerie-Sogni-Doro-2023-Mischtechnik-auf-Papier-rueckseitigsigniert-64x50cm_2-847x1100.jpg\" class=\"vc_single_image-img attachment-large\" alt=\"\" title=\"o.T.AusDerSerie-Sogni-Doro-2023-Mischtechnik-auf-Papier-r\u00fcckseitigsigniert-64x50cm_2\" srcset=\"https:\/\/www.galeriehannabekkervomrath.de\/wp-content\/uploads\/o.T.AusDerSerie-Sogni-Doro-2023-Mischtechnik-auf-Papier-rueckseitigsigniert-64x50cm_2-847x1100.jpg 847w, https:\/\/www.galeriehannabekkervomrath.de\/wp-content\/uploads\/o.T.AusDerSerie-Sogni-Doro-2023-Mischtechnik-auf-Papier-rueckseitigsigniert-64x50cm_2-308x400.jpg 308w, https:\/\/www.galeriehannabekkervomrath.de\/wp-content\/uploads\/o.T.AusDerSerie-Sogni-Doro-2023-Mischtechnik-auf-Papier-rueckseitigsigniert-64x50cm_2-116x150.jpg 116w, https:\/\/www.galeriehannabekkervomrath.de\/wp-content\/uploads\/o.T.AusDerSerie-Sogni-Doro-2023-Mischtechnik-auf-Papier-rueckseitigsigniert-64x50cm_2-768x997.jpg 768w, https:\/\/www.galeriehannabekkervomrath.de\/wp-content\/uploads\/o.T.AusDerSerie-Sogni-Doro-2023-Mischtechnik-auf-Papier-rueckseitigsigniert-64x50cm_2-1183x1536.jpg 1183w, https:\/\/www.galeriehannabekkervomrath.de\/wp-content\/uploads\/o.T.AusDerSerie-Sogni-Doro-2023-Mischtechnik-auf-Papier-rueckseitigsigniert-64x50cm_2-1577x2048.jpg 1577w, https:\/\/www.galeriehannabekkervomrath.de\/wp-content\/uploads\/o.T.AusDerSerie-Sogni-Doro-2023-Mischtechnik-auf-Papier-rueckseitigsigniert-64x50cm_2-9x12.jpg 9w, https:\/\/www.galeriehannabekkervomrath.de\/wp-content\/uploads\/o.T.AusDerSerie-Sogni-Doro-2023-Mischtechnik-auf-Papier-rueckseitigsigniert-64x50cm_2-1320x1714.jpg 1320w, https:\/\/www.galeriehannabekkervomrath.de\/wp-content\/uploads\/o.T.AusDerSerie-Sogni-Doro-2023-Mischtechnik-auf-Papier-rueckseitigsigniert-64x50cm_2-scaled.jpg 1200w\" sizes=\"auto, (max-width: 847px) 100vw, 847px\"  data-dt-location=\"https:\/\/www.galeriehannabekkervomrath.de\/en\/doro-koidl\/o-t-ausderserie-sogni-doro-2023-mischtechnik-auf-papier-rueckseitigsigniert-64x50cm_2\/\" \/><\/a>\n\t\t<\/figure>\n\t<\/div>\n<\/div><\/div><\/div>\t\t\t<script type=\"text\/javascript\">\n\t\t\t\tjQuery(document).ready(function ($) {\n\t\t\t\t\tif( typeof jQuery('.ult-carousel-177737263269f54e0708e09').slick == \"function\"){\n\t\t\t\t\t\t$('.ult-carousel-177737263269f54e0708e09').slick({dots: true,autoplay: true,autoplaySpeed: \"5000\",speed: \"500\",infinite: true,arrows: true,nextArrow: '<button type=\"button\" role=\"button\" aria-label=\"Next\" style=\"color:#333333; font-size:20px;\" class=\"slick-next default\"><i class=\"ultsl-arrow-right4\"><\/i><\/button>',prevArrow: '<button type=\"button\" role=\"button\" aria-label=\"Previous\" style=\"color:#333333; font-size:20px;\" class=\"slick-prev default\"><i class=\"ultsl-arrow-left4\"><\/i><\/button>',slidesToScroll:1,slidesToShow:1,swipe: true,draggable: true,touchMove: true,pauseOnHover: true,pauseOnFocus: false,responsive: [\n\t\t\t\t\t\t\t{\n\t\t\t\t\t\t\t  breakpoint: 1026,\n\t\t\t\t\t\t\t  settings: {\n\t\t\t\t\t\t\t\tslidesToShow: 1,\n\t\t\t\t\t\t\t\tslidesToScroll: 1,  \n\t\t\t\t\t\t\t  }\n\t\t\t\t\t\t\t},\n\t\t\t\t\t\t\t{\n\t\t\t\t\t\t\t  breakpoint: 1025,\n\t\t\t\t\t\t\t  settings: {\n\t\t\t\t\t\t\t\tslidesToShow: 1,\n\t\t\t\t\t\t\t\tslidesToScroll: 1\n\t\t\t\t\t\t\t  }\n\t\t\t\t\t\t\t},\n\t\t\t\t\t\t\t{\n\t\t\t\t\t\t\t  breakpoint: 760,\n\t\t\t\t\t\t\t  settings: {\n\t\t\t\t\t\t\t\tslidesToShow: 1,\n\t\t\t\t\t\t\t\tslidesToScroll: 1\n\t\t\t\t\t\t\t  }\n\t\t\t\t\t\t\t}\n\t\t\t\t\t\t],pauseOnDotsHover: true,customPaging: function(slider, i) {\n                   return '<i type=\"button\" style= \"color:#333333;\" class=\"ultsl-record\" data-role=\"none\"><\/i>';\n                },});\n\t\t\t\t\t}\n\t\t\t\t});\n\t\t\t<\/script>\n\t\t\t\n\t<div class=\"wpb_text_column wpb_content_element \" >\n\t\t<div class=\"wpb_wrapper\">\n\t\t\t<p><em>o.T. (aus der Serie &#8222;Sogni Doro&#8220;), 2023, Mischtechnik auf Papier, 64 x 50 cm<\/em><\/p>\n\n\t\t<\/div>\n\t<\/div>\n<div id=\"ult-carousel-179506277569f54e0709b59\" class=\"ult-carousel-wrapper   ult_horizontal\" data-gutter=\"15\" data-rtl=\"false\" ><div class=\"ult-carousel-67589358169f54e0709b36 \" ><div class=\"ult-item-wrap\" data-animation=\"animated no-animation\">\n\t<div  class=\"wpb_single_image wpb_content_element vc_align_left\">\n\t\t\n\t\t<figure class=\"wpb_wrapper vc_figure\">\n\t\t\t<a href=\"https:\/\/www.galeriehannabekkervomrath.de\/wp-content\/uploads\/o.T.AusDerSerie-Sogni-Doro-2023-Mischtechnik-auf-Papier-rueckseitigsigniert-64x50cm-1-scaled.jpg\" target=\"_self\" data-large_image_width=\"1200\" data-large_image_height=\"1568\"  class=\"vc_single_image-wrapper   vc_box_border_grey dt-pswp-item rollover rollover-zoom\"   ><img loading=\"lazy\" decoding=\"async\" width=\"842\" height=\"1100\" src=\"https:\/\/www.galeriehannabekkervomrath.de\/wp-content\/uploads\/o.T.AusDerSerie-Sogni-Doro-2023-Mischtechnik-auf-Papier-rueckseitigsigniert-64x50cm-1-842x1100.jpg\" class=\"vc_single_image-img attachment-large\" alt=\"\" title=\"o.T.AusDerSerie-Sogni-Doro-2023-Mischtechnik-auf-Papier-r\u00fcckseitigsigniert -64x50cm\" srcset=\"https:\/\/www.galeriehannabekkervomrath.de\/wp-content\/uploads\/o.T.AusDerSerie-Sogni-Doro-2023-Mischtechnik-auf-Papier-rueckseitigsigniert-64x50cm-1-842x1100.jpg 842w, https:\/\/www.galeriehannabekkervomrath.de\/wp-content\/uploads\/o.T.AusDerSerie-Sogni-Doro-2023-Mischtechnik-auf-Papier-rueckseitigsigniert-64x50cm-1-306x400.jpg 306w, https:\/\/www.galeriehannabekkervomrath.de\/wp-content\/uploads\/o.T.AusDerSerie-Sogni-Doro-2023-Mischtechnik-auf-Papier-rueckseitigsigniert-64x50cm-1-115x150.jpg 115w, https:\/\/www.galeriehannabekkervomrath.de\/wp-content\/uploads\/o.T.AusDerSerie-Sogni-Doro-2023-Mischtechnik-auf-Papier-rueckseitigsigniert-64x50cm-1-768x1004.jpg 768w, https:\/\/www.galeriehannabekkervomrath.de\/wp-content\/uploads\/o.T.AusDerSerie-Sogni-Doro-2023-Mischtechnik-auf-Papier-rueckseitigsigniert-64x50cm-1-1175x1536.jpg 1175w, https:\/\/www.galeriehannabekkervomrath.de\/wp-content\/uploads\/o.T.AusDerSerie-Sogni-Doro-2023-Mischtechnik-auf-Papier-rueckseitigsigniert-64x50cm-1-1567x2048.jpg 1567w, https:\/\/www.galeriehannabekkervomrath.de\/wp-content\/uploads\/o.T.AusDerSerie-Sogni-Doro-2023-Mischtechnik-auf-Papier-rueckseitigsigniert-64x50cm-1-9x12.jpg 9w, https:\/\/www.galeriehannabekkervomrath.de\/wp-content\/uploads\/o.T.AusDerSerie-Sogni-Doro-2023-Mischtechnik-auf-Papier-rueckseitigsigniert-64x50cm-1-1320x1725.jpg 1320w, https:\/\/www.galeriehannabekkervomrath.de\/wp-content\/uploads\/o.T.AusDerSerie-Sogni-Doro-2023-Mischtechnik-auf-Papier-rueckseitigsigniert-64x50cm-1-scaled.jpg 1200w\" sizes=\"auto, (max-width: 842px) 100vw, 842px\"  data-dt-location=\"https:\/\/www.galeriehannabekkervomrath.de\/en\/doro-koidl\/o-t-ausderserie-sogni-doro-2023-mischtechnik-auf-papier-rueckseitigsigniert-64x50cm-2\/\" \/><\/a>\n\t\t<\/figure>\n\t<\/div>\n<\/div><div class=\"ult-item-wrap\" data-animation=\"animated no-animation\">\n\t<div  class=\"wpb_single_image wpb_content_element vc_align_left\">\n\t\t\n\t\t<figure class=\"wpb_wrapper vc_figure\">\n\t\t\t<a href=\"https:\/\/www.galeriehannabekkervomrath.de\/wp-content\/uploads\/image0-3.jpeg\" target=\"_self\" data-large_image_width=\"1080\" data-large_image_height=\"1348\"  class=\"vc_single_image-wrapper   vc_box_border_grey dt-pswp-item rollover rollover-zoom\"   ><img loading=\"lazy\" decoding=\"async\" width=\"881\" height=\"1100\" src=\"https:\/\/www.galeriehannabekkervomrath.de\/wp-content\/uploads\/image0-3-881x1100.jpeg\" class=\"vc_single_image-img attachment-large\" alt=\"\" title=\"image0\" srcset=\"https:\/\/www.galeriehannabekkervomrath.de\/wp-content\/uploads\/image0-3-881x1100.jpeg 881w, https:\/\/www.galeriehannabekkervomrath.de\/wp-content\/uploads\/image0-3-320x400.jpeg 320w, https:\/\/www.galeriehannabekkervomrath.de\/wp-content\/uploads\/image0-3-120x150.jpeg 120w, https:\/\/www.galeriehannabekkervomrath.de\/wp-content\/uploads\/image0-3-768x959.jpeg 768w, https:\/\/www.galeriehannabekkervomrath.de\/wp-content\/uploads\/image0-3-10x12.jpeg 10w, https:\/\/www.galeriehannabekkervomrath.de\/wp-content\/uploads\/image0-3.jpeg 1080w\" sizes=\"auto, (max-width: 881px) 100vw, 881px\"  data-dt-location=\"https:\/\/www.galeriehannabekkervomrath.de\/en\/doro-koidl\/image0-4\/\" \/><\/a>\n\t\t<\/figure>\n\t<\/div>\n<\/div><\/div><\/div>\t\t\t<script type=\"text\/javascript\">\n\t\t\t\tjQuery(document).ready(function ($) {\n\t\t\t\t\tif( typeof jQuery('.ult-carousel-67589358169f54e0709b36').slick == \"function\"){\n\t\t\t\t\t\t$('.ult-carousel-67589358169f54e0709b36').slick({dots: true,autoplay: true,autoplaySpeed: \"5000\",speed: \"500\",infinite: true,arrows: true,nextArrow: '<button type=\"button\" role=\"button\" aria-label=\"Next\" style=\"color:#333333; font-size:20px;\" class=\"slick-next default\"><i class=\"ultsl-arrow-right4\"><\/i><\/button>',prevArrow: '<button type=\"button\" role=\"button\" aria-label=\"Previous\" style=\"color:#333333; font-size:20px;\" class=\"slick-prev default\"><i class=\"ultsl-arrow-left4\"><\/i><\/button>',slidesToScroll:1,slidesToShow:1,swipe: true,draggable: true,touchMove: true,pauseOnHover: true,pauseOnFocus: false,responsive: [\n\t\t\t\t\t\t\t{\n\t\t\t\t\t\t\t  breakpoint: 1026,\n\t\t\t\t\t\t\t  settings: {\n\t\t\t\t\t\t\t\tslidesToShow: 1,\n\t\t\t\t\t\t\t\tslidesToScroll: 1,  \n\t\t\t\t\t\t\t  }\n\t\t\t\t\t\t\t},\n\t\t\t\t\t\t\t{\n\t\t\t\t\t\t\t  breakpoint: 1025,\n\t\t\t\t\t\t\t  settings: {\n\t\t\t\t\t\t\t\tslidesToShow: 1,\n\t\t\t\t\t\t\t\tslidesToScroll: 1\n\t\t\t\t\t\t\t  }\n\t\t\t\t\t\t\t},\n\t\t\t\t\t\t\t{\n\t\t\t\t\t\t\t  breakpoint: 760,\n\t\t\t\t\t\t\t  settings: {\n\t\t\t\t\t\t\t\tslidesToShow: 1,\n\t\t\t\t\t\t\t\tslidesToScroll: 1\n\t\t\t\t\t\t\t  }\n\t\t\t\t\t\t\t}\n\t\t\t\t\t\t],pauseOnDotsHover: true,customPaging: function(slider, i) {\n                   return '<i type=\"button\" style= \"color:#333333;\" class=\"ultsl-record\" data-role=\"none\"><\/i>';\n                },});\n\t\t\t\t\t}\n\t\t\t\t});\n\t\t\t<\/script>\n\t\t\t\n\t<div class=\"wpb_text_column wpb_content_element \" >\n\t\t<div class=\"wpb_wrapper\">\n\t\t\t<p><em>o.T. (aus der Serie &#8222;Sogni Doro&#8220;), 2023, Mischtechnik auf Papier, 64 x 50 cm<\/em><\/p>\n\n\t\t<\/div>\n\t<\/div>\n<\/div><\/div><\/div><div class=\"wpb_column vc_column_container vc_col-sm-6\"><div class=\"vc_column-inner\"><div class=\"wpb_wrapper\"><div id=\"ult-carousel-316986061969f54e070a7b3\" class=\"ult-carousel-wrapper   ult_horizontal\" data-gutter=\"15\" data-rtl=\"false\" ><div class=\"ult-carousel-254822893869f54e070a792 \" ><div class=\"ult-item-wrap\" data-animation=\"animated no-animation\">\n\t<div  class=\"wpb_single_image wpb_content_element vc_align_left\">\n\t\t\n\t\t<figure class=\"wpb_wrapper vc_figure\">\n\t\t\t<a href=\"https:\/\/www.galeriehannabekkervomrath.de\/wp-content\/uploads\/o.T.AusDerSerie-Sogni-Doro-2023-Mischtechnik-auf-Papier-rueckseitigsigniert-64x50cm_3-scaled.jpg\" target=\"_self\" data-large_image_width=\"1200\" data-large_image_height=\"1547\"  class=\"vc_single_image-wrapper   vc_box_border_grey dt-pswp-item rollover rollover-zoom\"   ><img loading=\"lazy\" decoding=\"async\" width=\"854\" height=\"1100\" src=\"https:\/\/www.galeriehannabekkervomrath.de\/wp-content\/uploads\/o.T.AusDerSerie-Sogni-Doro-2023-Mischtechnik-auf-Papier-rueckseitigsigniert-64x50cm_3-854x1100.jpg\" class=\"vc_single_image-img attachment-large\" alt=\"\" title=\"o.T.AusDerSerie-Sogni-Doro-2023-Mischtechnik-auf-Papier-r\u00fcckseitigsigniert-64x50cm_3\" srcset=\"https:\/\/www.galeriehannabekkervomrath.de\/wp-content\/uploads\/o.T.AusDerSerie-Sogni-Doro-2023-Mischtechnik-auf-Papier-rueckseitigsigniert-64x50cm_3-854x1100.jpg 854w, https:\/\/www.galeriehannabekkervomrath.de\/wp-content\/uploads\/o.T.AusDerSerie-Sogni-Doro-2023-Mischtechnik-auf-Papier-rueckseitigsigniert-64x50cm_3-310x400.jpg 310w, https:\/\/www.galeriehannabekkervomrath.de\/wp-content\/uploads\/o.T.AusDerSerie-Sogni-Doro-2023-Mischtechnik-auf-Papier-rueckseitigsigniert-64x50cm_3-116x150.jpg 116w, https:\/\/www.galeriehannabekkervomrath.de\/wp-content\/uploads\/o.T.AusDerSerie-Sogni-Doro-2023-Mischtechnik-auf-Papier-rueckseitigsigniert-64x50cm_3-768x990.jpg 768w, https:\/\/www.galeriehannabekkervomrath.de\/wp-content\/uploads\/o.T.AusDerSerie-Sogni-Doro-2023-Mischtechnik-auf-Papier-rueckseitigsigniert-64x50cm_3-1192x1536.jpg 1192w, https:\/\/www.galeriehannabekkervomrath.de\/wp-content\/uploads\/o.T.AusDerSerie-Sogni-Doro-2023-Mischtechnik-auf-Papier-rueckseitigsigniert-64x50cm_3-1589x2048.jpg 1589w, https:\/\/www.galeriehannabekkervomrath.de\/wp-content\/uploads\/o.T.AusDerSerie-Sogni-Doro-2023-Mischtechnik-auf-Papier-rueckseitigsigniert-64x50cm_3-9x12.jpg 9w, https:\/\/www.galeriehannabekkervomrath.de\/wp-content\/uploads\/o.T.AusDerSerie-Sogni-Doro-2023-Mischtechnik-auf-Papier-rueckseitigsigniert-64x50cm_3-1320x1701.jpg 1320w, https:\/\/www.galeriehannabekkervomrath.de\/wp-content\/uploads\/o.T.AusDerSerie-Sogni-Doro-2023-Mischtechnik-auf-Papier-rueckseitigsigniert-64x50cm_3-scaled.jpg 1200w\" sizes=\"auto, (max-width: 854px) 100vw, 854px\"  data-dt-location=\"https:\/\/www.galeriehannabekkervomrath.de\/en\/doro-koidl\/o-t-ausderserie-sogni-doro-2023-mischtechnik-auf-papier-rueckseitigsigniert-64x50cm_3\/\" \/><\/a>\n\t\t<\/figure>\n\t<\/div>\n<\/div><div class=\"ult-item-wrap\" data-animation=\"animated no-animation\">\n\t<div  class=\"wpb_single_image wpb_content_element vc_align_left\">\n\t\t\n\t\t<figure class=\"wpb_wrapper vc_figure\">\n\t\t\t<a href=\"https:\/\/www.galeriehannabekkervomrath.de\/wp-content\/uploads\/IMG_3907.jpg\" target=\"_self\" data-large_image_width=\"1080\" data-large_image_height=\"1350\"  class=\"vc_single_image-wrapper   vc_box_border_grey dt-pswp-item rollover rollover-zoom\"   ><img loading=\"lazy\" decoding=\"async\" width=\"880\" height=\"1100\" src=\"https:\/\/www.galeriehannabekkervomrath.de\/wp-content\/uploads\/IMG_3907-880x1100.jpg\" class=\"vc_single_image-img attachment-large\" alt=\"\" title=\"IMG_3907\" srcset=\"https:\/\/www.galeriehannabekkervomrath.de\/wp-content\/uploads\/IMG_3907-880x1100.jpg 880w, https:\/\/www.galeriehannabekkervomrath.de\/wp-content\/uploads\/IMG_3907-320x400.jpg 320w, https:\/\/www.galeriehannabekkervomrath.de\/wp-content\/uploads\/IMG_3907-120x150.jpg 120w, https:\/\/www.galeriehannabekkervomrath.de\/wp-content\/uploads\/IMG_3907-768x960.jpg 768w, https:\/\/www.galeriehannabekkervomrath.de\/wp-content\/uploads\/IMG_3907-10x12.jpg 10w, https:\/\/www.galeriehannabekkervomrath.de\/wp-content\/uploads\/IMG_3907.jpg 1080w\" sizes=\"auto, (max-width: 880px) 100vw, 880px\"  data-dt-location=\"https:\/\/www.galeriehannabekkervomrath.de\/en\/doro-koidl\/img_3907\/\" \/><\/a>\n\t\t<\/figure>\n\t<\/div>\n<\/div><\/div><\/div>\t\t\t<script type=\"text\/javascript\">\n\t\t\t\tjQuery(document).ready(function ($) {\n\t\t\t\t\tif( typeof jQuery('.ult-carousel-254822893869f54e070a792').slick == \"function\"){\n\t\t\t\t\t\t$('.ult-carousel-254822893869f54e070a792').slick({dots: true,autoplay: true,autoplaySpeed: \"5000\",speed: \"500\",infinite: true,arrows: true,nextArrow: '<button type=\"button\" role=\"button\" aria-label=\"Next\" style=\"color:#333333; font-size:20px;\" class=\"slick-next default\"><i class=\"ultsl-arrow-right4\"><\/i><\/button>',prevArrow: '<button type=\"button\" role=\"button\" aria-label=\"Previous\" style=\"color:#333333; font-size:20px;\" class=\"slick-prev default\"><i class=\"ultsl-arrow-left4\"><\/i><\/button>',slidesToScroll:1,slidesToShow:1,swipe: true,draggable: true,touchMove: true,pauseOnHover: true,pauseOnFocus: false,responsive: [\n\t\t\t\t\t\t\t{\n\t\t\t\t\t\t\t  breakpoint: 1026,\n\t\t\t\t\t\t\t  settings: {\n\t\t\t\t\t\t\t\tslidesToShow: 1,\n\t\t\t\t\t\t\t\tslidesToScroll: 1,  \n\t\t\t\t\t\t\t  }\n\t\t\t\t\t\t\t},\n\t\t\t\t\t\t\t{\n\t\t\t\t\t\t\t  breakpoint: 1025,\n\t\t\t\t\t\t\t  settings: {\n\t\t\t\t\t\t\t\tslidesToShow: 1,\n\t\t\t\t\t\t\t\tslidesToScroll: 1\n\t\t\t\t\t\t\t  }\n\t\t\t\t\t\t\t},\n\t\t\t\t\t\t\t{\n\t\t\t\t\t\t\t  breakpoint: 760,\n\t\t\t\t\t\t\t  settings: {\n\t\t\t\t\t\t\t\tslidesToShow: 1,\n\t\t\t\t\t\t\t\tslidesToScroll: 1\n\t\t\t\t\t\t\t  }\n\t\t\t\t\t\t\t}\n\t\t\t\t\t\t],pauseOnDotsHover: true,customPaging: function(slider, i) {\n                   return '<i type=\"button\" style= \"color:#333333;\" class=\"ultsl-record\" data-role=\"none\"><\/i>';\n                },});\n\t\t\t\t\t}\n\t\t\t\t});\n\t\t\t<\/script>\n\t\t\t\n\t<div class=\"wpb_text_column wpb_content_element \" >\n\t\t<div class=\"wpb_wrapper\">\n\t\t\t<p><em>o.T. (aus der Serie &#8222;Sogni Doro&#8220;), 2023, Mischtechnik auf Papier, 64 x 50 cm<\/em><\/p>\n\n\t\t<\/div>\n\t<\/div>\n<div id=\"ult-carousel-314559624969f54e070b2c4\" class=\"ult-carousel-wrapper   ult_horizontal\" data-gutter=\"15\" data-rtl=\"false\" ><div class=\"ult-carousel-352281145169f54e070b2a3 \" ><div class=\"ult-item-wrap\" data-animation=\"animated no-animation\">\n\t<div  class=\"wpb_single_image wpb_content_element vc_align_left\">\n\t\t\n\t\t<figure class=\"wpb_wrapper vc_figure\">\n\t\t\t<a href=\"https:\/\/www.galeriehannabekkervomrath.de\/wp-content\/uploads\/IMG_3908.jpg\" target=\"_self\" data-large_image_width=\"1080\" data-large_image_height=\"1355\"  class=\"vc_single_image-wrapper   vc_box_border_grey dt-pswp-item rollover rollover-zoom\"   ><img loading=\"lazy\" decoding=\"async\" width=\"877\" height=\"1100\" src=\"https:\/\/www.galeriehannabekkervomrath.de\/wp-content\/uploads\/IMG_3908-877x1100.jpg\" class=\"vc_single_image-img attachment-large\" alt=\"\" title=\"IMG_3908\" srcset=\"https:\/\/www.galeriehannabekkervomrath.de\/wp-content\/uploads\/IMG_3908-877x1100.jpg 877w, https:\/\/www.galeriehannabekkervomrath.de\/wp-content\/uploads\/IMG_3908-319x400.jpg 319w, https:\/\/www.galeriehannabekkervomrath.de\/wp-content\/uploads\/IMG_3908-120x150.jpg 120w, https:\/\/www.galeriehannabekkervomrath.de\/wp-content\/uploads\/IMG_3908-768x964.jpg 768w, https:\/\/www.galeriehannabekkervomrath.de\/wp-content\/uploads\/IMG_3908-10x12.jpg 10w, https:\/\/www.galeriehannabekkervomrath.de\/wp-content\/uploads\/IMG_3908.jpg 1080w\" sizes=\"auto, (max-width: 877px) 100vw, 877px\"  data-dt-location=\"https:\/\/www.galeriehannabekkervomrath.de\/en\/doro-koidl\/img_3908\/\" \/><\/a>\n\t\t<\/figure>\n\t<\/div>\n<\/div><div class=\"ult-item-wrap\" data-animation=\"animated no-animation\">\n\t<div  class=\"wpb_single_image wpb_content_element vc_align_left\">\n\t\t\n\t\t<figure class=\"wpb_wrapper vc_figure\">\n\t\t\t<a href=\"https:\/\/www.galeriehannabekkervomrath.de\/wp-content\/uploads\/o.T.AusDerSerie-Sogni-Doro-2023-Mischtechnik-auf-Papier-rueckseitigsigniert-64x50cm-scaled.jpg\" target=\"_self\" data-large_image_width=\"1200\" data-large_image_height=\"1575\"  class=\"vc_single_image-wrapper   vc_box_border_grey dt-pswp-item rollover rollover-zoom\"   ><img loading=\"lazy\" decoding=\"async\" width=\"839\" height=\"1100\" src=\"https:\/\/www.galeriehannabekkervomrath.de\/wp-content\/uploads\/o.T.AusDerSerie-Sogni-Doro-2023-Mischtechnik-auf-Papier-rueckseitigsigniert-64x50cm-839x1100.jpg\" class=\"vc_single_image-img attachment-large\" alt=\"\" title=\"o.T.AusDerSerie-Sogni-Doro-2023-Mischtechnik-auf-Papier-r\u00fcckseitigsigniert-64x50cm\" srcset=\"https:\/\/www.galeriehannabekkervomrath.de\/wp-content\/uploads\/o.T.AusDerSerie-Sogni-Doro-2023-Mischtechnik-auf-Papier-rueckseitigsigniert-64x50cm-839x1100.jpg 839w, https:\/\/www.galeriehannabekkervomrath.de\/wp-content\/uploads\/o.T.AusDerSerie-Sogni-Doro-2023-Mischtechnik-auf-Papier-rueckseitigsigniert-64x50cm-305x400.jpg 305w, https:\/\/www.galeriehannabekkervomrath.de\/wp-content\/uploads\/o.T.AusDerSerie-Sogni-Doro-2023-Mischtechnik-auf-Papier-rueckseitigsigniert-64x50cm-114x150.jpg 114w, https:\/\/www.galeriehannabekkervomrath.de\/wp-content\/uploads\/o.T.AusDerSerie-Sogni-Doro-2023-Mischtechnik-auf-Papier-rueckseitigsigniert-64x50cm-768x1007.jpg 768w, https:\/\/www.galeriehannabekkervomrath.de\/wp-content\/uploads\/o.T.AusDerSerie-Sogni-Doro-2023-Mischtechnik-auf-Papier-rueckseitigsigniert-64x50cm-1171x1536.jpg 1171w, https:\/\/www.galeriehannabekkervomrath.de\/wp-content\/uploads\/o.T.AusDerSerie-Sogni-Doro-2023-Mischtechnik-auf-Papier-rueckseitigsigniert-64x50cm-1561x2048.jpg 1561w, https:\/\/www.galeriehannabekkervomrath.de\/wp-content\/uploads\/o.T.AusDerSerie-Sogni-Doro-2023-Mischtechnik-auf-Papier-rueckseitigsigniert-64x50cm-9x12.jpg 9w, https:\/\/www.galeriehannabekkervomrath.de\/wp-content\/uploads\/o.T.AusDerSerie-Sogni-Doro-2023-Mischtechnik-auf-Papier-rueckseitigsigniert-64x50cm-1320x1732.jpg 1320w, https:\/\/www.galeriehannabekkervomrath.de\/wp-content\/uploads\/o.T.AusDerSerie-Sogni-Doro-2023-Mischtechnik-auf-Papier-rueckseitigsigniert-64x50cm-scaled.jpg 1200w\" sizes=\"auto, (max-width: 839px) 100vw, 839px\"  data-dt-location=\"https:\/\/www.galeriehannabekkervomrath.de\/en\/doro-koidl\/o-t-ausderserie-sogni-doro-2023-mischtechnik-auf-papier-rueckseitigsigniert-64x50cm\/\" \/><\/a>\n\t\t<\/figure>\n\t<\/div>\n<\/div><\/div><\/div>\t\t\t<script type=\"text\/javascript\">\n\t\t\t\tjQuery(document).ready(function ($) {\n\t\t\t\t\tif( typeof jQuery('.ult-carousel-352281145169f54e070b2a3').slick == \"function\"){\n\t\t\t\t\t\t$('.ult-carousel-352281145169f54e070b2a3').slick({dots: true,autoplay: true,autoplaySpeed: \"5000\",speed: \"500\",infinite: true,arrows: true,nextArrow: '<button type=\"button\" role=\"button\" aria-label=\"Next\" style=\"color:#333333; font-size:20px;\" class=\"slick-next default\"><i class=\"ultsl-arrow-right4\"><\/i><\/button>',prevArrow: '<button type=\"button\" role=\"button\" aria-label=\"Previous\" style=\"color:#333333; font-size:20px;\" class=\"slick-prev default\"><i class=\"ultsl-arrow-left4\"><\/i><\/button>',slidesToScroll:1,slidesToShow:1,swipe: true,draggable: true,touchMove: true,pauseOnHover: true,pauseOnFocus: false,responsive: [\n\t\t\t\t\t\t\t{\n\t\t\t\t\t\t\t  breakpoint: 1026,\n\t\t\t\t\t\t\t  settings: {\n\t\t\t\t\t\t\t\tslidesToShow: 1,\n\t\t\t\t\t\t\t\tslidesToScroll: 1,  \n\t\t\t\t\t\t\t  }\n\t\t\t\t\t\t\t},\n\t\t\t\t\t\t\t{\n\t\t\t\t\t\t\t  breakpoint: 1025,\n\t\t\t\t\t\t\t  settings: {\n\t\t\t\t\t\t\t\tslidesToShow: 1,\n\t\t\t\t\t\t\t\tslidesToScroll: 1\n\t\t\t\t\t\t\t  }\n\t\t\t\t\t\t\t},\n\t\t\t\t\t\t\t{\n\t\t\t\t\t\t\t  breakpoint: 760,\n\t\t\t\t\t\t\t  settings: {\n\t\t\t\t\t\t\t\tslidesToShow: 1,\n\t\t\t\t\t\t\t\tslidesToScroll: 1\n\t\t\t\t\t\t\t  }\n\t\t\t\t\t\t\t}\n\t\t\t\t\t\t],pauseOnDotsHover: true,customPaging: function(slider, i) {\n                   return '<i type=\"button\" style= \"color:#333333;\" class=\"ultsl-record\" data-role=\"none\"><\/i>';\n                },});\n\t\t\t\t\t}\n\t\t\t\t});\n\t\t\t<\/script>\n\t\t\t\n\t<div class=\"wpb_text_column wpb_content_element \" >\n\t\t<div class=\"wpb_wrapper\">\n\t\t\t<p><em>o.T. (aus der Serie &#8222;Sogni Doro&#8220;), 2023, Mischtechnik auf Papier, 64 x 50 cm<\/em><\/p>\n\n\t\t<\/div>\n\t<\/div>\n<\/div><\/div><\/div><\/div><div class=\"vc_row wpb_row vc_row-fluid dt-default\" style=\"margin-top: 0px;margin-bottom: 0px\"><div class=\"wpb_column vc_column_container vc_col-sm-6\"><div class=\"vc_column-inner\"><div class=\"wpb_wrapper\"><div id=\"ult-carousel-116310191269f54e070c118\" class=\"ult-carousel-wrapper   ult_horizontal\" data-gutter=\"15\" data-rtl=\"false\" ><div class=\"ult-carousel-297667145369f54e070c0f6 \" ><div class=\"ult-item-wrap\" data-animation=\"animated no-animation\">\n\t<div  class=\"wpb_single_image wpb_content_element vc_align_left\">\n\t\t\n\t\t<figure class=\"wpb_wrapper vc_figure\">\n\t\t\t<a href=\"https:\/\/www.galeriehannabekkervomrath.de\/wp-content\/uploads\/o.T.AusDerSerie-Sogni-Doro-2023-Mischtechnik-auf-Papier-rueckseitigsigniert-6-scaled.jpg\" target=\"_self\" data-large_image_width=\"1200\" data-large_image_height=\"1617\"  class=\"vc_single_image-wrapper   vc_box_border_grey dt-pswp-item rollover rollover-zoom\"   ><img loading=\"lazy\" decoding=\"async\" width=\"816\" height=\"1100\" src=\"https:\/\/www.galeriehannabekkervomrath.de\/wp-content\/uploads\/o.T.AusDerSerie-Sogni-Doro-2023-Mischtechnik-auf-Papier-rueckseitigsigniert-6-816x1100.jpg\" class=\"vc_single_image-img attachment-large\" alt=\"\" title=\"o.T.AusDerSerie-Sogni-Doro-2023-Mischtechnik-auf-Papier-r\u00fcckseitigsigniert (6)\" srcset=\"https:\/\/www.galeriehannabekkervomrath.de\/wp-content\/uploads\/o.T.AusDerSerie-Sogni-Doro-2023-Mischtechnik-auf-Papier-rueckseitigsigniert-6-816x1100.jpg 816w, https:\/\/www.galeriehannabekkervomrath.de\/wp-content\/uploads\/o.T.AusDerSerie-Sogni-Doro-2023-Mischtechnik-auf-Papier-rueckseitigsigniert-6-297x400.jpg 297w, https:\/\/www.galeriehannabekkervomrath.de\/wp-content\/uploads\/o.T.AusDerSerie-Sogni-Doro-2023-Mischtechnik-auf-Papier-rueckseitigsigniert-6-111x150.jpg 111w, https:\/\/www.galeriehannabekkervomrath.de\/wp-content\/uploads\/o.T.AusDerSerie-Sogni-Doro-2023-Mischtechnik-auf-Papier-rueckseitigsigniert-6-768x1035.jpg 768w, https:\/\/www.galeriehannabekkervomrath.de\/wp-content\/uploads\/o.T.AusDerSerie-Sogni-Doro-2023-Mischtechnik-auf-Papier-rueckseitigsigniert-6-1140x1536.jpg 1140w, https:\/\/www.galeriehannabekkervomrath.de\/wp-content\/uploads\/o.T.AusDerSerie-Sogni-Doro-2023-Mischtechnik-auf-Papier-rueckseitigsigniert-6-1520x2048.jpg 1520w, https:\/\/www.galeriehannabekkervomrath.de\/wp-content\/uploads\/o.T.AusDerSerie-Sogni-Doro-2023-Mischtechnik-auf-Papier-rueckseitigsigniert-6-9x12.jpg 9w, https:\/\/www.galeriehannabekkervomrath.de\/wp-content\/uploads\/o.T.AusDerSerie-Sogni-Doro-2023-Mischtechnik-auf-Papier-rueckseitigsigniert-6-1320x1778.jpg 1320w, https:\/\/www.galeriehannabekkervomrath.de\/wp-content\/uploads\/o.T.AusDerSerie-Sogni-Doro-2023-Mischtechnik-auf-Papier-rueckseitigsigniert-6-scaled.jpg 1200w\" sizes=\"auto, (max-width: 816px) 100vw, 816px\"  data-dt-location=\"https:\/\/www.galeriehannabekkervomrath.de\/en\/doro-koidl\/o-t-ausderserie-sogni-doro-2023-mischtechnik-auf-papier-rueckseitigsigniert-6\/\" \/><\/a>\n\t\t<\/figure>\n\t<\/div>\n<\/div><div class=\"ult-item-wrap\" data-animation=\"animated no-animation\">\n\t<div  class=\"wpb_single_image wpb_content_element vc_align_left\">\n\t\t\n\t\t<figure class=\"wpb_wrapper vc_figure\">\n\t\t\t<a href=\"https:\/\/www.galeriehannabekkervomrath.de\/wp-content\/uploads\/IMG_3912.jpg\" target=\"_self\" data-large_image_width=\"1080\" data-large_image_height=\"1352\"  class=\"vc_single_image-wrapper   vc_box_border_grey dt-pswp-item rollover rollover-zoom\"   ><img loading=\"lazy\" decoding=\"async\" width=\"879\" height=\"1100\" src=\"https:\/\/www.galeriehannabekkervomrath.de\/wp-content\/uploads\/IMG_3912-879x1100.jpg\" class=\"vc_single_image-img attachment-large\" alt=\"\" title=\"IMG_3912\" srcset=\"https:\/\/www.galeriehannabekkervomrath.de\/wp-content\/uploads\/IMG_3912-879x1100.jpg 879w, https:\/\/www.galeriehannabekkervomrath.de\/wp-content\/uploads\/IMG_3912-320x400.jpg 320w, https:\/\/www.galeriehannabekkervomrath.de\/wp-content\/uploads\/IMG_3912-120x150.jpg 120w, https:\/\/www.galeriehannabekkervomrath.de\/wp-content\/uploads\/IMG_3912-768x961.jpg 768w, https:\/\/www.galeriehannabekkervomrath.de\/wp-content\/uploads\/IMG_3912-10x12.jpg 10w, https:\/\/www.galeriehannabekkervomrath.de\/wp-content\/uploads\/IMG_3912.jpg 1080w\" sizes=\"auto, (max-width: 879px) 100vw, 879px\"  data-dt-location=\"https:\/\/www.galeriehannabekkervomrath.de\/en\/doro-koidl\/img_3912\/\" \/><\/a>\n\t\t<\/figure>\n\t<\/div>\n<\/div><\/div><\/div>\t\t\t<script type=\"text\/javascript\">\n\t\t\t\tjQuery(document).ready(function ($) {\n\t\t\t\t\tif( typeof jQuery('.ult-carousel-297667145369f54e070c0f6').slick == \"function\"){\n\t\t\t\t\t\t$('.ult-carousel-297667145369f54e070c0f6').slick({dots: true,autoplay: true,autoplaySpeed: \"5000\",speed: \"500\",infinite: true,arrows: true,nextArrow: '<button type=\"button\" role=\"button\" aria-label=\"Next\" style=\"color:#333333; font-size:20px;\" class=\"slick-next default\"><i class=\"ultsl-arrow-right4\"><\/i><\/button>',prevArrow: '<button type=\"button\" role=\"button\" aria-label=\"Previous\" style=\"color:#333333; font-size:20px;\" class=\"slick-prev default\"><i class=\"ultsl-arrow-left4\"><\/i><\/button>',slidesToScroll:1,slidesToShow:1,swipe: true,draggable: true,touchMove: true,pauseOnHover: true,pauseOnFocus: false,responsive: [\n\t\t\t\t\t\t\t{\n\t\t\t\t\t\t\t  breakpoint: 1026,\n\t\t\t\t\t\t\t  settings: {\n\t\t\t\t\t\t\t\tslidesToShow: 1,\n\t\t\t\t\t\t\t\tslidesToScroll: 1,  \n\t\t\t\t\t\t\t  }\n\t\t\t\t\t\t\t},\n\t\t\t\t\t\t\t{\n\t\t\t\t\t\t\t  breakpoint: 1025,\n\t\t\t\t\t\t\t  settings: {\n\t\t\t\t\t\t\t\tslidesToShow: 1,\n\t\t\t\t\t\t\t\tslidesToScroll: 1\n\t\t\t\t\t\t\t  }\n\t\t\t\t\t\t\t},\n\t\t\t\t\t\t\t{\n\t\t\t\t\t\t\t  breakpoint: 760,\n\t\t\t\t\t\t\t  settings: {\n\t\t\t\t\t\t\t\tslidesToShow: 1,\n\t\t\t\t\t\t\t\tslidesToScroll: 1\n\t\t\t\t\t\t\t  }\n\t\t\t\t\t\t\t}\n\t\t\t\t\t\t],pauseOnDotsHover: true,customPaging: function(slider, i) {\n                   return '<i type=\"button\" style= \"color:#333333;\" class=\"ultsl-record\" data-role=\"none\"><\/i>';\n                },});\n\t\t\t\t\t}\n\t\t\t\t});\n\t\t\t<\/script>\n\t\t\t\n\t<div class=\"wpb_text_column wpb_content_element \" >\n\t\t<div class=\"wpb_wrapper\">\n\t\t\t<p><em>o.T. (aus der Serie &#8222;Sogni Doro&#8220;), 2023, Mischtechnik auf Papier, 64 x 50 cm<\/em><\/p>\n\n\t\t<\/div>\n\t<\/div>\n<\/div><\/div><\/div><div class=\"wpb_column vc_column_container vc_col-sm-6\"><div class=\"vc_column-inner\"><div class=\"wpb_wrapper\"><div id=\"ult-carousel-253876888769f54e070cdfb\" class=\"ult-carousel-wrapper   ult_horizontal\" data-gutter=\"15\" data-rtl=\"false\" ><div class=\"ult-carousel-193592871169f54e070cdd9 \" ><div class=\"ult-item-wrap\" data-animation=\"animated no-animation\">\n\t<div  class=\"wpb_single_image wpb_content_element vc_align_left\">\n\t\t\n\t\t<figure class=\"wpb_wrapper vc_figure\">\n\t\t\t<a href=\"https:\/\/www.galeriehannabekkervomrath.de\/wp-content\/uploads\/IMG_3915.jpg\" target=\"_self\" data-large_image_width=\"1080\" data-large_image_height=\"1347\"  class=\"vc_single_image-wrapper   vc_box_border_grey dt-pswp-item rollover rollover-zoom\"   ><img loading=\"lazy\" decoding=\"async\" width=\"882\" height=\"1100\" src=\"https:\/\/www.galeriehannabekkervomrath.de\/wp-content\/uploads\/IMG_3915-882x1100.jpg\" class=\"vc_single_image-img attachment-large\" alt=\"\" title=\"IMG_3915\" srcset=\"https:\/\/www.galeriehannabekkervomrath.de\/wp-content\/uploads\/IMG_3915-882x1100.jpg 882w, https:\/\/www.galeriehannabekkervomrath.de\/wp-content\/uploads\/IMG_3915-321x400.jpg 321w, https:\/\/www.galeriehannabekkervomrath.de\/wp-content\/uploads\/IMG_3915-120x150.jpg 120w, https:\/\/www.galeriehannabekkervomrath.de\/wp-content\/uploads\/IMG_3915-768x958.jpg 768w, https:\/\/www.galeriehannabekkervomrath.de\/wp-content\/uploads\/IMG_3915-10x12.jpg 10w, https:\/\/www.galeriehannabekkervomrath.de\/wp-content\/uploads\/IMG_3915.jpg 1080w\" sizes=\"auto, (max-width: 882px) 100vw, 882px\"  data-dt-location=\"https:\/\/www.galeriehannabekkervomrath.de\/en\/doro-koidl\/img_3915\/\" \/><\/a>\n\t\t<\/figure>\n\t<\/div>\n<\/div><div class=\"ult-item-wrap\" data-animation=\"animated no-animation\">\n\t<div  class=\"wpb_single_image wpb_content_element vc_align_left\">\n\t\t\n\t\t<figure class=\"wpb_wrapper vc_figure\">\n\t\t\t<a href=\"https:\/\/www.galeriehannabekkervomrath.de\/wp-content\/uploads\/o.T.AusDerSerie-Sogni-Doro-2023-Mischtechnik-auf-Papier-rueckseitigsigniert-5-scaled.jpg\" target=\"_self\" data-large_image_width=\"1200\" data-large_image_height=\"1769\"  class=\"vc_single_image-wrapper   vc_box_border_grey dt-pswp-item rollover rollover-zoom\"   ><img loading=\"lazy\" decoding=\"async\" width=\"747\" height=\"1100\" src=\"https:\/\/www.galeriehannabekkervomrath.de\/wp-content\/uploads\/o.T.AusDerSerie-Sogni-Doro-2023-Mischtechnik-auf-Papier-rueckseitigsigniert-5-747x1100.jpg\" class=\"vc_single_image-img attachment-large\" alt=\"\" title=\"o.T.AusDerSerie-Sogni-Doro-2023-Mischtechnik-auf-Papier-r\u00fcckseitigsigniert (5)\" srcset=\"https:\/\/www.galeriehannabekkervomrath.de\/wp-content\/uploads\/o.T.AusDerSerie-Sogni-Doro-2023-Mischtechnik-auf-Papier-rueckseitigsigniert-5-747x1100.jpg 747w, https:\/\/www.galeriehannabekkervomrath.de\/wp-content\/uploads\/o.T.AusDerSerie-Sogni-Doro-2023-Mischtechnik-auf-Papier-rueckseitigsigniert-5-271x400.jpg 271w, https:\/\/www.galeriehannabekkervomrath.de\/wp-content\/uploads\/o.T.AusDerSerie-Sogni-Doro-2023-Mischtechnik-auf-Papier-rueckseitigsigniert-5-102x150.jpg 102w, https:\/\/www.galeriehannabekkervomrath.de\/wp-content\/uploads\/o.T.AusDerSerie-Sogni-Doro-2023-Mischtechnik-auf-Papier-rueckseitigsigniert-5-768x1132.jpg 768w, https:\/\/www.galeriehannabekkervomrath.de\/wp-content\/uploads\/o.T.AusDerSerie-Sogni-Doro-2023-Mischtechnik-auf-Papier-rueckseitigsigniert-5-1042x1536.jpg 1042w, https:\/\/www.galeriehannabekkervomrath.de\/wp-content\/uploads\/o.T.AusDerSerie-Sogni-Doro-2023-Mischtechnik-auf-Papier-rueckseitigsigniert-5-1390x2048.jpg 1390w, https:\/\/www.galeriehannabekkervomrath.de\/wp-content\/uploads\/o.T.AusDerSerie-Sogni-Doro-2023-Mischtechnik-auf-Papier-rueckseitigsigniert-5-8x12.jpg 8w, https:\/\/www.galeriehannabekkervomrath.de\/wp-content\/uploads\/o.T.AusDerSerie-Sogni-Doro-2023-Mischtechnik-auf-Papier-rueckseitigsigniert-5-1320x1945.jpg 1320w, https:\/\/www.galeriehannabekkervomrath.de\/wp-content\/uploads\/o.T.AusDerSerie-Sogni-Doro-2023-Mischtechnik-auf-Papier-rueckseitigsigniert-5-scaled.jpg 1200w\" sizes=\"auto, (max-width: 747px) 100vw, 747px\"  data-dt-location=\"https:\/\/www.galeriehannabekkervomrath.de\/en\/doro-koidl\/o-t-ausderserie-sogni-doro-2023-mischtechnik-auf-papier-rueckseitigsigniert-5\/\" \/><\/a>\n\t\t<\/figure>\n\t<\/div>\n<\/div><\/div><\/div>\t\t\t<script type=\"text\/javascript\">\n\t\t\t\tjQuery(document).ready(function ($) {\n\t\t\t\t\tif( typeof jQuery('.ult-carousel-193592871169f54e070cdd9').slick == \"function\"){\n\t\t\t\t\t\t$('.ult-carousel-193592871169f54e070cdd9').slick({dots: true,autoplay: true,autoplaySpeed: \"5000\",speed: \"500\",infinite: true,arrows: true,nextArrow: '<button type=\"button\" role=\"button\" aria-label=\"Next\" style=\"color:#333333; font-size:20px;\" class=\"slick-next default\"><i class=\"ultsl-arrow-right4\"><\/i><\/button>',prevArrow: '<button type=\"button\" role=\"button\" aria-label=\"Previous\" style=\"color:#333333; font-size:20px;\" class=\"slick-prev default\"><i class=\"ultsl-arrow-left4\"><\/i><\/button>',slidesToScroll:1,slidesToShow:1,swipe: true,draggable: true,touchMove: true,pauseOnHover: true,pauseOnFocus: false,responsive: [\n\t\t\t\t\t\t\t{\n\t\t\t\t\t\t\t  breakpoint: 1026,\n\t\t\t\t\t\t\t  settings: {\n\t\t\t\t\t\t\t\tslidesToShow: 1,\n\t\t\t\t\t\t\t\tslidesToScroll: 1,  \n\t\t\t\t\t\t\t  }\n\t\t\t\t\t\t\t},\n\t\t\t\t\t\t\t{\n\t\t\t\t\t\t\t  breakpoint: 1025,\n\t\t\t\t\t\t\t  settings: {\n\t\t\t\t\t\t\t\tslidesToShow: 1,\n\t\t\t\t\t\t\t\tslidesToScroll: 1\n\t\t\t\t\t\t\t  }\n\t\t\t\t\t\t\t},\n\t\t\t\t\t\t\t{\n\t\t\t\t\t\t\t  breakpoint: 760,\n\t\t\t\t\t\t\t  settings: {\n\t\t\t\t\t\t\t\tslidesToShow: 1,\n\t\t\t\t\t\t\t\tslidesToScroll: 1\n\t\t\t\t\t\t\t  }\n\t\t\t\t\t\t\t}\n\t\t\t\t\t\t],pauseOnDotsHover: true,customPaging: function(slider, i) {\n                   return '<i type=\"button\" style= \"color:#333333;\" class=\"ultsl-record\" data-role=\"none\"><\/i>';\n                },});\n\t\t\t\t\t}\n\t\t\t\t});\n\t\t\t<\/script>\n\t\t\t\n\t<div class=\"wpb_text_column wpb_content_element \" >\n\t\t<div class=\"wpb_wrapper\">\n\t\t\t<p><em>o.T. (aus der Serie &#8222;Sogni Doro&#8220;), 2023, Mischtechnik auf Papier, 64 x 50 cm<\/em><\/p>\n\n\t\t<\/div>\n\t<\/div>\n<\/div><\/div><\/div><\/div><div class=\"vc_row wpb_row vc_row-fluid dt-default\" style=\"margin-top: 0px;margin-bottom: 0px\"><div class=\"wpb_column vc_column_container vc_col-sm-12\"><div class=\"vc_column-inner\"><div class=\"wpb_wrapper\"><div class=\"vc_separator wpb_content_element vc_separator_align_center vc_sep_width_100 vc_sep_pos_align_center vc_separator_no_text vc_sep_color_grey wpb_content_element  wpb_content_element\" ><span class=\"vc_sep_holder vc_sep_holder_l\"><span class=\"vc_sep_line\"><\/span><\/span><span class=\"vc_sep_holder vc_sep_holder_r\"><span class=\"vc_sep_line\"><\/span><\/span>\n<\/div><\/div><\/div><\/div><\/div><div class=\"vc_row wpb_row vc_row-fluid dt-default\" style=\"margin-top: 0px;margin-bottom: 0px\"><div class=\"wpb_column vc_column_container vc_col-sm-12\"><div class=\"vc_column-inner\"><div class=\"wpb_wrapper\"><div class=\"vc_row wpb_row vc_inner vc_row-fluid\"><div class=\"wpb_column vc_column_container vc_col-sm-12\"><div class=\"vc_column-inner\"><div class=\"wpb_wrapper\">\n\t<div class=\"wpb_text_column wpb_content_element \" >\n\t\t<div class=\"wpb_wrapper\">\n\t\t\t<h2><em><strong>&#8222;FLOATING&#8220;<\/strong><\/em><\/h2>\n<div class=\"vc_tta-panel-body\">\n<div class=\"wpb_text_column wpb_content_element \">\n<div class=\"wpb_wrapper\">\n<p>19. November 2021 bis 8. Januar 2022<\/p>\n<p>Zur Ausstellung erschien ein<strong> <a href=\"https:\/\/www.galeriehannabekkervomrath.de\/wp-content\/uploads\/katalog_print_dorokoidl_floating_final_druck.pdf\">Katalog<\/a>.<\/strong><\/p>\n<\/div>\n<\/div>\n<\/div>\n\n\t\t<\/div>\n\t<\/div>\n\n\t<div  class=\"wpb_single_image wpb_content_element vc_align_left  wpb_animate_when_almost_visible wpb_fadeInUp fadeInUp\">\n\t\t\n\t\t<figure class=\"wpb_wrapper vc_figure\">\n\t\t\t<a href=\"https:\/\/www.galeriehannabekkervomrath.de\/wp-content\/uploads\/image7.jpeg\" target=\"_self\" data-large_image_width=\"1019\" data-large_image_height=\"503\"  class=\"vc_single_image-wrapper   vc_box_border_grey dt-pswp-item rollover rollover-zoom\"   ><img loading=\"lazy\" decoding=\"async\" width=\"1019\" height=\"503\" src=\"https:\/\/www.galeriehannabekkervomrath.de\/wp-content\/uploads\/image7.jpeg\" class=\"vc_single_image-img attachment-large\" alt=\"\" title=\"image7\" srcset=\"https:\/\/www.galeriehannabekkervomrath.de\/wp-content\/uploads\/image7.jpeg 1019w, https:\/\/www.galeriehannabekkervomrath.de\/wp-content\/uploads\/image7-400x197.jpeg 400w, https:\/\/www.galeriehannabekkervomrath.de\/wp-content\/uploads\/image7-200x99.jpeg 200w, https:\/\/www.galeriehannabekkervomrath.de\/wp-content\/uploads\/image7-768x379.jpeg 768w, https:\/\/www.galeriehannabekkervomrath.de\/wp-content\/uploads\/image7-18x9.jpeg 18w\" sizes=\"auto, (max-width: 1019px) 100vw, 1019px\"  data-dt-location=\"https:\/\/www.galeriehannabekkervomrath.de\/en\/doro-koidl\/image7\/\" \/><\/a>\n\t\t<\/figure>\n\t<\/div>\n\n\t<div class=\"wpb_text_column wpb_content_element \" >\n\t\t<div class=\"wpb_wrapper\">\n\t\t\t<p><em>o.T. (Nightflowers), 2020, Acryl auf Nessel, 100 x 200 cm<br \/>\n<\/em><\/p>\n\n\t\t<\/div>\n\t<\/div>\n<\/div><\/div><\/div><\/div><\/div><\/div><\/div><\/div><div class=\"vc_row wpb_row vc_row-fluid dt-default\" style=\"margin-top: 0px;margin-bottom: 0px\"><div class=\"wpb_column vc_column_container vc_col-sm-6\"><div class=\"vc_column-inner\"><div class=\"wpb_wrapper\"><div id=\"ult-carousel-46835924069f54e070ec47\" class=\"ult-carousel-wrapper   ult_horizontal\" data-gutter=\"15\" data-rtl=\"false\" ><div class=\"ult-carousel-371824163369f54e070ec24 \" ><div class=\"ult-item-wrap\" data-animation=\"animated no-animation\">\n\t<div  class=\"wpb_single_image wpb_content_element vc_align_left\">\n\t\t\n\t\t<figure class=\"wpb_wrapper vc_figure\">\n\t\t\t<a href=\"https:\/\/www.galeriehannabekkervomrath.de\/wp-content\/uploads\/image8.jpeg\" target=\"_self\" data-large_image_width=\"1193\" data-large_image_height=\"1346\"  class=\"vc_single_image-wrapper   vc_box_border_grey dt-pswp-item rollover rollover-zoom\"   ><img loading=\"lazy\" decoding=\"async\" width=\"975\" height=\"1100\" src=\"https:\/\/www.galeriehannabekkervomrath.de\/wp-content\/uploads\/image8-975x1100.jpeg\" class=\"vc_single_image-img attachment-large\" alt=\"\" title=\"image8\" srcset=\"https:\/\/www.galeriehannabekkervomrath.de\/wp-content\/uploads\/image8-975x1100.jpeg 975w, https:\/\/www.galeriehannabekkervomrath.de\/wp-content\/uploads\/image8-355x400.jpeg 355w, https:\/\/www.galeriehannabekkervomrath.de\/wp-content\/uploads\/image8-133x150.jpeg 133w, https:\/\/www.galeriehannabekkervomrath.de\/wp-content\/uploads\/image8-768x866.jpeg 768w, https:\/\/www.galeriehannabekkervomrath.de\/wp-content\/uploads\/image8-11x12.jpeg 11w, https:\/\/www.galeriehannabekkervomrath.de\/wp-content\/uploads\/image8.jpeg 1193w\" sizes=\"auto, (max-width: 975px) 100vw, 975px\"  data-dt-location=\"https:\/\/www.galeriehannabekkervomrath.de\/en\/doro-koidl\/image8\/\" \/><\/a>\n\t\t<\/figure>\n\t<\/div>\n<\/div><div class=\"ult-item-wrap\" data-animation=\"animated no-animation\">\n\t<div  class=\"wpb_single_image wpb_content_element vc_align_left\">\n\t\t\n\t\t<figure class=\"wpb_wrapper vc_figure\">\n\t\t\t<a href=\"https:\/\/www.galeriehannabekkervomrath.de\/wp-content\/uploads\/image4-1-scaled.jpeg\" target=\"_self\" data-large_image_width=\"1200\" data-large_image_height=\"1500\"  class=\"vc_single_image-wrapper   vc_box_border_grey dt-pswp-item rollover rollover-zoom\"   ><img loading=\"lazy\" decoding=\"async\" width=\"880\" height=\"1100\" src=\"https:\/\/www.galeriehannabekkervomrath.de\/wp-content\/uploads\/image4-1-880x1100.jpeg\" class=\"vc_single_image-img attachment-large\" alt=\"\" title=\"image4\" srcset=\"https:\/\/www.galeriehannabekkervomrath.de\/wp-content\/uploads\/image4-1-880x1100.jpeg 880w, https:\/\/www.galeriehannabekkervomrath.de\/wp-content\/uploads\/image4-1-320x400.jpeg 320w, https:\/\/www.galeriehannabekkervomrath.de\/wp-content\/uploads\/image4-1-120x150.jpeg 120w, https:\/\/www.galeriehannabekkervomrath.de\/wp-content\/uploads\/image4-1-768x960.jpeg 768w, https:\/\/www.galeriehannabekkervomrath.de\/wp-content\/uploads\/image4-1-1229x1536.jpeg 1229w, https:\/\/www.galeriehannabekkervomrath.de\/wp-content\/uploads\/image4-1-1638x2048.jpeg 1638w, https:\/\/www.galeriehannabekkervomrath.de\/wp-content\/uploads\/image4-1-10x12.jpeg 10w, https:\/\/www.galeriehannabekkervomrath.de\/wp-content\/uploads\/image4-1-1320x1650.jpeg 1320w, https:\/\/www.galeriehannabekkervomrath.de\/wp-content\/uploads\/image4-1-scaled.jpeg 1200w\" sizes=\"auto, (max-width: 880px) 100vw, 880px\"  data-dt-location=\"https:\/\/www.galeriehannabekkervomrath.de\/en\/doro-koidl\/image4-2\/\" \/><\/a>\n\t\t<\/figure>\n\t<\/div>\n<\/div><\/div><\/div>\t\t\t<script type=\"text\/javascript\">\n\t\t\t\tjQuery(document).ready(function ($) {\n\t\t\t\t\tif( typeof jQuery('.ult-carousel-371824163369f54e070ec24').slick == \"function\"){\n\t\t\t\t\t\t$('.ult-carousel-371824163369f54e070ec24').slick({dots: true,autoplay: true,autoplaySpeed: \"5000\",speed: \"500\",infinite: true,arrows: true,nextArrow: '<button type=\"button\" role=\"button\" aria-label=\"Next\" style=\"color:#333333; font-size:20px;\" class=\"slick-next default\"><i class=\"ultsl-arrow-right4\"><\/i><\/button>',prevArrow: '<button type=\"button\" role=\"button\" aria-label=\"Previous\" style=\"color:#333333; font-size:20px;\" class=\"slick-prev default\"><i class=\"ultsl-arrow-left4\"><\/i><\/button>',slidesToScroll:1,slidesToShow:1,swipe: true,draggable: true,touchMove: true,pauseOnHover: true,pauseOnFocus: false,responsive: [\n\t\t\t\t\t\t\t{\n\t\t\t\t\t\t\t  breakpoint: 1026,\n\t\t\t\t\t\t\t  settings: {\n\t\t\t\t\t\t\t\tslidesToShow: 1,\n\t\t\t\t\t\t\t\tslidesToScroll: 1,  \n\t\t\t\t\t\t\t  }\n\t\t\t\t\t\t\t},\n\t\t\t\t\t\t\t{\n\t\t\t\t\t\t\t  breakpoint: 1025,\n\t\t\t\t\t\t\t  settings: {\n\t\t\t\t\t\t\t\tslidesToShow: 1,\n\t\t\t\t\t\t\t\tslidesToScroll: 1\n\t\t\t\t\t\t\t  }\n\t\t\t\t\t\t\t},\n\t\t\t\t\t\t\t{\n\t\t\t\t\t\t\t  breakpoint: 760,\n\t\t\t\t\t\t\t  settings: {\n\t\t\t\t\t\t\t\tslidesToShow: 1,\n\t\t\t\t\t\t\t\tslidesToScroll: 1\n\t\t\t\t\t\t\t  }\n\t\t\t\t\t\t\t}\n\t\t\t\t\t\t],pauseOnDotsHover: true,customPaging: function(slider, i) {\n                   return '<i type=\"button\" style= \"color:#333333;\" class=\"ultsl-record\" data-role=\"none\"><\/i>';\n                },});\n\t\t\t\t\t}\n\t\t\t\t});\n\t\t\t<\/script>\n\t\t\t\n\t<div class=\"wpb_text_column wpb_content_element \" >\n\t\t<div class=\"wpb_wrapper\">\n\t\t\t<p><em>o.T. (The Eye), 2021, Acryl auf Nessel, 140 x 125 cm<br \/>\n<\/em><\/p>\n\n\t\t<\/div>\n\t<\/div>\n<\/div><\/div><\/div><div class=\"wpb_column vc_column_container vc_col-sm-6\"><div class=\"vc_column-inner\"><div class=\"wpb_wrapper\"><div id=\"ult-carousel-329798126669f54e070f887\" class=\"ult-carousel-wrapper   ult_horizontal\" data-gutter=\"15\" data-rtl=\"false\" ><div class=\"ult-carousel-39309233569f54e070f865 \" ><div class=\"ult-item-wrap\" data-animation=\"animated no-animation\">\n\t<div  class=\"wpb_single_image wpb_content_element vc_align_left\">\n\t\t\n\t\t<figure class=\"wpb_wrapper vc_figure\">\n\t\t\t<a href=\"https:\/\/www.galeriehannabekkervomrath.de\/wp-content\/uploads\/image6-1.jpeg\" target=\"_self\" data-large_image_width=\"1028\" data-large_image_height=\"1520\"  class=\"vc_single_image-wrapper   vc_box_border_grey dt-pswp-item rollover rollover-zoom\"   ><img loading=\"lazy\" decoding=\"async\" width=\"744\" height=\"1100\" src=\"https:\/\/www.galeriehannabekkervomrath.de\/wp-content\/uploads\/image6-1-744x1100.jpeg\" class=\"vc_single_image-img attachment-large\" alt=\"\" title=\"image6\" srcset=\"https:\/\/www.galeriehannabekkervomrath.de\/wp-content\/uploads\/image6-1-744x1100.jpeg 744w, https:\/\/www.galeriehannabekkervomrath.de\/wp-content\/uploads\/image6-1-271x400.jpeg 271w, https:\/\/www.galeriehannabekkervomrath.de\/wp-content\/uploads\/image6-1-101x150.jpeg 101w, https:\/\/www.galeriehannabekkervomrath.de\/wp-content\/uploads\/image6-1-768x1136.jpeg 768w, https:\/\/www.galeriehannabekkervomrath.de\/wp-content\/uploads\/image6-1-8x12.jpeg 8w, https:\/\/www.galeriehannabekkervomrath.de\/wp-content\/uploads\/image6-1.jpeg 1028w\" sizes=\"auto, (max-width: 744px) 100vw, 744px\"  data-dt-location=\"https:\/\/www.galeriehannabekkervomrath.de\/en\/doro-koidl\/image6-2\/\" \/><\/a>\n\t\t<\/figure>\n\t<\/div>\n<\/div><div class=\"ult-item-wrap\" data-animation=\"animated no-animation\">\n\t<div  class=\"wpb_single_image wpb_content_element vc_align_left\">\n\t\t\n\t\t<figure class=\"wpb_wrapper vc_figure\">\n\t\t\t<a href=\"https:\/\/www.galeriehannabekkervomrath.de\/wp-content\/uploads\/image2-2-scaled.jpeg\" target=\"_self\" data-large_image_width=\"1200\" data-large_image_height=\"1599\"  class=\"vc_single_image-wrapper   vc_box_border_grey dt-pswp-item rollover rollover-zoom\"   ><img loading=\"lazy\" decoding=\"async\" width=\"825\" height=\"1100\" src=\"https:\/\/www.galeriehannabekkervomrath.de\/wp-content\/uploads\/image2-2-825x1100.jpeg\" class=\"vc_single_image-img attachment-large\" alt=\"\" title=\"image2\" srcset=\"https:\/\/www.galeriehannabekkervomrath.de\/wp-content\/uploads\/image2-2-825x1100.jpeg 825w, https:\/\/www.galeriehannabekkervomrath.de\/wp-content\/uploads\/image2-2-300x400.jpeg 300w, https:\/\/www.galeriehannabekkervomrath.de\/wp-content\/uploads\/image2-2-113x150.jpeg 113w, https:\/\/www.galeriehannabekkervomrath.de\/wp-content\/uploads\/image2-2-768x1024.jpeg 768w, https:\/\/www.galeriehannabekkervomrath.de\/wp-content\/uploads\/image2-2-1152x1536.jpeg 1152w, https:\/\/www.galeriehannabekkervomrath.de\/wp-content\/uploads\/image2-2-1537x2048.jpeg 1537w, https:\/\/www.galeriehannabekkervomrath.de\/wp-content\/uploads\/image2-2-9x12.jpeg 9w, https:\/\/www.galeriehannabekkervomrath.de\/wp-content\/uploads\/image2-2-1320x1759.jpeg 1320w, https:\/\/www.galeriehannabekkervomrath.de\/wp-content\/uploads\/image2-2-scaled.jpeg 1200w\" sizes=\"auto, (max-width: 825px) 100vw, 825px\"  data-dt-location=\"https:\/\/www.galeriehannabekkervomrath.de\/en\/doro-koidl\/image2-3\/\" \/><\/a>\n\t\t<\/figure>\n\t<\/div>\n<\/div><\/div><\/div>\t\t\t<script type=\"text\/javascript\">\n\t\t\t\tjQuery(document).ready(function ($) {\n\t\t\t\t\tif( typeof jQuery('.ult-carousel-39309233569f54e070f865').slick == \"function\"){\n\t\t\t\t\t\t$('.ult-carousel-39309233569f54e070f865').slick({dots: true,autoplay: true,autoplaySpeed: \"5000\",speed: \"500\",infinite: true,arrows: true,nextArrow: '<button type=\"button\" role=\"button\" aria-label=\"Next\" style=\"color:#333333; font-size:20px;\" class=\"slick-next default\"><i class=\"ultsl-arrow-right4\"><\/i><\/button>',prevArrow: '<button type=\"button\" role=\"button\" aria-label=\"Previous\" style=\"color:#333333; font-size:20px;\" class=\"slick-prev default\"><i class=\"ultsl-arrow-left4\"><\/i><\/button>',slidesToScroll:1,slidesToShow:1,swipe: true,draggable: true,touchMove: true,pauseOnHover: true,pauseOnFocus: false,responsive: [\n\t\t\t\t\t\t\t{\n\t\t\t\t\t\t\t  breakpoint: 1026,\n\t\t\t\t\t\t\t  settings: {\n\t\t\t\t\t\t\t\tslidesToShow: 1,\n\t\t\t\t\t\t\t\tslidesToScroll: 1,  \n\t\t\t\t\t\t\t  }\n\t\t\t\t\t\t\t},\n\t\t\t\t\t\t\t{\n\t\t\t\t\t\t\t  breakpoint: 1025,\n\t\t\t\t\t\t\t  settings: {\n\t\t\t\t\t\t\t\tslidesToShow: 1,\n\t\t\t\t\t\t\t\tslidesToScroll: 1\n\t\t\t\t\t\t\t  }\n\t\t\t\t\t\t\t},\n\t\t\t\t\t\t\t{\n\t\t\t\t\t\t\t  breakpoint: 760,\n\t\t\t\t\t\t\t  settings: {\n\t\t\t\t\t\t\t\tslidesToShow: 1,\n\t\t\t\t\t\t\t\tslidesToScroll: 1\n\t\t\t\t\t\t\t  }\n\t\t\t\t\t\t\t}\n\t\t\t\t\t\t],pauseOnDotsHover: true,customPaging: function(slider, i) {\n                   return '<i type=\"button\" style= \"color:#333333;\" class=\"ultsl-record\" data-role=\"none\"><\/i>';\n                },});\n\t\t\t\t\t}\n\t\t\t\t});\n\t\t\t<\/script>\n\t\t\t\n\t<div class=\"wpb_text_column wpb_content_element \" >\n\t\t<div class=\"wpb_wrapper\">\n\t\t\t<p><em>o.T., 2021, Acryl auf Leinen, 140 x 90 cm<br \/>\n<\/em><\/p>\n\n\t\t<\/div>\n\t<\/div>\n<\/div><\/div><\/div><\/div>\n<\/div>","protected":false},"excerpt":{"rendered":"<p>DORO KOIDLWorksBiographyExhibition \"Floating \"WorksBiography Doro Koidl 1943 born in Much\/Rhein-Sieg 1982-87 studied at the Hochschule f\u00fcr Bildende K\u00fcnste \"St\u00e4delschule\" in Frankfurt am Main with Prof. Michael Croissant (sculpture), Prof. Karl Bohrmann (painting) and Prof. Johann Georg Geyger She lives and works in Italy and Frankfurt am Main. Exhibition \"Floating\" Doro Koidl Floating November 19, 2021 until...<\/p>","protected":false},"author":2,"featured_media":880,"comment_status":"closed","ping_status":"open","sticky":false,"template":"","format":"standard","meta":{"footnotes":""},"categories":[22],"tags":[],"class_list":["post-888","post","type-post","status-publish","format-standard","has-post-thumbnail","hentry","category-kuenstler","category-22","description-off"],"yoast_head":"<!-- This site is optimized with the Yoast SEO plugin v27.5 - https:\/\/yoast.com\/product\/yoast-seo-wordpress\/ -->\n<title>Doro Koidl - Galerie Hanna Bekker vom Rath<\/title>\n<meta name=\"description\" content=\"GALERIE HANNA BEKKER VOM RATH, Braubachstra\u00dfe 12, Frankfurt am Main. Die Galerie zeigt neben klassischer Moderne in der Tradition Hanna Bekker vom Raths auch immer wieder Werke aus interessanten Nachl\u00e4ssen von K\u00fcnstlern.\" \/>\n<meta name=\"robots\" content=\"index, follow, max-snippet:-1, max-image-preview:large, max-video-preview:-1\" \/>\n<link rel=\"canonical\" href=\"https:\/\/www.galeriehannabekkervomrath.de\/en\/doro-koidl\/\" \/>\n<meta property=\"og:locale\" content=\"en_US\" \/>\n<meta property=\"og:type\" content=\"article\" \/>\n<meta property=\"og:title\" content=\"Doro Koidl - Galerie Hanna Bekker vom Rath\" \/>\n<meta property=\"og:description\" content=\"GALERIE HANNA BEKKER VOM RATH, Braubachstra\u00dfe 12, Frankfurt am Main. Die Galerie zeigt neben klassischer Moderne in der Tradition Hanna Bekker vom Raths auch immer wieder Werke aus interessanten Nachl\u00e4ssen von K\u00fcnstlern.\" \/>\n<meta property=\"og:url\" content=\"https:\/\/www.galeriehannabekkervomrath.de\/en\/doro-koidl\/\" \/>\n<meta property=\"og:site_name\" content=\"Galerie Hanna Bekker vom Rath\" \/>\n<meta property=\"article:publisher\" content=\"https:\/\/www.facebook.com\/galeriehannabekkervomrath\/\" \/>\n<meta property=\"article:published_time\" content=\"2016-03-16T18:20:45+00:00\" \/>\n<meta property=\"article:modified_time\" content=\"2024-07-25T12:45:13+00:00\" \/>\n<meta property=\"og:image\" content=\"https:\/\/www.galeriehannabekkervomrath.de\/wp-content\/uploads\/Koidl_DoppioSenso_2015-771x1100.jpg\" \/>\n\t<meta property=\"og:image:width\" content=\"771\" \/>\n\t<meta property=\"og:image:height\" content=\"1100\" \/>\n\t<meta property=\"og:image:type\" content=\"image\/jpeg\" \/>\n<meta name=\"author\" content=\"Veit\" \/>\n<meta name=\"twitter:card\" content=\"summary_large_image\" \/>\n<meta name=\"twitter:label1\" content=\"Written by\" \/>\n\t<meta name=\"twitter:data1\" content=\"Veit\" \/>\n\t<meta name=\"twitter:label2\" content=\"Est. reading time\" \/>\n\t<meta name=\"twitter:data2\" content=\"7 minutes\" \/>\n<script type=\"application\/ld+json\" class=\"yoast-schema-graph\">{\"@context\":\"https:\\\/\\\/schema.org\",\"@graph\":[{\"@type\":\"WebPage\",\"@id\":\"https:\\\/\\\/www.galeriehannabekkervomrath.de\\\/doro-koidl\\\/\",\"url\":\"https:\\\/\\\/www.galeriehannabekkervomrath.de\\\/doro-koidl\\\/\",\"name\":\"Doro Koidl - Galerie Hanna Bekker vom Rath\",\"isPartOf\":{\"@id\":\"https:\\\/\\\/www.galeriehannabekkervomrath.de\\\/#website\"},\"primaryImageOfPage\":{\"@id\":\"https:\\\/\\\/www.galeriehannabekkervomrath.de\\\/doro-koidl\\\/#primaryimage\"},\"image\":{\"@id\":\"https:\\\/\\\/www.galeriehannabekkervomrath.de\\\/doro-koidl\\\/#primaryimage\"},\"thumbnailUrl\":\"https:\\\/\\\/www.galeriehannabekkervomrath.de\\\/wp-content\\\/uploads\\\/Koidl_DoppioSenso_2015.jpg\",\"datePublished\":\"2016-03-16T18:20:45+00:00\",\"dateModified\":\"2024-07-25T12:45:13+00:00\",\"description\":\"GALERIE HANNA BEKKER VOM RATH, Braubachstra\u00dfe 12, Frankfurt am Main. Die Galerie zeigt neben klassischer Moderne in der Tradition Hanna Bekker vom Raths auch immer wieder Werke aus interessanten Nachl\u00e4ssen von K\u00fcnstlern.\",\"breadcrumb\":{\"@id\":\"https:\\\/\\\/www.galeriehannabekkervomrath.de\\\/doro-koidl\\\/#breadcrumb\"},\"inLanguage\":\"en-US\",\"potentialAction\":[{\"@type\":\"ReadAction\",\"target\":[\"https:\\\/\\\/www.galeriehannabekkervomrath.de\\\/doro-koidl\\\/\"]}]},{\"@type\":\"ImageObject\",\"inLanguage\":\"en-US\",\"@id\":\"https:\\\/\\\/www.galeriehannabekkervomrath.de\\\/doro-koidl\\\/#primaryimage\",\"url\":\"https:\\\/\\\/www.galeriehannabekkervomrath.de\\\/wp-content\\\/uploads\\\/Koidl_DoppioSenso_2015.jpg\",\"contentUrl\":\"https:\\\/\\\/www.galeriehannabekkervomrath.de\\\/wp-content\\\/uploads\\\/Koidl_DoppioSenso_2015.jpg\",\"width\":2984,\"height\":4257,\"caption\":\"Voluptas, 2013-15, Acryl auf Leinwand, 140 x 100 cm\"},{\"@type\":\"BreadcrumbList\",\"@id\":\"https:\\\/\\\/www.galeriehannabekkervomrath.de\\\/doro-koidl\\\/#breadcrumb\",\"itemListElement\":[{\"@type\":\"ListItem\",\"position\":1,\"name\":\"Startseite\",\"item\":\"https:\\\/\\\/www.galeriehannabekkervomrath.de\\\/\"},{\"@type\":\"ListItem\",\"position\":2,\"name\":\"Doro Koidl\"}]},{\"@type\":\"WebSite\",\"@id\":\"https:\\\/\\\/www.galeriehannabekkervomrath.de\\\/#website\",\"url\":\"https:\\\/\\\/www.galeriehannabekkervomrath.de\\\/\",\"name\":\"Galerie Hanna Bekker vom Rath\",\"description\":\"Frankfurt am Main\",\"publisher\":{\"@id\":\"https:\\\/\\\/www.galeriehannabekkervomrath.de\\\/#organization\"},\"potentialAction\":[{\"@type\":\"SearchAction\",\"target\":{\"@type\":\"EntryPoint\",\"urlTemplate\":\"https:\\\/\\\/www.galeriehannabekkervomrath.de\\\/?s={search_term_string}\"},\"query-input\":{\"@type\":\"PropertyValueSpecification\",\"valueRequired\":true,\"valueName\":\"search_term_string\"}}],\"inLanguage\":\"en-US\"},{\"@type\":\"Organization\",\"@id\":\"https:\\\/\\\/www.galeriehannabekkervomrath.de\\\/#organization\",\"name\":\"Galerie Hanna Bekker vom Rath\",\"url\":\"https:\\\/\\\/www.galeriehannabekkervomrath.de\\\/\",\"logo\":{\"@type\":\"ImageObject\",\"inLanguage\":\"en-US\",\"@id\":\"https:\\\/\\\/www.galeriehannabekkervomrath.de\\\/#\\\/schema\\\/logo\\\/image\\\/\",\"url\":\"https:\\\/\\\/www.galeriehannabekkervomrath.de\\\/wp-content\\\/uploads\\\/ghbvr_icon.jpg\",\"contentUrl\":\"https:\\\/\\\/www.galeriehannabekkervomrath.de\\\/wp-content\\\/uploads\\\/ghbvr_icon.jpg\",\"width\":512,\"height\":512,\"caption\":\"Galerie Hanna Bekker vom Rath\"},\"image\":{\"@id\":\"https:\\\/\\\/www.galeriehannabekkervomrath.de\\\/#\\\/schema\\\/logo\\\/image\\\/\"},\"sameAs\":[\"https:\\\/\\\/www.facebook.com\\\/galeriehannabekkervomrath\\\/\",\"https:\\\/\\\/www.instagram.com\\\/galeriehbvr\\\/\"]}]}<\/script>\n<!-- \/ Yoast SEO plugin. -->","yoast_head_json":{"title":"Doro Koidl - Gallery Hanna Bekker vom Rath","description":"GALERIE HANNA BEKKER VOM RATH, Braubachstra\u00dfe 12, Frankfurt am Main. In addition to classic modern art in the tradition of Hanna Bekker vom Rath, the gallery also regularly shows works from interesting artists' estates.","robots":{"index":"index","follow":"follow","max-snippet":"max-snippet:-1","max-image-preview":"max-image-preview:large","max-video-preview":"max-video-preview:-1"},"canonical":"https:\/\/www.galeriehannabekkervomrath.de\/en\/doro-koidl\/","og_locale":"en_US","og_type":"article","og_title":"Doro Koidl - Galerie Hanna Bekker vom Rath","og_description":"GALERIE HANNA BEKKER VOM RATH, Braubachstra\u00dfe 12, Frankfurt am Main. Die Galerie zeigt neben klassischer Moderne in der Tradition Hanna Bekker vom Raths auch immer wieder Werke aus interessanten Nachl\u00e4ssen von K\u00fcnstlern.","og_url":"https:\/\/www.galeriehannabekkervomrath.de\/en\/doro-koidl\/","og_site_name":"Galerie Hanna Bekker vom Rath","article_publisher":"https:\/\/www.facebook.com\/galeriehannabekkervomrath\/","article_published_time":"2016-03-16T18:20:45+00:00","article_modified_time":"2024-07-25T12:45:13+00:00","og_image":[{"width":771,"height":1100,"url":"https:\/\/www.galeriehannabekkervomrath.de\/wp-content\/uploads\/Koidl_DoppioSenso_2015-771x1100.jpg","type":"image\/jpeg"}],"author":"Veit","twitter_card":"summary_large_image","twitter_misc":{"Written by":"Veit","Est. reading time":"7 minutes"},"schema":{"@context":"https:\/\/schema.org","@graph":[{"@type":"WebPage","@id":"https:\/\/www.galeriehannabekkervomrath.de\/doro-koidl\/","url":"https:\/\/www.galeriehannabekkervomrath.de\/doro-koidl\/","name":"Doro Koidl - Gallery Hanna Bekker vom Rath","isPartOf":{"@id":"https:\/\/www.galeriehannabekkervomrath.de\/#website"},"primaryImageOfPage":{"@id":"https:\/\/www.galeriehannabekkervomrath.de\/doro-koidl\/#primaryimage"},"image":{"@id":"https:\/\/www.galeriehannabekkervomrath.de\/doro-koidl\/#primaryimage"},"thumbnailUrl":"https:\/\/www.galeriehannabekkervomrath.de\/wp-content\/uploads\/Koidl_DoppioSenso_2015.jpg","datePublished":"2016-03-16T18:20:45+00:00","dateModified":"2024-07-25T12:45:13+00:00","description":"GALERIE HANNA BEKKER VOM RATH, Braubachstra\u00dfe 12, Frankfurt am Main. In addition to classic modern art in the tradition of Hanna Bekker vom Rath, the gallery also regularly shows works from interesting artists' estates.","breadcrumb":{"@id":"https:\/\/www.galeriehannabekkervomrath.de\/doro-koidl\/#breadcrumb"},"inLanguage":"en-US","potentialAction":[{"@type":"ReadAction","target":["https:\/\/www.galeriehannabekkervomrath.de\/doro-koidl\/"]}]},{"@type":"ImageObject","inLanguage":"en-US","@id":"https:\/\/www.galeriehannabekkervomrath.de\/doro-koidl\/#primaryimage","url":"https:\/\/www.galeriehannabekkervomrath.de\/wp-content\/uploads\/Koidl_DoppioSenso_2015.jpg","contentUrl":"https:\/\/www.galeriehannabekkervomrath.de\/wp-content\/uploads\/Koidl_DoppioSenso_2015.jpg","width":2984,"height":4257,"caption":"Voluptas, 2013-15, Acryl auf Leinwand, 140 x 100 cm"},{"@type":"BreadcrumbList","@id":"https:\/\/www.galeriehannabekkervomrath.de\/doro-koidl\/#breadcrumb","itemListElement":[{"@type":"ListItem","position":1,"name":"Startseite","item":"https:\/\/www.galeriehannabekkervomrath.de\/"},{"@type":"ListItem","position":2,"name":"Doro Koidl"}]},{"@type":"WebSite","@id":"https:\/\/www.galeriehannabekkervomrath.de\/#website","url":"https:\/\/www.galeriehannabekkervomrath.de\/","name":"Gallery Hanna Bekker vom Rath","description":"Frankfurt am Main","publisher":{"@id":"https:\/\/www.galeriehannabekkervomrath.de\/#organization"},"potentialAction":[{"@type":"SearchAction","target":{"@type":"EntryPoint","urlTemplate":"https:\/\/www.galeriehannabekkervomrath.de\/?s={search_term_string}"},"query-input":{"@type":"PropertyValueSpecification","valueRequired":true,"valueName":"search_term_string"}}],"inLanguage":"en-US"},{"@type":"Organization","@id":"https:\/\/www.galeriehannabekkervomrath.de\/#organization","name":"Gallery Hanna Bekker vom Rath","url":"https:\/\/www.galeriehannabekkervomrath.de\/","logo":{"@type":"ImageObject","inLanguage":"en-US","@id":"https:\/\/www.galeriehannabekkervomrath.de\/#\/schema\/logo\/image\/","url":"https:\/\/www.galeriehannabekkervomrath.de\/wp-content\/uploads\/ghbvr_icon.jpg","contentUrl":"https:\/\/www.galeriehannabekkervomrath.de\/wp-content\/uploads\/ghbvr_icon.jpg","width":512,"height":512,"caption":"Galerie Hanna Bekker vom Rath"},"image":{"@id":"https:\/\/www.galeriehannabekkervomrath.de\/#\/schema\/logo\/image\/"},"sameAs":["https:\/\/www.facebook.com\/galeriehannabekkervomrath\/","https:\/\/www.instagram.com\/galeriehbvr\/"]}]}},"_links":{"self":[{"href":"https:\/\/www.galeriehannabekkervomrath.de\/en\/wp-json\/wp\/v2\/posts\/888","targetHints":{"allow":["GET"]}}],"collection":[{"href":"https:\/\/www.galeriehannabekkervomrath.de\/en\/wp-json\/wp\/v2\/posts"}],"about":[{"href":"https:\/\/www.galeriehannabekkervomrath.de\/en\/wp-json\/wp\/v2\/types\/post"}],"author":[{"embeddable":true,"href":"https:\/\/www.galeriehannabekkervomrath.de\/en\/wp-json\/wp\/v2\/users\/2"}],"replies":[{"embeddable":true,"href":"https:\/\/www.galeriehannabekkervomrath.de\/en\/wp-json\/wp\/v2\/comments?post=888"}],"version-history":[{"count":13,"href":"https:\/\/www.galeriehannabekkervomrath.de\/en\/wp-json\/wp\/v2\/posts\/888\/revisions"}],"predecessor-version":[{"id":6479,"href":"https:\/\/www.galeriehannabekkervomrath.de\/en\/wp-json\/wp\/v2\/posts\/888\/revisions\/6479"}],"wp:featuredmedia":[{"embeddable":true,"href":"https:\/\/www.galeriehannabekkervomrath.de\/en\/wp-json\/wp\/v2\/media\/880"}],"wp:attachment":[{"href":"https:\/\/www.galeriehannabekkervomrath.de\/en\/wp-json\/wp\/v2\/media?parent=888"}],"wp:term":[{"taxonomy":"category","embeddable":true,"href":"https:\/\/www.galeriehannabekkervomrath.de\/en\/wp-json\/wp\/v2\/categories?post=888"},{"taxonomy":"post_tag","embeddable":true,"href":"https:\/\/www.galeriehannabekkervomrath.de\/en\/wp-json\/wp\/v2\/tags?post=888"}],"curies":[{"name":"wp","href":"https:\/\/api.w.org\/{rel}","templated":true}]}}